{"id":21715,"date":"2024-10-14T14:53:54","date_gmt":"2024-10-14T12:53:54","guid":{"rendered":"https:\/\/insideamateurfussball-ffm.de\/?p=21715"},"modified":"2024-10-14T14:53:54","modified_gmt":"2024-10-14T12:53:54","slug":"bosnien-erkaempft-sich-remis-in-neu-anspach","status":"publish","type":"post","link":"https:\/\/insideamateurfussball-ffm.de\/?p=21715","title":{"rendered":"Bosnien erk\u00e4mpft sich Remis in Neu-Anspach"},"content":{"rendered":"<h4>Beim Spitzenteam FC Neu-Anspach blieb der SV Bosnien\/Herzegowina zum dritten Mal in Folge ungeschlagen, in einem guten Gruppenliga-Spiel trennten sich beide Mannschaften am Ende mit 1:1.<\/h4>\n<figure id=\"attachment_21150\" aria-describedby=\"caption-attachment-21150\" style=\"width: 945px\" class=\"wp-caption alignnone\"><img loading=\"lazy\" decoding=\"async\" class=\"wp-image-21150 size-full\" src=\"http:\/\/insideamateurfussball-ffm.de\/wp-content\/uploads\/2024\/09\/bosn9.jpg\" alt=\"\" width=\"945\" height=\"666\" srcset=\"https:\/\/insideamateurfussball-ffm.de\/wp-content\/uploads\/2024\/09\/bosn9.jpg 945w, https:\/\/insideamateurfussball-ffm.de\/wp-content\/uploads\/2024\/09\/bosn9-300x211.jpg 300w, https:\/\/insideamateurfussball-ffm.de\/wp-content\/uploads\/2024\/09\/bosn9-768x541.jpg 768w\" sizes=\"auto, (max-width: 945px) 100vw, 945px\" \/><figcaption id=\"caption-attachment-21150\" class=\"wp-caption-text\">Bosniens Abwehr (hier ein Foto aus dem Spiel gegen Fechenheim) stand gut in Neu-Anspach. Foto: Archiv Mithat G\u00fcrser<\/figcaption><\/figure>\n<h4>FC Neu-Anspach &#8211; SV Bosnien\/Herzegowina 1:1 (0:1)<\/h4>\n<p><img loading=\"lazy\" decoding=\"async\" class=\"alignnone size-full wp-image-16512\" src=\"http:\/\/insideamateurfussball-ffm.de\/wp-content\/uploads\/2024\/01\/logo-neu-anspach.jpeg\" alt=\"\" width=\"80\" height=\"79\" \/><img loading=\"lazy\" decoding=\"async\" class=\"alignnone size-full wp-image-139\" src=\"http:\/\/insideamateurfussball-ffm.de\/wp-content\/uploads\/2022\/05\/Bosnien.jpg\" alt=\"\" width=\"79\" height=\"80\" \/><\/p>\n<p>Der SV Bosnien\/Herzegowina musste am Sonntag beim Tabellenvierten FC Neu-Anspach antreten, die bei einem Spiel weniger mit 4 Punkten Abstand zum Tabellenf\u00fchrer FC Kalbach durchaus noch ihre Chancen im Meisterschaftskampf sehen, am Ende entf\u00fchrten die Bosnier einen nicht unverdienten Punkt. In der ersten Halbzeit dominierten sogar die G\u00e4ste aus Frankfurt das Spiel und gingen bereits fr\u00fch in der 10.Minute mit 1:0 in F\u00fchrung, Elvedin Jasic war der Torsch\u00fctze f\u00fcr die Bosnier. Die knappe F\u00fchrung blieb trotz aller Bem\u00fchungen auf beiden Seiten bis zur Halbzeit bestehen.<\/p>\n<p>In der zweiten Halbzeit drehte sich das Bild und die Gastgeber aus Neu-Anspach \u00fcbernahmen die Spielkontrolle. In der 62.Minute war es der 18-j\u00e4hrige Frederic Anduleit, der f\u00fcr den SV Pars Neu-Isenburg in der Futsal-Bundesliga spielt, der den 1:1-Asugleich erzielen konnte, nach einem langen Ball \u00fcber die Abwehr der Bosnier konnte Anduleit ungehindert den Ball ins Tor schie\u00dfen. Bosniens Pressesprecher Admir Malohodzic meinte nach dem Spiel: \u201edas war ein Spiel zweier guter Mannschaften mit Chancen auf beiden Seiten, das Unentschieden ist am Ende gerecht.\u201c<\/p>\n<p>Am n\u00e4chsten Wochenende hoffen die Bosnier, ihre Ungeschlagen-Serie fortsetzen zu k\u00f6nnen, sie empfangen den Tabellensechsten FSV Friedrichsdorf.<\/p>\n<h4>Schiedsrichter: Paul Welke (Spartak Wetzlar). Zuschauer: 90.<\/h4>\n<h4>Tore: 0:1 Elvedin Jasic (10.), 1:1 Frederic Anduleit (62.)<\/h4>\n","protected":false},"excerpt":{"rendered":"<p>Beim Spitzenteam FC Neu-Anspach blieb der SV Bosnien\/Herzegowina zum dritten Mal in Folge ungeschlagen, in einem guten Gruppenliga-Spiel trennten sich beide Mannschaften am Ende mit 1:1. FC Neu-Anspach &#8211; SV Bosnien\/Herzegowina 1:1 (0:1) Der SV Bosnien\/Herzegowina musste am Sonntag beim Tabellenvierten FC Neu-Anspach antreten, die bei einem Spiel weniger mit 4 Punkten Abstand zum Tabellenf\u00fchrer [&hellip;]<\/p>\n","protected":false},"author":3,"featured_media":21150,"comment_status":"closed","ping_status":"open","sticky":true,"template":"","format":"standard","meta":{"footnotes":""},"categories":[13],"tags":[],"class_list":["post-21715","post","type-post","status-publish","format-standard","has-post-thumbnail","hentry","category-gruppenliga-frankfurt-west"],"_links":{"self":[{"href":"https:\/\/insideamateurfussball-ffm.de\/index.php?rest_route=\/wp\/v2\/posts\/21715","targetHints":{"allow":["GET"]}}],"collection":[{"href":"https:\/\/insideamateurfussball-ffm.de\/index.php?rest_route=\/wp\/v2\/posts"}],"about":[{"href":"https:\/\/insideamateurfussball-ffm.de\/index.php?rest_route=\/wp\/v2\/types\/post"}],"author":[{"embeddable":true,"href":"https:\/\/insideamateurfussball-ffm.de\/index.php?rest_route=\/wp\/v2\/users\/3"}],"replies":[{"embeddable":true,"href":"https:\/\/insideamateurfussball-ffm.de\/index.php?rest_route=%2Fwp%2Fv2%2Fcomments&post=21715"}],"version-history":[{"count":3,"href":"https:\/\/insideamateurfussball-ffm.de\/index.php?rest_route=\/wp\/v2\/posts\/21715\/revisions"}],"predecessor-version":[{"id":21718,"href":"https:\/\/insideamateurfussball-ffm.de\/index.php?rest_route=\/wp\/v2\/posts\/21715\/revisions\/21718"}],"wp:featuredmedia":[{"embeddable":true,"href":"https:\/\/insideamateurfussball-ffm.de\/index.php?rest_route=\/wp\/v2\/media\/21150"}],"wp:attachment":[{"href":"https:\/\/insideamateurfussball-ffm.de\/index.php?rest_route=%2Fwp%2Fv2%2Fmedia&parent=21715"}],"wp:term":[{"taxonomy":"category","embeddable":true,"href":"https:\/\/insideamateurfussball-ffm.de\/index.php?rest_route=%2Fwp%2Fv2%2Fcategories&post=21715"},{"taxonomy":"post_tag","embeddable":true,"href":"https:\/\/insideamateurfussball-ffm.de\/index.php?rest_route=%2Fwp%2Fv2%2Ftags&post=21715"}],"curies":[{"name":"wp","href":"https:\/\/api.w.org\/{rel}","templated":true}]}}