{"id":21665,"date":"2024-10-12T12:00:26","date_gmt":"2024-10-12T10:00:26","guid":{"rendered":"https:\/\/insideamateurfussball-ffm.de\/?p=21665"},"modified":"2024-10-12T12:00:26","modified_gmt":"2024-10-12T10:00:26","slug":"speuzer-verlieren-ungluecklich-im-kellerduell","status":"publish","type":"post","link":"https:\/\/insideamateurfussball-ffm.de\/?p=21665","title":{"rendered":"Speuzer verlieren ungl\u00fccklich im Kellerduell"},"content":{"rendered":"<h4>Die FFV Sportfreunde 04 mit ihrem neuen Trainer zeigten beim FV Bad Vilbel eine ansprechende Leistung, mussten sich im Kellerduell aber nach einem Standard-Gegentor mit 0:1 geschlagen geben.<\/h4>\n<figure id=\"attachment_21673\" aria-describedby=\"caption-attachment-21673\" style=\"width: 2016px\" class=\"wp-caption alignnone\"><img loading=\"lazy\" decoding=\"async\" class=\"wp-image-21673 size-full\" src=\"http:\/\/insideamateurfussball-ffm.de\/wp-content\/uploads\/2024\/10\/vilbelspeuzer07.jpg\" alt=\"\" width=\"2016\" height=\"1512\" srcset=\"https:\/\/insideamateurfussball-ffm.de\/wp-content\/uploads\/2024\/10\/vilbelspeuzer07.jpg 2016w, https:\/\/insideamateurfussball-ffm.de\/wp-content\/uploads\/2024\/10\/vilbelspeuzer07-300x225.jpg 300w, https:\/\/insideamateurfussball-ffm.de\/wp-content\/uploads\/2024\/10\/vilbelspeuzer07-1024x768.jpg 1024w, https:\/\/insideamateurfussball-ffm.de\/wp-content\/uploads\/2024\/10\/vilbelspeuzer07-768x576.jpg 768w, https:\/\/insideamateurfussball-ffm.de\/wp-content\/uploads\/2024\/10\/vilbelspeuzer07-1536x1152.jpg 1536w\" sizes=\"auto, (max-width: 2016px) 100vw, 2016px\" \/><figcaption id=\"caption-attachment-21673\" class=\"wp-caption-text\">Der FV Bad Vilbel feierte am Ende einen gl\u00fccklichen Sieg. Foto: MZ<\/figcaption><\/figure>\n<h4>FV Bad Vilbel &#8211; FFV Sportfreunde 04\u00a0 \u00a01:0 (0:0)<\/h4>\n<p><img loading=\"lazy\" decoding=\"async\" class=\"alignnone size-full wp-image-146\" src=\"http:\/\/insideamateurfussball-ffm.de\/wp-content\/uploads\/2022\/05\/FV-Bad-Vilbel.jpg\" alt=\"\" width=\"80\" height=\"80\" \/><img loading=\"lazy\" decoding=\"async\" class=\"alignnone size-full wp-image-141\" src=\"http:\/\/insideamateurfussball-ffm.de\/wp-content\/uploads\/2022\/05\/Speuzer.jpg\" alt=\"\" width=\"80\" height=\"80\" \/><\/p>\n<p>Vor dem Spiel in Bad Vilbel sah sich der neue Speuzer Trainer Lamine Kaiser mit einem Problem konfrontiert, unter dem bisher auch die anderen Trainer in dieser Saison zu leiden hatten. 30 Minuten vor dem Spiel war noch unklar, wie viele Ersatzspieler zur Verf\u00fcgung stehen w\u00fcrden, weil auch an diesem Spieltag einige Spieler nicht abgemeldet gefehlt haben. \u00a0Zum Schluss war es ein Spieler, den Kaiser auf der Bank zur Verf\u00fcgung hatte.<\/p>\n<p>Bei nasskaltem Wetter verirrten sich an diesem Freitagabend nicht viele Zuschauer zu diesem Kellerduell in der Gruppenliga, und die anwesenden Zuschauer sahen ein durch Kampf gepr\u00e4gtes Spiel mit wenigen Torchancen. Die Begegnung spielte sich haupts\u00e4chlich im Mittelfeld ab, die gr\u00f6\u00dfte Chance f\u00fcr die G\u00e4ste vergab Badeldrin Miss in der 25.Minute, als er freistehend aus 10 Metern nach einer Flanke am Tor vorbeischoss. Auch Bad Vilbel hatte in der ersten Halbzeit eine gute Chance, als 04-Torwart Rachid D\u00f6ring mit einer Fu\u00dfabwehr nach einem Schuss aus abseitsverd\u00e4chtiger Position retten konnte.<\/p>\n<p>In der zweiten Halbzeit gewann Bad Vilbel zwar etwas mehr Dominanz im Spielaufbau, aber gro\u00dfe Chancen konnten sie nicht herausspielen. Im Gegenteil, Edom Yalew scheiterte f\u00fcr die Sportfreunde mit einem Schuss aus 25 Metern an der Oberkante der Latte. Und so musste in diesem Spiel ein Standard entscheiden, in der 77. Minute gab es einen Freisto\u00df f\u00fcr Bad Vilbel von der linken Strafraumecke, Luca Bauer zirkelte den Ball auf den Kopf von Zakaria Akaouch, der den Gastgebern einen schmeichelhaften Sieg einbrachte. Die Sportfreunde warfen zwar noch einmal alles nach vorne, konnten den Ausgleich aber nicht mehr erzielen.<\/p>\n<p>Lamine Kaiser nach dem Spiel: \u201ewir hatten nur einen Spieler von der Bank, daf\u00fcr haben wir ein sehr gutes Spiel gemacht. Erste Halbzeit, denke ich, geht sogar leicht an uns, insgesamt sind wir total auf Augenh\u00f6he, ein Unentschieden w\u00e4re mehr als gerecht gewesen. Am Ende fehlt ein Qu\u00e4ntchen Gl\u00fcck, wir treffen zweimal die Latte, die treffen nach einem Standard, es ist ein sehr undankbares Ergebnis am Ende des Tages. Aber die Jungs haben Moral gezeigt, sie haben gek\u00e4mpft, haben auch wirklich sehr gut gespielt und sich sehr ordentlich pr\u00e4sentiert, ich denke, das ist eine Basis, auf der wir aufbauen k\u00f6nnen in den n\u00e4chsten Wochen.\u201c<\/p>\n<p>Am n\u00e4chsten Wochenende treffen die Sportfreunde zu Hause auf den FC Tempo.<\/p>\n<h4>Schiedsrichter: Tobias K\u00f6hler (Spvgg. Dietesheim). Zuschauer: 50.<\/h4>\n<h4>Tore: 1:0 Zakaria Akaouch (77.)<\/h4>\n\n\n<figure class=\"wp-block-image size-large\"><img loading=\"lazy\" decoding=\"async\" width=\"1024\" height=\"768\" src=\"http:\/\/insideamateurfussball-ffm.de\/wp-content\/uploads\/2024\/10\/vilbelspeuzer00-1024x768.jpg\" alt=\"\" class=\"wp-image-21666\" srcset=\"https:\/\/insideamateurfussball-ffm.de\/wp-content\/uploads\/2024\/10\/vilbelspeuzer00-1024x768.jpg 1024w, https:\/\/insideamateurfussball-ffm.de\/wp-content\/uploads\/2024\/10\/vilbelspeuzer00-300x225.jpg 300w, https:\/\/insideamateurfussball-ffm.de\/wp-content\/uploads\/2024\/10\/vilbelspeuzer00-768x576.jpg 768w, https:\/\/insideamateurfussball-ffm.de\/wp-content\/uploads\/2024\/10\/vilbelspeuzer00-1536x1152.jpg 1536w, https:\/\/insideamateurfussball-ffm.de\/wp-content\/uploads\/2024\/10\/vilbelspeuzer00.jpg 2016w\" sizes=\"auto, (max-width: 1024px) 100vw, 1024px\" \/><\/figure>\n\n\n\n<figure class=\"wp-block-image size-large\"><img loading=\"lazy\" decoding=\"async\" width=\"1024\" height=\"768\" src=\"http:\/\/insideamateurfussball-ffm.de\/wp-content\/uploads\/2024\/10\/vilbelspeuzer01-1024x768.jpg\" alt=\"\" class=\"wp-image-21667\" srcset=\"https:\/\/insideamateurfussball-ffm.de\/wp-content\/uploads\/2024\/10\/vilbelspeuzer01-1024x768.jpg 1024w, https:\/\/insideamateurfussball-ffm.de\/wp-content\/uploads\/2024\/10\/vilbelspeuzer01-300x225.jpg 300w, https:\/\/insideamateurfussball-ffm.de\/wp-content\/uploads\/2024\/10\/vilbelspeuzer01-768x576.jpg 768w, https:\/\/insideamateurfussball-ffm.de\/wp-content\/uploads\/2024\/10\/vilbelspeuzer01-1536x1152.jpg 1536w, https:\/\/insideamateurfussball-ffm.de\/wp-content\/uploads\/2024\/10\/vilbelspeuzer01.jpg 2016w\" sizes=\"auto, (max-width: 1024px) 100vw, 1024px\" \/><\/figure>\n\n\n\n<figure class=\"wp-block-image size-large\"><img loading=\"lazy\" decoding=\"async\" width=\"1024\" height=\"768\" src=\"http:\/\/insideamateurfussball-ffm.de\/wp-content\/uploads\/2024\/10\/vilbelspeuzer02-1024x768.jpg\" alt=\"\" class=\"wp-image-21668\" srcset=\"https:\/\/insideamateurfussball-ffm.de\/wp-content\/uploads\/2024\/10\/vilbelspeuzer02-1024x768.jpg 1024w, https:\/\/insideamateurfussball-ffm.de\/wp-content\/uploads\/2024\/10\/vilbelspeuzer02-300x225.jpg 300w, https:\/\/insideamateurfussball-ffm.de\/wp-content\/uploads\/2024\/10\/vilbelspeuzer02-768x576.jpg 768w, https:\/\/insideamateurfussball-ffm.de\/wp-content\/uploads\/2024\/10\/vilbelspeuzer02-1536x1152.jpg 1536w, https:\/\/insideamateurfussball-ffm.de\/wp-content\/uploads\/2024\/10\/vilbelspeuzer02.jpg 2016w\" sizes=\"auto, (max-width: 1024px) 100vw, 1024px\" \/><\/figure>\n\n\n\n<figure class=\"wp-block-image size-large\"><img loading=\"lazy\" decoding=\"async\" width=\"1024\" height=\"768\" src=\"http:\/\/insideamateurfussball-ffm.de\/wp-content\/uploads\/2024\/10\/vilbelspeuzer03-1024x768.jpg\" alt=\"\" class=\"wp-image-21669\" srcset=\"https:\/\/insideamateurfussball-ffm.de\/wp-content\/uploads\/2024\/10\/vilbelspeuzer03-1024x768.jpg 1024w, https:\/\/insideamateurfussball-ffm.de\/wp-content\/uploads\/2024\/10\/vilbelspeuzer03-300x225.jpg 300w, https:\/\/insideamateurfussball-ffm.de\/wp-content\/uploads\/2024\/10\/vilbelspeuzer03-768x576.jpg 768w, https:\/\/insideamateurfussball-ffm.de\/wp-content\/uploads\/2024\/10\/vilbelspeuzer03-1536x1152.jpg 1536w, https:\/\/insideamateurfussball-ffm.de\/wp-content\/uploads\/2024\/10\/vilbelspeuzer03.jpg 2016w\" sizes=\"auto, (max-width: 1024px) 100vw, 1024px\" \/><\/figure>\n\n\n\n<figure class=\"wp-block-image size-large\"><img loading=\"lazy\" decoding=\"async\" width=\"1024\" height=\"768\" src=\"http:\/\/insideamateurfussball-ffm.de\/wp-content\/uploads\/2024\/10\/vilbelspeuzer04-1024x768.jpg\" alt=\"\" class=\"wp-image-21670\" srcset=\"https:\/\/insideamateurfussball-ffm.de\/wp-content\/uploads\/2024\/10\/vilbelspeuzer04-1024x768.jpg 1024w, https:\/\/insideamateurfussball-ffm.de\/wp-content\/uploads\/2024\/10\/vilbelspeuzer04-300x225.jpg 300w, https:\/\/insideamateurfussball-ffm.de\/wp-content\/uploads\/2024\/10\/vilbelspeuzer04-768x576.jpg 768w, https:\/\/insideamateurfussball-ffm.de\/wp-content\/uploads\/2024\/10\/vilbelspeuzer04-1536x1152.jpg 1536w, https:\/\/insideamateurfussball-ffm.de\/wp-content\/uploads\/2024\/10\/vilbelspeuzer04.jpg 2016w\" sizes=\"auto, (max-width: 1024px) 100vw, 1024px\" \/><\/figure>\n\n\n\n<figure class=\"wp-block-image size-large\"><img loading=\"lazy\" decoding=\"async\" width=\"1024\" height=\"768\" src=\"http:\/\/insideamateurfussball-ffm.de\/wp-content\/uploads\/2024\/10\/vilbelspeuzer05-1024x768.jpg\" alt=\"\" class=\"wp-image-21671\" srcset=\"https:\/\/insideamateurfussball-ffm.de\/wp-content\/uploads\/2024\/10\/vilbelspeuzer05-1024x768.jpg 1024w, https:\/\/insideamateurfussball-ffm.de\/wp-content\/uploads\/2024\/10\/vilbelspeuzer05-300x225.jpg 300w, https:\/\/insideamateurfussball-ffm.de\/wp-content\/uploads\/2024\/10\/vilbelspeuzer05-768x576.jpg 768w, https:\/\/insideamateurfussball-ffm.de\/wp-content\/uploads\/2024\/10\/vilbelspeuzer05-1536x1152.jpg 1536w, https:\/\/insideamateurfussball-ffm.de\/wp-content\/uploads\/2024\/10\/vilbelspeuzer05.jpg 2016w\" sizes=\"auto, (max-width: 1024px) 100vw, 1024px\" \/><\/figure>\n\n\n\n<figure class=\"wp-block-image size-large\"><img loading=\"lazy\" decoding=\"async\" width=\"1024\" height=\"768\" src=\"http:\/\/insideamateurfussball-ffm.de\/wp-content\/uploads\/2024\/10\/vilbelspeuzer06-1024x768.jpg\" alt=\"\" class=\"wp-image-21672\" srcset=\"https:\/\/insideamateurfussball-ffm.de\/wp-content\/uploads\/2024\/10\/vilbelspeuzer06-1024x768.jpg 1024w, https:\/\/insideamateurfussball-ffm.de\/wp-content\/uploads\/2024\/10\/vilbelspeuzer06-300x225.jpg 300w, https:\/\/insideamateurfussball-ffm.de\/wp-content\/uploads\/2024\/10\/vilbelspeuzer06-768x576.jpg 768w, https:\/\/insideamateurfussball-ffm.de\/wp-content\/uploads\/2024\/10\/vilbelspeuzer06-1536x1152.jpg 1536w, https:\/\/insideamateurfussball-ffm.de\/wp-content\/uploads\/2024\/10\/vilbelspeuzer06.jpg 2016w\" sizes=\"auto, (max-width: 1024px) 100vw, 1024px\" \/><\/figure>\n","protected":false},"excerpt":{"rendered":"<p>Die FFV Sportfreunde 04 mit ihrem neuen Trainer zeigten beim FV Bad Vilbel eine ansprechende Leistung, mussten sich im Kellerduell aber nach einem Standard-Gegentor mit 0:1 geschlagen geben. FV Bad Vilbel &#8211; FFV Sportfreunde 04\u00a0 \u00a01:0 (0:0) Vor dem Spiel in Bad Vilbel sah sich der neue Speuzer Trainer Lamine Kaiser mit einem Problem konfrontiert, [&hellip;]<\/p>\n","protected":false},"author":3,"featured_media":21673,"comment_status":"closed","ping_status":"open","sticky":true,"template":"","format":"standard","meta":{"footnotes":""},"categories":[13],"tags":[],"class_list":["post-21665","post","type-post","status-publish","format-standard","has-post-thumbnail","hentry","category-gruppenliga-frankfurt-west"],"_links":{"self":[{"href":"https:\/\/insideamateurfussball-ffm.de\/index.php?rest_route=\/wp\/v2\/posts\/21665","targetHints":{"allow":["GET"]}}],"collection":[{"href":"https:\/\/insideamateurfussball-ffm.de\/index.php?rest_route=\/wp\/v2\/posts"}],"about":[{"href":"https:\/\/insideamateurfussball-ffm.de\/index.php?rest_route=\/wp\/v2\/types\/post"}],"author":[{"embeddable":true,"href":"https:\/\/insideamateurfussball-ffm.de\/index.php?rest_route=\/wp\/v2\/users\/3"}],"replies":[{"embeddable":true,"href":"https:\/\/insideamateurfussball-ffm.de\/index.php?rest_route=%2Fwp%2Fv2%2Fcomments&post=21665"}],"version-history":[{"count":3,"href":"https:\/\/insideamateurfussball-ffm.de\/index.php?rest_route=\/wp\/v2\/posts\/21665\/revisions"}],"predecessor-version":[{"id":21676,"href":"https:\/\/insideamateurfussball-ffm.de\/index.php?rest_route=\/wp\/v2\/posts\/21665\/revisions\/21676"}],"wp:featuredmedia":[{"embeddable":true,"href":"https:\/\/insideamateurfussball-ffm.de\/index.php?rest_route=\/wp\/v2\/media\/21673"}],"wp:attachment":[{"href":"https:\/\/insideamateurfussball-ffm.de\/index.php?rest_route=%2Fwp%2Fv2%2Fmedia&parent=21665"}],"wp:term":[{"taxonomy":"category","embeddable":true,"href":"https:\/\/insideamateurfussball-ffm.de\/index.php?rest_route=%2Fwp%2Fv2%2Fcategories&post=21665"},{"taxonomy":"post_tag","embeddable":true,"href":"https:\/\/insideamateurfussball-ffm.de\/index.php?rest_route=%2Fwp%2Fv2%2Ftags&post=21665"}],"curies":[{"name":"wp","href":"https:\/\/api.w.org\/{rel}","templated":true}]}}