{"id":21653,"date":"2024-10-09T18:34:03","date_gmt":"2024-10-09T16:34:03","guid":{"rendered":"https:\/\/insideamateurfussball-ffm.de\/?p=21653"},"modified":"2024-10-09T18:34:03","modified_gmt":"2024-10-09T16:34:03","slug":"kaiser-vor-komplizierter-aufgabe-bei-den-speuzern","status":"publish","type":"post","link":"https:\/\/insideamateurfussball-ffm.de\/?p=21653","title":{"rendered":"Kaiser vor &#8222;komplizierter Aufgabe&#8220; bei den Speuzern"},"content":{"rendered":"<h5><span style=\"font-size: 16px;\">Mit Lamine Kaiser pr\u00e4sentiert der Tabellenletzte der Gruppenliga Frankfurt West FFV Sportfreunde 04 nach Ramzi Kallel und Marco Santonastaso schon den dritten Cheftrainer in der laufenden Saison. Kaiser war erst vor dieser Saison beim Verbandsligisten SG Bornheim\/Gr\u00fcn-Wei\u00df erst als Co-Trainer und nach dem \u00fcberraschenden R\u00fccktritt von Teklu Tewelde als Chefcoach eingestiegen, Mitte September aber von seinen Aufgaben entbunden worden.\u00a0<\/span><\/h5>\n<figure id=\"attachment_21654\" aria-describedby=\"caption-attachment-21654\" style=\"width: 653px\" class=\"wp-caption alignleft\"><img loading=\"lazy\" decoding=\"async\" class=\"wp-image-21654\" src=\"http:\/\/insideamateurfussball-ffm.de\/wp-content\/uploads\/2024\/10\/SGB-Spvgg03N-Isenbg_240804-348-1024x683.jpg\" alt=\"\" width=\"653\" height=\"435\" srcset=\"https:\/\/insideamateurfussball-ffm.de\/wp-content\/uploads\/2024\/10\/SGB-Spvgg03N-Isenbg_240804-348-1024x683.jpg 1024w, https:\/\/insideamateurfussball-ffm.de\/wp-content\/uploads\/2024\/10\/SGB-Spvgg03N-Isenbg_240804-348-300x200.jpg 300w, https:\/\/insideamateurfussball-ffm.de\/wp-content\/uploads\/2024\/10\/SGB-Spvgg03N-Isenbg_240804-348-768x512.jpg 768w, https:\/\/insideamateurfussball-ffm.de\/wp-content\/uploads\/2024\/10\/SGB-Spvgg03N-Isenbg_240804-348.jpg 1122w\" sizes=\"auto, (max-width: 653px) 100vw, 653px\" \/><figcaption id=\"caption-attachment-21654\" class=\"wp-caption-text\">Lamine Kaiser (Mitte, hier noch im Bornheimer T-Shirt) steht ab sofort beim FFV Sportfreunde an der Seitenlinie. Foto: Archiv Andre Sturmeit.\u00a0 \u00a0\u00a0<\/figcaption><\/figure>\n<p><img loading=\"lazy\" decoding=\"async\" class=\"alignnone size-full wp-image-141\" src=\"http:\/\/insideamateurfussball-ffm.de\/wp-content\/uploads\/2022\/05\/Speuzer.jpg\" alt=\"\" width=\"80\" height=\"80\" \/><\/p>\n<p>Nach dem Abstieg aus der Verbandsliga S\u00fcd stehen die Sportfreunde wieder am Tabellenende und haben erst zwei Punkte auf dem Konto.<\/p>\n<p>Nach dem R\u00fccktritt von Ramzi Kallel konnte Nachfolger Marco Santonastaso nur knapp drei Wochen im Amt bleiben, da f\u00fcr den ehemaligen Griesheimer Coach seine beruflichen Verpflichtungen nicht mit dem Trainerjob im Einklang zu bringen waren.<\/p>\n<ul>\n<li><strong><span style=\"font-size: 16px;\">&#8222;Das ist eine komplizierte Aufgabe&#8220; (Lamine Kaiser, neuer Trainer beim FFV Sportfreunde 04)\u00a0<\/span><\/strong><\/li>\n<\/ul>\n<p>Sportchef Wolfgang Kr\u00f6nung begab sich nach dem 3:3 gegen T\u00fcrkg\u00fcc\u00fc Frankfurt, wo zum wiederholten Mal Panagiotis Toumpas als Interimstrainer einsprang, noch mal auf Trainersuche und wurde f\u00fcndig. Kaiser, der aus Nordrhein-Westfalen stammt und zuvor im Kreis Frankfurt die A-Ligisten SV Blau-Gelb und TuS Nieder-Eschbach trainierte, bevor er in Bornheim die Chance im Trainerteam erhielt, habe laut Kr\u00f6nung gegen\u00fcber anderen Kandidaten den besseren Eindruck und das bessere Konzept vorgelegt. &#8222;Wir erhoffen uns von ihm, dass er die Mannschaft stabilisiert. Jeder hat uns schon abgeschrieben, aber wir geben nicht auf.&#8220;<\/p>\n<p>Kaiser leitete am Dienstag erstmals das Training an der Mainzer Landstra\u00dfe, nachdem er zuletzt als Spieler beim A-Ligisten TSG 51 ausgeholfen hatte. &#8222;Das ist eine komplizierte Aufgabe. Wir fangen bei Null an und wollen Struktur in die Mannschaft bringen&#8220;, sagt Kaiser nachdem er das Team kennengelernt hat. &#8222;Mit Disziplin und Teamgeist ist einiges m\u00f6glich. Die Spieler sind lernwillig und wollen sich weiterentwickeln.&#8220; Beim T\u00fcrkg\u00fcc\u00fc-Spiel war Kaiser bereits als Zuschauer anwesend, &#8222;die Mannschaft hat mich mit ihrer Bereitschaft und dem Willen \u00fcberrascht.&#8220; Sein Deb\u00fct gibt Kaiser bereits am Freitag, wenn die Speuzer um 20 Uhr beim FV Bad Vilbel gastieren.<\/p>\n<h5><\/h5>\n","protected":false},"excerpt":{"rendered":"<p>Mit Lamine Kaiser pr\u00e4sentiert der Tabellenletzte der Gruppenliga Frankfurt West FFV Sportfreunde 04 nach Ramzi Kallel und Marco Santonastaso schon den dritten Cheftrainer in der laufenden Saison. Kaiser war erst vor dieser Saison beim Verbandsligisten SG Bornheim\/Gr\u00fcn-Wei\u00df erst als Co-Trainer und nach dem \u00fcberraschenden R\u00fccktritt von Teklu Tewelde als Chefcoach eingestiegen, Mitte September aber von [&hellip;]<\/p>\n","protected":false},"author":1,"featured_media":21654,"comment_status":"closed","ping_status":"closed","sticky":true,"template":"","format":"standard","meta":{"footnotes":""},"categories":[13],"tags":[],"class_list":["post-21653","post","type-post","status-publish","format-standard","has-post-thumbnail","hentry","category-gruppenliga-frankfurt-west"],"_links":{"self":[{"href":"https:\/\/insideamateurfussball-ffm.de\/index.php?rest_route=\/wp\/v2\/posts\/21653","targetHints":{"allow":["GET"]}}],"collection":[{"href":"https:\/\/insideamateurfussball-ffm.de\/index.php?rest_route=\/wp\/v2\/posts"}],"about":[{"href":"https:\/\/insideamateurfussball-ffm.de\/index.php?rest_route=\/wp\/v2\/types\/post"}],"author":[{"embeddable":true,"href":"https:\/\/insideamateurfussball-ffm.de\/index.php?rest_route=\/wp\/v2\/users\/1"}],"replies":[{"embeddable":true,"href":"https:\/\/insideamateurfussball-ffm.de\/index.php?rest_route=%2Fwp%2Fv2%2Fcomments&post=21653"}],"version-history":[{"count":1,"href":"https:\/\/insideamateurfussball-ffm.de\/index.php?rest_route=\/wp\/v2\/posts\/21653\/revisions"}],"predecessor-version":[{"id":21655,"href":"https:\/\/insideamateurfussball-ffm.de\/index.php?rest_route=\/wp\/v2\/posts\/21653\/revisions\/21655"}],"wp:featuredmedia":[{"embeddable":true,"href":"https:\/\/insideamateurfussball-ffm.de\/index.php?rest_route=\/wp\/v2\/media\/21654"}],"wp:attachment":[{"href":"https:\/\/insideamateurfussball-ffm.de\/index.php?rest_route=%2Fwp%2Fv2%2Fmedia&parent=21653"}],"wp:term":[{"taxonomy":"category","embeddable":true,"href":"https:\/\/insideamateurfussball-ffm.de\/index.php?rest_route=%2Fwp%2Fv2%2Fcategories&post=21653"},{"taxonomy":"post_tag","embeddable":true,"href":"https:\/\/insideamateurfussball-ffm.de\/index.php?rest_route=%2Fwp%2Fv2%2Ftags&post=21653"}],"curies":[{"name":"wp","href":"https:\/\/api.w.org\/{rel}","templated":true}]}}