{"id":21616,"date":"2024-10-09T16:40:04","date_gmt":"2024-10-09T14:40:04","guid":{"rendered":"https:\/\/insideamateurfussball-ffm.de\/?p=21616"},"modified":"2024-10-09T17:05:32","modified_gmt":"2024-10-09T15:05:32","slug":"fsv-frankfurt-muss-zu-bayern-alzenau","status":"publish","type":"post","link":"https:\/\/insideamateurfussball-ffm.de\/?p=21616","title":{"rendered":"FSV Frankfurt muss zu Bayern Alzenau"},"content":{"rendered":"<h5><span style=\"font-size: 16px;\">Die Lose haben gesprochen! Am Dienstagabend fand im Presseraum von Regionalligist Kickers Offenbach die Auslosung f\u00fcr das Achtelfinale im Hessen-Pokal statt. Dabei steigen die sechs hessischen Regionalligisten, der SV Wehen Wiesbaden aus der 3. Liga und Fair-Play-Sieger FC Cleeberg (Verbandsliga Mitte) in den Wettbewerb ein. Mit dem FSV Frankfurt ist ein Vertreter des Kreises Frankfurt im Rennen, die Bornheimer spielen im Achtelfinale bei Hessenliga-Spitzenreiter FC Bayern Alzenau.\u00a0<\/span><\/h5>\n<figure id=\"attachment_21617\" aria-describedby=\"caption-attachment-21617\" style=\"width: 654px\" class=\"wp-caption alignleft\"><img loading=\"lazy\" decoding=\"async\" class=\"wp-image-21617\" src=\"http:\/\/insideamateurfussball-ffm.de\/wp-content\/uploads\/2024\/10\/Hessenpokal-1024x576.jpg\" alt=\"\" width=\"654\" height=\"368\" srcset=\"https:\/\/insideamateurfussball-ffm.de\/wp-content\/uploads\/2024\/10\/Hessenpokal-1024x576.jpg 1024w, https:\/\/insideamateurfussball-ffm.de\/wp-content\/uploads\/2024\/10\/Hessenpokal-300x169.jpg 300w, https:\/\/insideamateurfussball-ffm.de\/wp-content\/uploads\/2024\/10\/Hessenpokal-768x432.jpg 768w, https:\/\/insideamateurfussball-ffm.de\/wp-content\/uploads\/2024\/10\/Hessenpokal-1536x864.jpg 1536w, https:\/\/insideamateurfussball-ffm.de\/wp-content\/uploads\/2024\/10\/Hessenpokal.jpg 2048w\" sizes=\"auto, (max-width: 654px) 100vw, 654px\" \/><figcaption id=\"caption-attachment-21617\" class=\"wp-caption-text\">Die Paarungen der 3. Runde. Grafik: HFV.<\/figcaption><\/figure>\n<p><span style=\"font-size: 16px;\">Gespielt werden soll die 3. Runde m\u00f6glichst noch im Oktober. Nur das Spiel von Kickers Offenbach bei den Sportfreunden\/Blau-Gelb Marburg soll erst im November stattfinden, da der OFC Ende Oktober in der 2. Runde des DFB-Pokals noch gegen Zweitligist Karlsruher SC spielt. <\/span><\/p>\n<p><span style=\"font-size: 16px;\">Auch erscheint es unwahrscheinlich, dass die Marburger die Kickers auf ihrem Kunstrasenplatz am Zwetschgenweg empfangen k\u00f6nnen.<\/span><\/p>\n<ul>\n<li><span style=\"font-size: 16px;\">Verwirrung und wenig Transparenz\u00a0<\/span><\/li>\n<\/ul>\n<p><span style=\"font-size: 16px;\">Ein Umzug in das gegen\u00fcberliegende Georg-Ga\u00dfmann-Stadion wird sicherheitstechnisch unumg\u00e4nglich sein. In Alzenau kommt es zum Duell zwischen Hessenliga-Tabellenf\u00fchrer FC Bayern und dem Pendant aus der Regionalliga, dem FSV Frankfurt. Hessenligist SV Steinbach bekam Drittligist SV Wehen Wiesbaden zugelost. S\u00fcd-Verbandsligist Germania Ober-Roden freut sich auf Regionalligist TSV Steinbach Haiger. F\u00fcr Verwirrung und wenig Transparenz sorgte das Vorgehen des HFV beim Auslosen des weiteren Turnierbaums. Wie unsere Kollegen von Torgranate\u00a0berichten, habe Pokalsspielleiter J\u00f6rg Wolf w\u00e4hrend der \u00dcbertragung des Live-Streams erkl\u00e4ren wollen, dass sich der weitere Verlauf der Runden chronologisch aus der Reihenfolge der Paarungen ergebe, n\u00e4mlich Sieger Spiel 1 gegen Sieger Spiel 2 und Sieger Spiel 3 gegen 4 usw. <\/span><\/p>\n<p><span style=\"font-size: 16px;\">Tats\u00e4chlich sollte und wurde dann aber mit acht neuen Loskugeln weiter gelost, die von der neuen HFV-Pr\u00e4sidentin Prof. Dr. Silke Sinning in den Topf geworfen wurden. Da war der Stream aber bereits abgeschaltet worden, die Verfolger der Auslosung waren da nicht mehr live auf Sendung. Logischerweise brachte der Zufall dann einen ganz anderen &#8222;Baum&#8220; hervor, was nat\u00fcrlich einen ganz anderen Verlauf des Wettbewerbes mit sich bringt. Unten stehend der richtige Turnierbaum.\u00a0<\/span><\/p>\n<p><img loading=\"lazy\" decoding=\"async\" class=\"alignnone size-large wp-image-21622\" src=\"http:\/\/insideamateurfussball-ffm.de\/wp-content\/uploads\/2024\/10\/Turnierbaum-1024x1024.jpg\" alt=\"\" width=\"640\" height=\"640\" srcset=\"https:\/\/insideamateurfussball-ffm.de\/wp-content\/uploads\/2024\/10\/Turnierbaum-1024x1024.jpg 1024w, https:\/\/insideamateurfussball-ffm.de\/wp-content\/uploads\/2024\/10\/Turnierbaum-300x300.jpg 300w, https:\/\/insideamateurfussball-ffm.de\/wp-content\/uploads\/2024\/10\/Turnierbaum-150x150.jpg 150w, https:\/\/insideamateurfussball-ffm.de\/wp-content\/uploads\/2024\/10\/Turnierbaum-768x768.jpg 768w, https:\/\/insideamateurfussball-ffm.de\/wp-content\/uploads\/2024\/10\/Turnierbaum.jpg 1440w\" sizes=\"auto, (max-width: 640px) 100vw, 640px\" \/><\/p>\n<p><span style=\"font-size: 16px;\">\u00a0\u00a0<\/span><\/p>\n","protected":false},"excerpt":{"rendered":"<p>Die Lose haben gesprochen! Am Dienstagabend fand im Presseraum von Regionalligist Kickers Offenbach die Auslosung f\u00fcr das Achtelfinale im Hessen-Pokal statt. Dabei steigen die sechs hessischen Regionalligisten, der SV Wehen Wiesbaden aus der 3. Liga und Fair-Play-Sieger FC Cleeberg (Verbandsliga Mitte) in den Wettbewerb ein. Mit dem FSV Frankfurt ist ein Vertreter des Kreises Frankfurt [&hellip;]<\/p>\n","protected":false},"author":1,"featured_media":21617,"comment_status":"closed","ping_status":"closed","sticky":true,"template":"","format":"standard","meta":{"footnotes":""},"categories":[30],"tags":[],"class_list":["post-21616","post","type-post","status-publish","format-standard","has-post-thumbnail","hentry","category-hessenpokal"],"_links":{"self":[{"href":"https:\/\/insideamateurfussball-ffm.de\/index.php?rest_route=\/wp\/v2\/posts\/21616","targetHints":{"allow":["GET"]}}],"collection":[{"href":"https:\/\/insideamateurfussball-ffm.de\/index.php?rest_route=\/wp\/v2\/posts"}],"about":[{"href":"https:\/\/insideamateurfussball-ffm.de\/index.php?rest_route=\/wp\/v2\/types\/post"}],"author":[{"embeddable":true,"href":"https:\/\/insideamateurfussball-ffm.de\/index.php?rest_route=\/wp\/v2\/users\/1"}],"replies":[{"embeddable":true,"href":"https:\/\/insideamateurfussball-ffm.de\/index.php?rest_route=%2Fwp%2Fv2%2Fcomments&post=21616"}],"version-history":[{"count":3,"href":"https:\/\/insideamateurfussball-ffm.de\/index.php?rest_route=\/wp\/v2\/posts\/21616\/revisions"}],"predecessor-version":[{"id":21624,"href":"https:\/\/insideamateurfussball-ffm.de\/index.php?rest_route=\/wp\/v2\/posts\/21616\/revisions\/21624"}],"wp:featuredmedia":[{"embeddable":true,"href":"https:\/\/insideamateurfussball-ffm.de\/index.php?rest_route=\/wp\/v2\/media\/21617"}],"wp:attachment":[{"href":"https:\/\/insideamateurfussball-ffm.de\/index.php?rest_route=%2Fwp%2Fv2%2Fmedia&parent=21616"}],"wp:term":[{"taxonomy":"category","embeddable":true,"href":"https:\/\/insideamateurfussball-ffm.de\/index.php?rest_route=%2Fwp%2Fv2%2Fcategories&post=21616"},{"taxonomy":"post_tag","embeddable":true,"href":"https:\/\/insideamateurfussball-ffm.de\/index.php?rest_route=%2Fwp%2Fv2%2Ftags&post=21616"}],"curies":[{"name":"wp","href":"https:\/\/api.w.org\/{rel}","templated":true}]}}