{"id":21599,"date":"2024-10-07T21:29:46","date_gmt":"2024-10-07T19:29:46","guid":{"rendered":"https:\/\/insideamateurfussball-ffm.de\/?p=21599"},"modified":"2024-10-07T21:29:46","modified_gmt":"2024-10-07T19:29:46","slug":"4x-abdessadki-beim-63-des-bsc-ueber-schlusslicht-croatia","status":"publish","type":"post","link":"https:\/\/insideamateurfussball-ffm.de\/?p=21599","title":{"rendered":"4x Abdessadki beim 6:3 des BSC \u00fcber Schlusslicht Croatia"},"content":{"rendered":"<h4>Mit 6:3 besiegte Aufsteiger BSC Schwarz-Wei\u00df 19 Schlusslicht FC Croatia und verst\u00e4rkte damit die Abstiegssorgen der G\u00e4ste, die vor einem Jahr noch an der Tabellenspitze standen. Mit mittlerweile 49 Gegentoren bekommen die Kroaten ihre Defensivprobleme nicht in den Griff.<\/h4>\n<figure id=\"attachment_21600\" aria-describedby=\"caption-attachment-21600\" style=\"width: 984px\" class=\"wp-caption alignnone\"><img loading=\"lazy\" decoding=\"async\" class=\"wp-image-21600\" src=\"http:\/\/insideamateurfussball-ffm.de\/wp-content\/uploads\/2024\/10\/erit8-4.jpg\" alt=\"\" width=\"984\" height=\"755\" srcset=\"https:\/\/insideamateurfussball-ffm.de\/wp-content\/uploads\/2024\/10\/erit8-4.jpg 975w, https:\/\/insideamateurfussball-ffm.de\/wp-content\/uploads\/2024\/10\/erit8-4-300x230.jpg 300w, https:\/\/insideamateurfussball-ffm.de\/wp-content\/uploads\/2024\/10\/erit8-4-768x589.jpg 768w\" sizes=\"auto, (max-width: 984px) 100vw, 984px\" \/><figcaption id=\"caption-attachment-21600\" class=\"wp-caption-text\">Der BSC 19 rangiert auf Platz sechs. Foto: Archiv Mithat G\u00fcrser.\u00a0\u00a0<\/figcaption><\/figure>\n<h4>BSC Schwarz-Wei\u00df 19 &#8211; FC Croatia 6:3 (3:1)<\/h4>\n<p><img loading=\"lazy\" decoding=\"async\" class=\"alignnone size-full wp-image-285\" src=\"http:\/\/insideamateurfussball-ffm.de\/wp-content\/uploads\/2022\/05\/BSC-19.jpg\" alt=\"\" width=\"80\" height=\"61\" \/><img loading=\"lazy\" decoding=\"async\" class=\"alignnone size-full wp-image-29\" src=\"http:\/\/insideamateurfussball-ffm.de\/wp-content\/uploads\/2021\/11\/croatia.jpg\" alt=\"\" width=\"63\" height=\"80\" \/><\/p>\n<p>Beim BSC wurde der Vorsitzende Maximilian B\u00fcge reaktiviert, der nur eineinhalb Minuten brauchte, um zum 1:0 zu treffen (2.). Durch einen an Elias Jennaoui verwirkten Foulelfmeter erh\u00f6hte Spielmacher Hicham Abdessadki auf 2:0 (11.). Die G\u00e4ste verk\u00fcrzten nach einer halben Stunde mit Josip Romic (30.). Jennaoui besorgte den Pausenstand (35.).<\/p>\n<p>Nach dem Seitenwechsel zeigte Croatia Moral und kam innerhalb von zwei Minuten mit Romic (64.) und dem wieder einsatzbereiten Ante Strljic zum Ausgleich (66.). Doch zum ersten Remis und damit zu einem Punktgewinn reichte es nicht. Abdessadki, der Mann des Tages mit vier Toren, verwandelte einen Foulelfmeter zum 4:3 (68.), kurz darauf verpasste Strljic das 4:4.<\/p>\n<blockquote>\n<h4>&#8222;Verdienter Heimsieg mit einer guten Mannschaftsleistung.&#8220; (BSC-Abteilungsleiter Christian Reinmold)<\/h4>\n<\/blockquote>\n<p>Dann hagelte es drei Zeitstrafen. Vom BSC musste Yilmaz Kilic runter (77.), bei Croatia Vlaho Lakic (78.) und Ivan Propadalo (82.). Abdessadki legte noch zwei weitere Tore drauf und fabrizierte einen Hattrick. (89.\/90.+2). &#8222;Verdienter Heimsieg mit einer guten Mannschaftsleistung. Croatia kam in der zweiten Halbzeit noch mal ran aufgrund fehlender Konsequenz unsererseits. Ein gut aufgelegter Abdessadki hat uns aber mit vier Toren den Sieg geholt&#8220;, sagte BSC-Abteilungsleiter Christian Reinmold.<\/p>\n<p>Croatias Sportdirektor Darko Krolo analysierte die siebte Niederlage in Folge so: &#8222;Wir machen gravierende Fehler. In unserer Gesamtsituation handeln wir un\u00fcberlegt. Diese Probleme in der Defensive m\u00fcssen wir in den Griff bekommen.&#8220; Der BSC gastiert n\u00e4chsten Sonntag bei Griesheim Tarik (15 Uhr). Zeitgleich kann Croatia mit einem Heimsieg den FC Gudesding \u00fcberholen.<\/p>\n<blockquote>\n<h4>Schiedsrichter: Hendrik Kostka (Gie\u00dfen). Zuschauer: 98.<\/h4>\n<h4>Tore: 1:0 Maximilian B\u00fcge (2.), 2:0 Hicham Abdessadki (11.\/Foulelfmeter), 2:1 Josip Romic (30.), 3:1 Elias Jennaoui (35.), 3:2 Josip Romic (64.), 3:3 Ante Strljic (66.), 4:3, 5:3, 6:3 Hicham Abdessadki (68.\/Foulelfmeter, 89., 90.\/+2).<\/h4>\n<\/blockquote>\n","protected":false},"excerpt":{"rendered":"<p>Mit 6:3 besiegte Aufsteiger BSC Schwarz-Wei\u00df 19 Schlusslicht FC Croatia und verst\u00e4rkte damit die Abstiegssorgen der G\u00e4ste, die vor einem Jahr noch an der Tabellenspitze standen. Mit mittlerweile 49 Gegentoren bekommen die Kroaten ihre Defensivprobleme nicht in den Griff. BSC Schwarz-Wei\u00df 19 &#8211; FC Croatia 6:3 (3:1) Beim BSC wurde der Vorsitzende Maximilian B\u00fcge reaktiviert, [&hellip;]<\/p>\n","protected":false},"author":1,"featured_media":21600,"comment_status":"closed","ping_status":"closed","sticky":true,"template":"","format":"standard","meta":{"footnotes":""},"categories":[2],"tags":[],"class_list":["post-21599","post","type-post","status-publish","format-standard","has-post-thumbnail","hentry","category-kreisoberliga-frankfurt"],"_links":{"self":[{"href":"https:\/\/insideamateurfussball-ffm.de\/index.php?rest_route=\/wp\/v2\/posts\/21599","targetHints":{"allow":["GET"]}}],"collection":[{"href":"https:\/\/insideamateurfussball-ffm.de\/index.php?rest_route=\/wp\/v2\/posts"}],"about":[{"href":"https:\/\/insideamateurfussball-ffm.de\/index.php?rest_route=\/wp\/v2\/types\/post"}],"author":[{"embeddable":true,"href":"https:\/\/insideamateurfussball-ffm.de\/index.php?rest_route=\/wp\/v2\/users\/1"}],"replies":[{"embeddable":true,"href":"https:\/\/insideamateurfussball-ffm.de\/index.php?rest_route=%2Fwp%2Fv2%2Fcomments&post=21599"}],"version-history":[{"count":1,"href":"https:\/\/insideamateurfussball-ffm.de\/index.php?rest_route=\/wp\/v2\/posts\/21599\/revisions"}],"predecessor-version":[{"id":21601,"href":"https:\/\/insideamateurfussball-ffm.de\/index.php?rest_route=\/wp\/v2\/posts\/21599\/revisions\/21601"}],"wp:featuredmedia":[{"embeddable":true,"href":"https:\/\/insideamateurfussball-ffm.de\/index.php?rest_route=\/wp\/v2\/media\/21600"}],"wp:attachment":[{"href":"https:\/\/insideamateurfussball-ffm.de\/index.php?rest_route=%2Fwp%2Fv2%2Fmedia&parent=21599"}],"wp:term":[{"taxonomy":"category","embeddable":true,"href":"https:\/\/insideamateurfussball-ffm.de\/index.php?rest_route=%2Fwp%2Fv2%2Fcategories&post=21599"},{"taxonomy":"post_tag","embeddable":true,"href":"https:\/\/insideamateurfussball-ffm.de\/index.php?rest_route=%2Fwp%2Fv2%2Ftags&post=21599"}],"curies":[{"name":"wp","href":"https:\/\/api.w.org\/{rel}","templated":true}]}}