{"id":21595,"date":"2024-10-07T20:54:37","date_gmt":"2024-10-07T18:54:37","guid":{"rendered":"https:\/\/insideamateurfussball-ffm.de\/?p=21595"},"modified":"2024-10-07T20:54:37","modified_gmt":"2024-10-07T18:54:37","slug":"kosova-fuehrte-nach-17-minuten-schon-50","status":"publish","type":"post","link":"https:\/\/insideamateurfussball-ffm.de\/?p=21595","title":{"rendered":"Kosova f\u00fchrte nach 17 Minuten schon 5:0"},"content":{"rendered":"<h4>Der FC Kosova r\u00fcckte durch den 7:2-Kantersieg bei Aufsteiger Germania Enkheim auf Rang zwei vor, der ja zur Teilnahme an den Relegationsspielen zur Gruppenliga Frankfurt West berechtigt. F\u00fcr die Gastgeber war es die h\u00f6chste Heimniederlage seit vielen Jahren.<\/h4>\n<figure id=\"attachment_21596\" aria-describedby=\"caption-attachment-21596\" style=\"width: 954px\" class=\"wp-caption alignnone\"><img loading=\"lazy\" decoding=\"async\" class=\"wp-image-21596\" src=\"http:\/\/insideamateurfussball-ffm.de\/wp-content\/uploads\/2024\/10\/griesh7-1.jpg\" alt=\"\" width=\"954\" height=\"706\" srcset=\"https:\/\/insideamateurfussball-ffm.de\/wp-content\/uploads\/2024\/10\/griesh7-1.jpg 945w, https:\/\/insideamateurfussball-ffm.de\/wp-content\/uploads\/2024\/10\/griesh7-1-300x222.jpg 300w, https:\/\/insideamateurfussball-ffm.de\/wp-content\/uploads\/2024\/10\/griesh7-1-768x568.jpg 768w\" sizes=\"auto, (max-width: 954px) 100vw, 954px\" \/><figcaption id=\"caption-attachment-21596\" class=\"wp-caption-text\">Kosova-Trainer Jorge Huberman befindet sich auf Erfolgskurs. Foto: Archiv Mithat G\u00fcrser.\u00a0<\/figcaption><\/figure>\n<h4>FC Germania Enkheim &#8211; FC Kosova 2:7 (0:5)<\/h4>\n<p><img loading=\"lazy\" decoding=\"async\" class=\"alignnone size-full wp-image-1748\" src=\"http:\/\/insideamateurfussball-ffm.de\/wp-content\/uploads\/2022\/07\/Enkheim-1.jpg\" alt=\"\" width=\"63\" height=\"80\" \/><img loading=\"lazy\" decoding=\"async\" class=\"alignnone size-full wp-image-9\" src=\"http:\/\/insideamateurfussball-ffm.de\/wp-content\/uploads\/2021\/11\/Kosova.jpg\" alt=\"\" width=\"65\" height=\"80\" \/><\/p>\n<p>Seit einem Pokalspiel vor 15 Jahren hatten sich die Wege beider Clubs nicht mehr gekreuzt. Beim Aufeinandertreffen am Sonntag wurden die Gastgeber in den ersten 17 Minuten f\u00f6rmlich \u00fcberrollt. Kosova f\u00fchrte schon nach wenigen Sekunden durch Ibrahim Abbouz (1.). Flakron Thaci (7.\/Foulelfmeter), Raisi Zalla (9.), Argjend Mustafa (12.\/Foulelfmeter) und Abbouz (17.) sorgten f\u00fcr ein schnelles 5:0.<\/p>\n<p>&#8222;Kosova war heute mindestens eine Klasse zu stark f\u00fcr uns. Nach dem 5:0 hat Kosova zwei G\u00e4nge runter geschaltet und wir konnten das Spiel ausgeglichener gestalten. Wir m\u00fcssen unsere Punkte woanders holen&#8220;, sagte Enkheims Trainer Steffen Wittig. Bis zur Pause ruhten sich die G\u00e4ste auf ihrem Vorsprung aus, kurz davor wurde ein Raisi Zalla mit der Zeitstrafe belangt (44.).<\/p>\n<blockquote>\n<h4>&#8222;Jeder Schuss war drin am Anfang, so wie bei Brasilien &#8211; Deutschland bei der WM 2014.&#8220; (Kosova-Trainer Jorge Huberman)<\/h4>\n<\/blockquote>\n<p>Nach dem Seitenwechsel verk\u00fcrzte Fynn Dumke f\u00fcr die Platzherren (57.). Thaci stellte den alten Abstand wieder her (62.), dann verk\u00fcrzte Eray Aksoy (75.). Den Schlusspunkt setzte Zalla in der Nachspielzeit (90.\/+1). G\u00e4stecoach Jorge Huberman: &#8222;Jeder Schuss war drin am Anfang, so wie bei Brasilien &#8211; Deutschland bei der WM 2014. Der Gegner kam mit unseren l\u00e4uferisch starken Spielern nicht zurecht. Wir haben nach dem 5:0 das Ergebnis verwaltet, waren etwas leichtsinnig. Im Gef\u00fchl dieser tr\u00fcgerischen sicheren F\u00fchrung waren wir etwas \u00fcberheblich. Es hat alles geklappt am Anfang, das Spiel wurde vom Schiedsrichter hervorragend geleitet. Wir freuen uns \u00fcber den Sieg, arbeiten aber weiter im Hinblick auf das n\u00e4chste Heimspiel.&#8220;<\/p>\n<p>Da erwarten die Kosovaren am Sonntag die SG Bornheim\/Gr\u00fcn-Wei\u00df II (15 Uhr). Zeitgleich spielt Enkheim gegen Heddernheim.<\/p>\n<blockquote>\n<h4>Schiedsrichter: Mohamed El Hassani (SV Gronau). Zuschauer: 60.<\/h4>\n<h4>Tore: 0:1 Ibrahim Abbouz (1.), 0:2 Flakron Thaci (7.\/Foulelfmeter), 0:3 Raisi Zalla (9.), 0:4 Argjend Mustafa (12.\/Foulelfmeter), 0:5 Ibrahim Abbouz (17.), 1:5 Fynn Dumke (57.), 1:6 Flakron Thaci (62.), 2:6 Eray Aksoy (75.), 2:7 Raisi Zalla (90.\/+1).<\/h4>\n<\/blockquote>\n","protected":false},"excerpt":{"rendered":"<p>Der FC Kosova r\u00fcckte durch den 7:2-Kantersieg bei Aufsteiger Germania Enkheim auf Rang zwei vor, der ja zur Teilnahme an den Relegationsspielen zur Gruppenliga Frankfurt West berechtigt. F\u00fcr die Gastgeber war es die h\u00f6chste Heimniederlage seit vielen Jahren. FC Germania Enkheim &#8211; FC Kosova 2:7 (0:5) Seit einem Pokalspiel vor 15 Jahren hatten sich die [&hellip;]<\/p>\n","protected":false},"author":1,"featured_media":21596,"comment_status":"closed","ping_status":"closed","sticky":true,"template":"","format":"standard","meta":{"footnotes":""},"categories":[2],"tags":[],"class_list":["post-21595","post","type-post","status-publish","format-standard","has-post-thumbnail","hentry","category-kreisoberliga-frankfurt"],"_links":{"self":[{"href":"https:\/\/insideamateurfussball-ffm.de\/index.php?rest_route=\/wp\/v2\/posts\/21595","targetHints":{"allow":["GET"]}}],"collection":[{"href":"https:\/\/insideamateurfussball-ffm.de\/index.php?rest_route=\/wp\/v2\/posts"}],"about":[{"href":"https:\/\/insideamateurfussball-ffm.de\/index.php?rest_route=\/wp\/v2\/types\/post"}],"author":[{"embeddable":true,"href":"https:\/\/insideamateurfussball-ffm.de\/index.php?rest_route=\/wp\/v2\/users\/1"}],"replies":[{"embeddable":true,"href":"https:\/\/insideamateurfussball-ffm.de\/index.php?rest_route=%2Fwp%2Fv2%2Fcomments&post=21595"}],"version-history":[{"count":1,"href":"https:\/\/insideamateurfussball-ffm.de\/index.php?rest_route=\/wp\/v2\/posts\/21595\/revisions"}],"predecessor-version":[{"id":21597,"href":"https:\/\/insideamateurfussball-ffm.de\/index.php?rest_route=\/wp\/v2\/posts\/21595\/revisions\/21597"}],"wp:featuredmedia":[{"embeddable":true,"href":"https:\/\/insideamateurfussball-ffm.de\/index.php?rest_route=\/wp\/v2\/media\/21596"}],"wp:attachment":[{"href":"https:\/\/insideamateurfussball-ffm.de\/index.php?rest_route=%2Fwp%2Fv2%2Fmedia&parent=21595"}],"wp:term":[{"taxonomy":"category","embeddable":true,"href":"https:\/\/insideamateurfussball-ffm.de\/index.php?rest_route=%2Fwp%2Fv2%2Fcategories&post=21595"},{"taxonomy":"post_tag","embeddable":true,"href":"https:\/\/insideamateurfussball-ffm.de\/index.php?rest_route=%2Fwp%2Fv2%2Ftags&post=21595"}],"curies":[{"name":"wp","href":"https:\/\/api.w.org\/{rel}","templated":true}]}}