{"id":21584,"date":"2024-10-07T18:26:09","date_gmt":"2024-10-07T16:26:09","guid":{"rendered":"https:\/\/insideamateurfussball-ffm.de\/?p=21584"},"modified":"2024-10-07T18:26:09","modified_gmt":"2024-10-07T16:26:09","slug":"hakan-tekin-neuer-trainer-bei-tuerkguecue","status":"publish","type":"post","link":"https:\/\/insideamateurfussball-ffm.de\/?p=21584","title":{"rendered":"Hakan Tekin neuer Trainer bei T\u00fcrkg\u00fcc\u00fc"},"content":{"rendered":"\n\n<h4>Das ging schnell! Noch am Sonntagabend verk\u00fcndete der TSKV T\u00fcrkg\u00fcc\u00fc Frankfurt den Nachfolger des zur\u00fcckgetretenen Trainers Andreas Anicic. Hakan Tekin ist der neue Mann an der Seitenlinie an der Sondershausenstra\u00dfe, f\u00fcr den jetzigen Gruppenligisten bestritt Tekin in seiner aktiven Zeit weit \u00fcber 300 Pflichtspiele.\u00a0<\/h4>\n<figure id=\"attachment_21585\" aria-describedby=\"caption-attachment-21585\" style=\"width: 954px\" class=\"wp-caption alignnone\"><img loading=\"lazy\" decoding=\"async\" class=\"wp-image-21585\" src=\"http:\/\/insideamateurfussball-ffm.de\/wp-content\/uploads\/2024\/10\/Tekin-Tuerkguecue.jpg\" alt=\"\" width=\"954\" height=\"740\" srcset=\"https:\/\/insideamateurfussball-ffm.de\/wp-content\/uploads\/2024\/10\/Tekin-Tuerkguecue.jpg 945w, https:\/\/insideamateurfussball-ffm.de\/wp-content\/uploads\/2024\/10\/Tekin-Tuerkguecue-300x233.jpg 300w, https:\/\/insideamateurfussball-ffm.de\/wp-content\/uploads\/2024\/10\/Tekin-Tuerkguecue-768x596.jpg 768w\" sizes=\"auto, (max-width: 954px) 100vw, 954px\" \/><figcaption id=\"caption-attachment-21585\" class=\"wp-caption-text\">Grafik: Mithat G\u00fcrser.<\/figcaption><\/figure>\n<p><img loading=\"lazy\" decoding=\"async\" class=\"alignnone size-full wp-image-17\" src=\"http:\/\/insideamateurfussball-ffm.de\/wp-content\/uploads\/2021\/11\/Tuerkguecue.jpg\" alt=\"\" width=\"72\" height=\"80\" \/><\/p>\n<p>Nach nur elf Spieltagen vermeldet Aufsteiger T\u00fcrkg\u00fcc\u00fc Frankfurt in der Gruppenliga Frankfurt West einen Trainerwechsel. Unmittelbar nach dem 3:3 im Derby beim Tabellenletzten FFV Sportfreunde 04 legte Andreas Anicic, der die Aufgabe erst zum Rundenbeginn \u00fcbernommen hatte, mit sofortiger Wirkung sein Amt nieder. Der Bruder von Ex-Profi Michael Anicic, beide letzte Saison zeitweise noch in Diensten beim Kreisoberligisten FC Croatia, begr\u00fcndete den unerwarteten Schritt nach elf Punkten in elf Partien so: \u201eIch habe von allein aufgeh\u00f6rt, das hat mir so mein Bauchgef\u00fchl vermittelt! Ich habe denke ich das Maximale rausgeholt mit den Umst\u00e4nden, wir stehen als Aufsteiger auf einem Nichtabstiegsplatz. Mir wurde es leider nicht leicht gemacht, nichtsdestotrotz m\u00f6chte ich Ercan Kadimli hervorheben, der immer an meiner Seite war und laut ihm ich der beste Trainer in diesem Verein war.\u201c<\/p>\n<p>Noch am Sonntagabend verk\u00fcndete Murat Tiryaki, als derzeit verletzter Spieler erst k\u00fcrzlich in die Sportliche Leitung des Vereins integriert worden, dass Hakan Tekin die Nachfolge von Anicic \u00fcbernimmt.<\/p>\n<blockquote>\n<h4>Weit \u00fcber 300 Pflichtspiele f\u00fcr T\u00fcrkg\u00fcc\u00fc\u00a0<\/h4>\n<\/blockquote>\n<p>&#8222;Tekin ist f\u00fcr uns der richtige Mann, da er fr\u00fcher bei uns gespielt hat und den Verein und das Umfeld kennt&#8220;, so Tiryaki. Von 2019 bis 2022 trainierte Tekin den TuS Makkabi in der Kreisoberliga, schaffte mit den Makkab\u00e4ern den Wiederaufstieg aus der A-Klasse. Zuvor hatte der Coach an der Bertramswiese lange im Jugendbereich gearbeitet, betreute die U15 in der Hessenliga. Bei T\u00fcrkg\u00fcc\u00fc absolvierte Tekin in seiner aktiven Karriere weit \u00fcber 300 Pflichtspiele, deswegen war Tekin sofort bereit in das Vereinsheim an der Sondershausenstra\u00dfe zu kommen, als am Sonntagabend der Anruf von Vorstandsmitglied Duran G\u00fcng\u00f6r kam.<\/p>\n<p>&#8222;Es war ein relativ kurzes Gespr\u00e4ch, wir waren uns schnell einig.&#8220; Der Fokus liege jetzt auf den restlichen Spielen bis zur Winterpause, um sich bis dahin ein gutes Polster zu erarbeiten. &#8222;Wir werden dann die Lage er\u00f6rtern und pr\u00fcfen, ob wir den Kader verst\u00e4rken k\u00f6nnen oder wollen. Ich bin zuversichtlich, dass wir am Ende der Saison die Liga halten.&#8220; Sein Deb\u00fct gibt Tekin am Sonntag im Heimspiel gegen den FC-TSG K\u00f6nigstein.<\/p>","protected":false},"excerpt":{"rendered":"<p>Das ging schnell! Noch am Sonntagabend verk\u00fcndete der TSKV T\u00fcrkg\u00fcc\u00fc Frankfurt den Nachfolger des zur\u00fcckgetretenen Trainers Andreas Anicic. Hakan Tekin ist der neue Mann an der Seitenlinie an der Sondershausenstra\u00dfe, f\u00fcr den jetzigen Gruppenligisten bestritt Tekin in seiner aktiven Zeit weit \u00fcber 300 Pflichtspiele.\u00a0 Nach nur elf Spieltagen vermeldet Aufsteiger T\u00fcrkg\u00fcc\u00fc Frankfurt in der Gruppenliga [&hellip;]<\/p>\n","protected":false},"author":1,"featured_media":21585,"comment_status":"closed","ping_status":"closed","sticky":true,"template":"","format":"standard","meta":{"footnotes":""},"categories":[13],"tags":[],"class_list":["post-21584","post","type-post","status-publish","format-standard","has-post-thumbnail","hentry","category-gruppenliga-frankfurt-west"],"_links":{"self":[{"href":"https:\/\/insideamateurfussball-ffm.de\/index.php?rest_route=\/wp\/v2\/posts\/21584","targetHints":{"allow":["GET"]}}],"collection":[{"href":"https:\/\/insideamateurfussball-ffm.de\/index.php?rest_route=\/wp\/v2\/posts"}],"about":[{"href":"https:\/\/insideamateurfussball-ffm.de\/index.php?rest_route=\/wp\/v2\/types\/post"}],"author":[{"embeddable":true,"href":"https:\/\/insideamateurfussball-ffm.de\/index.php?rest_route=\/wp\/v2\/users\/1"}],"replies":[{"embeddable":true,"href":"https:\/\/insideamateurfussball-ffm.de\/index.php?rest_route=%2Fwp%2Fv2%2Fcomments&post=21584"}],"version-history":[{"count":2,"href":"https:\/\/insideamateurfussball-ffm.de\/index.php?rest_route=\/wp\/v2\/posts\/21584\/revisions"}],"predecessor-version":[{"id":21587,"href":"https:\/\/insideamateurfussball-ffm.de\/index.php?rest_route=\/wp\/v2\/posts\/21584\/revisions\/21587"}],"wp:featuredmedia":[{"embeddable":true,"href":"https:\/\/insideamateurfussball-ffm.de\/index.php?rest_route=\/wp\/v2\/media\/21585"}],"wp:attachment":[{"href":"https:\/\/insideamateurfussball-ffm.de\/index.php?rest_route=%2Fwp%2Fv2%2Fmedia&parent=21584"}],"wp:term":[{"taxonomy":"category","embeddable":true,"href":"https:\/\/insideamateurfussball-ffm.de\/index.php?rest_route=%2Fwp%2Fv2%2Fcategories&post=21584"},{"taxonomy":"post_tag","embeddable":true,"href":"https:\/\/insideamateurfussball-ffm.de\/index.php?rest_route=%2Fwp%2Fv2%2Ftags&post=21584"}],"curies":[{"name":"wp","href":"https:\/\/api.w.org\/{rel}","templated":true}]}}