{"id":21571,"date":"2024-10-07T17:39:51","date_gmt":"2024-10-07T15:39:51","guid":{"rendered":"https:\/\/insideamateurfussball-ffm.de\/?p=21571"},"modified":"2024-10-07T17:50:30","modified_gmt":"2024-10-07T15:50:30","slug":"speuzer-gewinnen-punkt-tuerkguecue-verliert-trainer","status":"publish","type":"post","link":"https:\/\/insideamateurfussball-ffm.de\/?p=21571","title":{"rendered":"Speuzer gewinnen Punkt, T\u00fcrkg\u00fcc\u00fc verliert Trainer"},"content":{"rendered":"<h4>Der FFV Sportfreunde 04 kam unter Interimstrainer Panagiotis Toumpas beim 3:3 gegen T\u00fcrkg\u00fcc\u00fc Frankfurt zum zweiten Punkt der Saison, w\u00e4hrend T\u00fcrkg\u00fcc\u00fc Frankfurt nach dem Spiel den R\u00fccktritt von Trainer Andreas Anicic vermeldete.<\/h4>\n<figure id=\"attachment_21574\" aria-describedby=\"caption-attachment-21574\" style=\"width: 2000px\" class=\"wp-caption alignnone\"><img loading=\"lazy\" decoding=\"async\" class=\"wp-image-21574 size-full\" src=\"http:\/\/insideamateurfussball-ffm.de\/wp-content\/uploads\/2024\/10\/speuzertuerkguecue03.jpg\" alt=\"\" width=\"2000\" height=\"1500\" srcset=\"https:\/\/insideamateurfussball-ffm.de\/wp-content\/uploads\/2024\/10\/speuzertuerkguecue03.jpg 2000w, https:\/\/insideamateurfussball-ffm.de\/wp-content\/uploads\/2024\/10\/speuzertuerkguecue03-300x225.jpg 300w, https:\/\/insideamateurfussball-ffm.de\/wp-content\/uploads\/2024\/10\/speuzertuerkguecue03-1024x768.jpg 1024w, https:\/\/insideamateurfussball-ffm.de\/wp-content\/uploads\/2024\/10\/speuzertuerkguecue03-768x576.jpg 768w, https:\/\/insideamateurfussball-ffm.de\/wp-content\/uploads\/2024\/10\/speuzertuerkguecue03-1536x1152.jpg 1536w\" sizes=\"auto, (max-width: 2000px) 100vw, 2000px\" \/><figcaption id=\"caption-attachment-21574\" class=\"wp-caption-text\">Die Speuzer und T\u00fcrkg\u00fcc\u00fc trennen sich mit einem Unentschieden. Foto: T\u00fcrkg\u00fcc\u00fc Frankfurt.<\/figcaption><\/figure>\n<h4>FFV Sportfreunde 04 &#8211; T\u00fcrkg\u00fcc\u00fc Frankfurt 3:3 (1:2)<\/h4>\n<p><img loading=\"lazy\" decoding=\"async\" class=\"alignnone size-full wp-image-141\" src=\"http:\/\/insideamateurfussball-ffm.de\/wp-content\/uploads\/2022\/05\/Speuzer.jpg\" alt=\"\" width=\"80\" height=\"80\" \/><img loading=\"lazy\" decoding=\"async\" class=\"alignnone size-full wp-image-17\" src=\"http:\/\/insideamateurfussball-ffm.de\/wp-content\/uploads\/2021\/11\/Tuerkguecue.jpg\" alt=\"\" width=\"72\" height=\"80\" \/><\/p>\n<p>Kuriose Trainer-Zeiten in der Gruppenliga, nach dem R\u00fccktritt vom Trainer der Speuzer \u00fcbernahm Panagiotis Toumpas wie schon beim Heimspiel gegen Kalbach die Verantwortung an der Au\u00dfenlinie. Er konstatierte zum Spiel gegen T\u00fcrkg\u00fcc\u00fc: \u201eWir haben das Spiel kontrolliert und haben auch mehr vom Spiel gehabt, sind aber durch zwei individuelle Fehler mit 0:2 in R\u00fcckstand gegangen.\u201c T\u00fcrkg\u00fcc\u00fc Frankfurt erzielte bereits in der 2.Minute durch Aleksandar Sasa Matovic das 1:0, dem Emre Kadimli in der 15.Minute das 2:0 folgen lie\u00df. Doch anders als in den vorherigen Spielen lie\u00dfen die Speuzer nicht die L\u00f6pfe h\u00e4ngen und spielten weiter mit, Belohnung war das 1:2 in der 39.Minute durch Badeldrin Miss.<\/p>\n<p>Auch in der zweiten Halbzeit zeigten die Speuzer nach den Worten von Toumpas, \u201edass die Mannschaft es kann, sie hat Charakter\u201c gezeigt und lie\u00df sich auch durch den erneuten Gegentreffer kurz nach der Halbzeit durch Emre Kadimli zum 1:3 in der 50.Minute nicht entmutigen, \u201edie Mannschaft glaubt an sich\u201c. Shamseldin Miss war es vorbehalten, nur drei Minuten sp\u00e4ter den erneuten Anschlusstreffer zum 2:3 zu erzielen, und in der 85.Minute belohnten sich die Speuzer f\u00fcr ihren Kampfgeist mit dem 3:3 durch einen Foulelfmeter von Badeldrin Miss, mit dem die Sportfreunde ihren zweiten Punkt der Saison holten.<\/p>\n<p>Interimstrainer Toumpas: \u201eWir h\u00e4tten sogar den Sieg verdient. Wir hoffen, bis Mitte der Woche einen neuen Trainer pr\u00e4sentieren zu k\u00f6nnen, damit wieder Stabilit\u00e4t in den Verein und die Mannschaft kommt.\u201c T\u00fcrkg\u00fcc\u00fcs Vorstandsmitglied Duran G\u00fcng\u00f6r meinte zum Spiel: \u201eEs war eine schlechte Mannschaftsleistung von uns, wir hatten zwar die besseren Einzelspieler, aber die Sportfreunde hatten die bessere Mannschaft und haben mehr investiert. Das 3:3 geht in Ordnung.\u201c<\/p>\n<p>G\u00fcng\u00f6r hofft, nach dem R\u00fccktritt von Trainer Andreas Anicic in K\u00fcrze einen neuen Trainer vorstellen zu k\u00f6nnen. Vom zur\u00fcckgetretenen Trainer Anicic erhielten wir noch eine Stellungnahme zum R\u00fccktritt: \u201eIch habe von allein aufgeh\u00f6rt, das hat mir so mein Bauchgef\u00fchl vermittelt! Ich habe denke ich das Maximale rausgeholt mit den Umst\u00e4nden, wir stehen als Aufsteiger auf einem Nichtabstiegsplatz. Mir wurde es leider nicht leicht gemacht, nichtsdestotrotz m\u00f6chte ich Ercan Kadimli hervorheben, der immer auf meiner Seite war, und laut ihm ich der beste Trainer in diesem\u00a0Verein\u00a0war.\u201c<\/p>\n<p>Die Sportfreunde spielen bereits am Freitag beim FV Bad Vilbel, w\u00e4hrend T\u00fcrkg\u00fcc\u00fc Frankfurt hofft, im Heimspiel gegen den 1.FC-TSG K\u00f6nigstein wieder Punkte zu holen.<\/p>\n<h4>Schiedsrichter: Kevin Steinmann (SG Gronau). Zuschauer: 100.<\/h4>\n<h4>Tore: 0:1 Aleksandar Sasa Matovic (2.), 0:2 Emre Kadimli (15., Elfmeter), 1:2 Badeldrin Miss (39.), 1:3 Emre Kadimli (50.), 2:3 Shamseldin Miss (53.), 3:3 Badeldrin Miss (85., Elfmeter)<\/h4>\n<blockquote>\n<h4>Die Fotos kommen von T\u00fcrkg\u00fcc\u00fc Frankfurt, vielen Dank.<\/h4>\n<\/blockquote>\n\n\n<figure class=\"wp-block-image size-large\"><img loading=\"lazy\" decoding=\"async\" width=\"1024\" height=\"768\" src=\"http:\/\/insideamateurfussball-ffm.de\/wp-content\/uploads\/2024\/10\/speuzertuerkguecue01-1024x768.jpg\" alt=\"\" class=\"wp-image-21572\" srcset=\"https:\/\/insideamateurfussball-ffm.de\/wp-content\/uploads\/2024\/10\/speuzertuerkguecue01-1024x768.jpg 1024w, https:\/\/insideamateurfussball-ffm.de\/wp-content\/uploads\/2024\/10\/speuzertuerkguecue01-300x225.jpg 300w, https:\/\/insideamateurfussball-ffm.de\/wp-content\/uploads\/2024\/10\/speuzertuerkguecue01-768x576.jpg 768w, https:\/\/insideamateurfussball-ffm.de\/wp-content\/uploads\/2024\/10\/speuzertuerkguecue01-1536x1152.jpg 1536w, https:\/\/insideamateurfussball-ffm.de\/wp-content\/uploads\/2024\/10\/speuzertuerkguecue01.jpg 2000w\" sizes=\"auto, (max-width: 1024px) 100vw, 1024px\" \/><\/figure>\n\n\n\n<figure class=\"wp-block-image size-large\"><img loading=\"lazy\" decoding=\"async\" width=\"1024\" height=\"768\" src=\"http:\/\/insideamateurfussball-ffm.de\/wp-content\/uploads\/2024\/10\/speuzertuerkguecue02-1024x768.jpg\" alt=\"\" class=\"wp-image-21573\" srcset=\"https:\/\/insideamateurfussball-ffm.de\/wp-content\/uploads\/2024\/10\/speuzertuerkguecue02-1024x768.jpg 1024w, https:\/\/insideamateurfussball-ffm.de\/wp-content\/uploads\/2024\/10\/speuzertuerkguecue02-300x225.jpg 300w, https:\/\/insideamateurfussball-ffm.de\/wp-content\/uploads\/2024\/10\/speuzertuerkguecue02-768x576.jpg 768w, https:\/\/insideamateurfussball-ffm.de\/wp-content\/uploads\/2024\/10\/speuzertuerkguecue02-1536x1152.jpg 1536w, https:\/\/insideamateurfussball-ffm.de\/wp-content\/uploads\/2024\/10\/speuzertuerkguecue02.jpg 2000w\" sizes=\"auto, (max-width: 1024px) 100vw, 1024px\" \/><\/figure>\n\n\n\n<figure class=\"wp-block-image size-large\"><img loading=\"lazy\" decoding=\"async\" width=\"768\" height=\"1024\" src=\"http:\/\/insideamateurfussball-ffm.de\/wp-content\/uploads\/2024\/10\/speuzertuerkguecue04-768x1024.jpg\" alt=\"\" class=\"wp-image-21575\" srcset=\"https:\/\/insideamateurfussball-ffm.de\/wp-content\/uploads\/2024\/10\/speuzertuerkguecue04-768x1024.jpg 768w, https:\/\/insideamateurfussball-ffm.de\/wp-content\/uploads\/2024\/10\/speuzertuerkguecue04-225x300.jpg 225w, https:\/\/insideamateurfussball-ffm.de\/wp-content\/uploads\/2024\/10\/speuzertuerkguecue04-1152x1536.jpg 1152w, https:\/\/insideamateurfussball-ffm.de\/wp-content\/uploads\/2024\/10\/speuzertuerkguecue04.jpg 1500w\" sizes=\"auto, (max-width: 768px) 100vw, 768px\" \/><\/figure>\n\n\n\n<figure class=\"wp-block-image size-large\"><img loading=\"lazy\" decoding=\"async\" width=\"768\" height=\"1024\" src=\"http:\/\/insideamateurfussball-ffm.de\/wp-content\/uploads\/2024\/10\/speuzertuerkguecue05-768x1024.jpg\" alt=\"\" class=\"wp-image-21576\" srcset=\"https:\/\/insideamateurfussball-ffm.de\/wp-content\/uploads\/2024\/10\/speuzertuerkguecue05-768x1024.jpg 768w, https:\/\/insideamateurfussball-ffm.de\/wp-content\/uploads\/2024\/10\/speuzertuerkguecue05-225x300.jpg 225w, https:\/\/insideamateurfussball-ffm.de\/wp-content\/uploads\/2024\/10\/speuzertuerkguecue05-1152x1536.jpg 1152w, https:\/\/insideamateurfussball-ffm.de\/wp-content\/uploads\/2024\/10\/speuzertuerkguecue05.jpg 1500w\" sizes=\"auto, (max-width: 768px) 100vw, 768px\" \/><\/figure>\n\n\n\n<figure class=\"wp-block-image size-large\"><img loading=\"lazy\" decoding=\"async\" width=\"768\" height=\"1024\" src=\"http:\/\/insideamateurfussball-ffm.de\/wp-content\/uploads\/2024\/10\/speuzertuerkguecue06-768x1024.jpg\" alt=\"\" class=\"wp-image-21577\" srcset=\"https:\/\/insideamateurfussball-ffm.de\/wp-content\/uploads\/2024\/10\/speuzertuerkguecue06-768x1024.jpg 768w, https:\/\/insideamateurfussball-ffm.de\/wp-content\/uploads\/2024\/10\/speuzertuerkguecue06-225x300.jpg 225w, https:\/\/insideamateurfussball-ffm.de\/wp-content\/uploads\/2024\/10\/speuzertuerkguecue06-1152x1536.jpg 1152w, https:\/\/insideamateurfussball-ffm.de\/wp-content\/uploads\/2024\/10\/speuzertuerkguecue06.jpg 1500w\" sizes=\"auto, (max-width: 768px) 100vw, 768px\" \/><\/figure>\n","protected":false},"excerpt":{"rendered":"<p>Der FFV Sportfreunde 04 kam unter Interimstrainer Panagiotis Toumpas beim 3:3 gegen T\u00fcrkg\u00fcc\u00fc Frankfurt zum zweiten Punkt der Saison, w\u00e4hrend T\u00fcrkg\u00fcc\u00fc Frankfurt nach dem Spiel den R\u00fccktritt von Trainer Andreas Anicic vermeldete. FFV Sportfreunde 04 &#8211; T\u00fcrkg\u00fcc\u00fc Frankfurt 3:3 (1:2) Kuriose Trainer-Zeiten in der Gruppenliga, nach dem R\u00fccktritt vom Trainer der Speuzer \u00fcbernahm Panagiotis Toumpas [&hellip;]<\/p>\n","protected":false},"author":3,"featured_media":21574,"comment_status":"closed","ping_status":"open","sticky":true,"template":"","format":"standard","meta":{"footnotes":""},"categories":[13],"tags":[],"class_list":["post-21571","post","type-post","status-publish","format-standard","has-post-thumbnail","hentry","category-gruppenliga-frankfurt-west"],"_links":{"self":[{"href":"https:\/\/insideamateurfussball-ffm.de\/index.php?rest_route=\/wp\/v2\/posts\/21571","targetHints":{"allow":["GET"]}}],"collection":[{"href":"https:\/\/insideamateurfussball-ffm.de\/index.php?rest_route=\/wp\/v2\/posts"}],"about":[{"href":"https:\/\/insideamateurfussball-ffm.de\/index.php?rest_route=\/wp\/v2\/types\/post"}],"author":[{"embeddable":true,"href":"https:\/\/insideamateurfussball-ffm.de\/index.php?rest_route=\/wp\/v2\/users\/3"}],"replies":[{"embeddable":true,"href":"https:\/\/insideamateurfussball-ffm.de\/index.php?rest_route=%2Fwp%2Fv2%2Fcomments&post=21571"}],"version-history":[{"count":4,"href":"https:\/\/insideamateurfussball-ffm.de\/index.php?rest_route=\/wp\/v2\/posts\/21571\/revisions"}],"predecessor-version":[{"id":21583,"href":"https:\/\/insideamateurfussball-ffm.de\/index.php?rest_route=\/wp\/v2\/posts\/21571\/revisions\/21583"}],"wp:featuredmedia":[{"embeddable":true,"href":"https:\/\/insideamateurfussball-ffm.de\/index.php?rest_route=\/wp\/v2\/media\/21574"}],"wp:attachment":[{"href":"https:\/\/insideamateurfussball-ffm.de\/index.php?rest_route=%2Fwp%2Fv2%2Fmedia&parent=21571"}],"wp:term":[{"taxonomy":"category","embeddable":true,"href":"https:\/\/insideamateurfussball-ffm.de\/index.php?rest_route=%2Fwp%2Fv2%2Fcategories&post=21571"},{"taxonomy":"post_tag","embeddable":true,"href":"https:\/\/insideamateurfussball-ffm.de\/index.php?rest_route=%2Fwp%2Fv2%2Ftags&post=21571"}],"curies":[{"name":"wp","href":"https:\/\/api.w.org\/{rel}","templated":true}]}}