{"id":21566,"date":"2024-10-07T16:30:42","date_gmt":"2024-10-07T14:30:42","guid":{"rendered":"https:\/\/insideamateurfussball-ffm.de\/?p=21566"},"modified":"2024-10-07T16:30:42","modified_gmt":"2024-10-07T14:30:42","slug":"kalbach-nach-11-im-topspiel-weiter-tabellenfuehrer","status":"publish","type":"post","link":"https:\/\/insideamateurfussball-ffm.de\/?p=21566","title":{"rendered":"Kalbach nach 1:1 im Topspiel weiter Tabellenf\u00fchrer"},"content":{"rendered":"<h4>Der FC Kalbach konnte mit dem 1:1 beim Tabellenzweiten FC Karben seine Tabellenf\u00fchrung behaupten und konnte sich auch aufgrund einer guten Torh\u00fcter-Leistung \u00fcber den einen Punkt freuen.<\/h4>\n<figure id=\"attachment_20148\" aria-describedby=\"caption-attachment-20148\" style=\"width: 2016px\" class=\"wp-caption alignnone\"><img loading=\"lazy\" decoding=\"async\" class=\"wp-image-20148 size-full\" src=\"http:\/\/insideamateurfussball-ffm.de\/wp-content\/uploads\/2024\/08\/kalbachAlzenau01.jpg\" alt=\"\" width=\"2016\" height=\"1512\" srcset=\"https:\/\/insideamateurfussball-ffm.de\/wp-content\/uploads\/2024\/08\/kalbachAlzenau01.jpg 2016w, https:\/\/insideamateurfussball-ffm.de\/wp-content\/uploads\/2024\/08\/kalbachAlzenau01-300x225.jpg 300w, https:\/\/insideamateurfussball-ffm.de\/wp-content\/uploads\/2024\/08\/kalbachAlzenau01-1024x768.jpg 1024w, https:\/\/insideamateurfussball-ffm.de\/wp-content\/uploads\/2024\/08\/kalbachAlzenau01-768x576.jpg 768w, https:\/\/insideamateurfussball-ffm.de\/wp-content\/uploads\/2024\/08\/kalbachAlzenau01-1536x1152.jpg 1536w\" sizes=\"auto, (max-width: 2016px) 100vw, 2016px\" \/><figcaption id=\"caption-attachment-20148\" class=\"wp-caption-text\">Die Kalbacher bleiben auch nach dem Spiel in Karben Spitzenreiter. Foto: Archiv<\/figcaption><\/figure>\n<h4>FC Karben &#8211; FC Kalbach 1:1 (0:0)<\/h4>\n<p><img loading=\"lazy\" decoding=\"async\" class=\"alignnone size-full wp-image-2525\" src=\"http:\/\/insideamateurfussball-ffm.de\/wp-content\/uploads\/2022\/09\/karben.jpg\" alt=\"\" width=\"65\" height=\"80\" \/><img loading=\"lazy\" decoding=\"async\" class=\"alignnone size-full wp-image-16\" src=\"http:\/\/insideamateurfussball-ffm.de\/wp-content\/uploads\/2021\/11\/kalbach-wappen.jpg\" alt=\"\" width=\"80\" height=\"80\" \/><\/p>\n<p>Es war angerichtet, der FC Karben, nur einen Punkt hinter dem FC Kalbach zur\u00fcck, empfing den Tabellenf\u00fchrer zum Top-Spiel. Doch schon vor dem Spiel ein Schock f\u00fcr die G\u00e4ste aus Kalbach, Gurkamaran Singh, f\u00fcr die Startelf vorgesehen, verdrehte sich beim Aufw\u00e4rmen das Knie und musste mit dem Rettungswagen ins Krankenhaus zur Untersuchung gebracht werden, die Redaktion w\u00fcnscht gute Besserung.<\/p>\n<p>Die Gastgeber aus Karben \u00fcbernahmen schnell die Spielinitiative und kamen zu einigen Chancen, doch Kalbachs Torh\u00fcter Fabian Lanthaler hielt die G\u00e4ste im Spiel, wie Vorstandsmitglied Manni Meyer nach dem Spiel betonte. Und so ging es mit einem 0:0 in die Pause, obwohl die Karbener deutlich mehr vom Spiel hatten. In der zweiten Halbzeit zeigte sich das gleiche Bild, doch \u00fcberraschend ging Kalbach in der 65.Minute nach einer Ecke durch ihren Torj\u00e4ger Achraf Gara Ali mit 1:0 in F\u00fchrung. Zum Ausgleich luden die Kalbacher dann die Gastgeber in der 77.Minute ein, als Ricardo Harrabi einen zu kurzen R\u00fcckpass spielte, Owen Hare den Ball aufnahm und zum umjubelten Ausgleich f\u00fcr Karben erzielte.<\/p>\n<p>Manni Meyer nach dem Spiel: \u201eKarben hat ein sehr gutes Spiel gemacht, wir mussten viel laufen und arbeiten, in der Offensive ging nicht viel, uns fehlte ein besseres Passspiel, aber das Ergebnis geht in Ordnung und wir freuen uns \u00fcber den Punkt.\u201c<\/p>\n<p>Am n\u00e4chsten Sonntag empfangen die Kalbacher im Heimspiel die Spvgg. 05 Oberrad und m\u00f6chten weiter die Tabellenf\u00fchrung behaupten und ungeschlagen bleiben.<\/p>\n<h4>Schiedsrichter: Dominik Ro\u00df (TSV 1909 Lengfeld). Zuschauer: 150.<\/h4>\n<h4>Tore: 0:1 Achraf Gara Ali (65.), 1:1 Owen Hare (77.)<\/h4>\n","protected":false},"excerpt":{"rendered":"<p>Der FC Kalbach konnte mit dem 1:1 beim Tabellenzweiten FC Karben seine Tabellenf\u00fchrung behaupten und konnte sich auch aufgrund einer guten Torh\u00fcter-Leistung \u00fcber den einen Punkt freuen. FC Karben &#8211; FC Kalbach 1:1 (0:0) Es war angerichtet, der FC Karben, nur einen Punkt hinter dem FC Kalbach zur\u00fcck, empfing den Tabellenf\u00fchrer zum Top-Spiel. Doch schon [&hellip;]<\/p>\n","protected":false},"author":3,"featured_media":20148,"comment_status":"closed","ping_status":"open","sticky":true,"template":"","format":"standard","meta":{"footnotes":""},"categories":[13],"tags":[],"class_list":["post-21566","post","type-post","status-publish","format-standard","has-post-thumbnail","hentry","category-gruppenliga-frankfurt-west"],"_links":{"self":[{"href":"https:\/\/insideamateurfussball-ffm.de\/index.php?rest_route=\/wp\/v2\/posts\/21566","targetHints":{"allow":["GET"]}}],"collection":[{"href":"https:\/\/insideamateurfussball-ffm.de\/index.php?rest_route=\/wp\/v2\/posts"}],"about":[{"href":"https:\/\/insideamateurfussball-ffm.de\/index.php?rest_route=\/wp\/v2\/types\/post"}],"author":[{"embeddable":true,"href":"https:\/\/insideamateurfussball-ffm.de\/index.php?rest_route=\/wp\/v2\/users\/3"}],"replies":[{"embeddable":true,"href":"https:\/\/insideamateurfussball-ffm.de\/index.php?rest_route=%2Fwp%2Fv2%2Fcomments&post=21566"}],"version-history":[{"count":2,"href":"https:\/\/insideamateurfussball-ffm.de\/index.php?rest_route=\/wp\/v2\/posts\/21566\/revisions"}],"predecessor-version":[{"id":21568,"href":"https:\/\/insideamateurfussball-ffm.de\/index.php?rest_route=\/wp\/v2\/posts\/21566\/revisions\/21568"}],"wp:featuredmedia":[{"embeddable":true,"href":"https:\/\/insideamateurfussball-ffm.de\/index.php?rest_route=\/wp\/v2\/media\/20148"}],"wp:attachment":[{"href":"https:\/\/insideamateurfussball-ffm.de\/index.php?rest_route=%2Fwp%2Fv2%2Fmedia&parent=21566"}],"wp:term":[{"taxonomy":"category","embeddable":true,"href":"https:\/\/insideamateurfussball-ffm.de\/index.php?rest_route=%2Fwp%2Fv2%2Fcategories&post=21566"},{"taxonomy":"post_tag","embeddable":true,"href":"https:\/\/insideamateurfussball-ffm.de\/index.php?rest_route=%2Fwp%2Fv2%2Ftags&post=21566"}],"curies":[{"name":"wp","href":"https:\/\/api.w.org\/{rel}","templated":true}]}}