{"id":21556,"date":"2024-10-07T15:00:25","date_gmt":"2024-10-07T13:00:25","guid":{"rendered":"https:\/\/insideamateurfussball-ffm.de\/?p=21556"},"modified":"2024-10-07T15:00:25","modified_gmt":"2024-10-07T13:00:25","slug":"erneute-35-niederlage-fuer-tempo","status":"publish","type":"post","link":"https:\/\/insideamateurfussball-ffm.de\/?p=21556","title":{"rendered":"Erneute 3:5-Niederlage f\u00fcr Tempo"},"content":{"rendered":"<h4>Nach der 3:5-Niederlage beim FC Karben musste sich der FC Tempo auch beim Aufsteiger Spvgg. 05\/99 Bomber Bad Homburg mit 3:5 geschlagen geben, eine unn\u00f6tige Niederlage, da man selbst noch zwei Elfmeter verschoss.<\/h4>\n<figure id=\"attachment_21557\" aria-describedby=\"caption-attachment-21557\" style=\"width: 1600px\" class=\"wp-caption alignnone\"><img loading=\"lazy\" decoding=\"async\" class=\"wp-image-21557 size-full\" src=\"http:\/\/insideamateurfussball-ffm.de\/wp-content\/uploads\/2024\/10\/tempo02.jpg\" alt=\"\" width=\"1600\" height=\"1067\" srcset=\"https:\/\/insideamateurfussball-ffm.de\/wp-content\/uploads\/2024\/10\/tempo02.jpg 1600w, https:\/\/insideamateurfussball-ffm.de\/wp-content\/uploads\/2024\/10\/tempo02-300x200.jpg 300w, https:\/\/insideamateurfussball-ffm.de\/wp-content\/uploads\/2024\/10\/tempo02-1024x683.jpg 1024w, https:\/\/insideamateurfussball-ffm.de\/wp-content\/uploads\/2024\/10\/tempo02-768x512.jpg 768w, https:\/\/insideamateurfussball-ffm.de\/wp-content\/uploads\/2024\/10\/tempo02-1536x1024.jpg 1536w\" sizes=\"auto, (max-width: 1600px) 100vw, 1600px\" \/><figcaption id=\"caption-attachment-21557\" class=\"wp-caption-text\">Die Mannschaft des FC Tempo musste zum zweiten Mal hintereinander 5 Gegentore einstecken. Foto: Archiv FC Tempo<\/figcaption><\/figure>\n<h4>Spvgg. 05\/99 Bomber Bad Homburg &#8211; FC Tempo 5:3 (3:2)<\/h4>\n<p><img loading=\"lazy\" decoding=\"async\" class=\"alignnone size-full wp-image-1287\" src=\"http:\/\/insideamateurfussball-ffm.de\/wp-content\/uploads\/2022\/07\/HeaderLogoSpvgg1-80x80-1.png\" alt=\"\" width=\"80\" height=\"80\" \/><img loading=\"lazy\" decoding=\"async\" class=\"alignnone size-full wp-image-31\" src=\"http:\/\/insideamateurfussball-ffm.de\/wp-content\/uploads\/2021\/11\/Tempo.jpg\" alt=\"\" width=\"80\" height=\"80\" \/><\/p>\n<p>Nach der vergebenen Aufholjagd beim 3:5 in Karben am Donnerstag wollte der FC Tempo wichtige Punkte gegen den Abstieg holen und fuhr voller Optimismus nach Bad Homburg zum Aufsteiger Spvgg. 05\/99 Bomber, am Ende gab es ein erneutes 3:5, womit man sich nicht aus den unteren Tabellenregionen l\u00f6sen konnte. Dabei fing das Spiel gut an f\u00fcr die G\u00e4ste, bereits in der 6.Minute erzielte Nikola Radakovic die 1:0-F\u00fchrung. Die Gastgeber konterten aber und schossen innerhalb von 15 Minuten drei Tore, Ronny Lienau in der 13.Minute, Leon Fynn Mainert in der 24.Minute und noch einmal Ronny Lienau in der 27.Minute per Elfmeter brachten die Gastgeber mit 3:1 in F\u00fchrung, ehe Obiorah Emmanuel Odita in der 34.Minute noch auf 2:3 verk\u00fcrzen konnte, dabei blieb es bis zur Halbzeit.<\/p>\n<p>In der zweiten Halbzeit blieb es lange torlos, ehe das Spiel ab der 80.Minute noch einmal Fahrt aufnahm. Erst brachte in besagter 80.Minute El Mard Zouhir den Aufsteiger mit 4:2 in Front, dann konnte Nikola Radakovic per Elfmeter in der 83.Minute noch einmal auf 3:4 verk\u00fcrzen, alle Versuche des FC Tempo im Anschluss scheiterten dann, im Gegenteil, mit einem Konter in der 6.Minute der Nachspielzeit erzielte Alejandro Staudenmeier den 5:3-Endstand. Eine unn\u00f6tige Niederlage, da Nikola Dokovic und Obiorah Emmanuel Odita zwei Elfmeter nicht verwandeln konnten.<\/p>\n<p>Tempos Sportlicher Leiter Zoran Marcetic nach dem Spiel: \u201ewir waren \u00fcber 90 Minuten die bessere Mannschaft, verschie\u00dfen zwei Elfmeter, haben das Spiel gemacht, aber manchmal ist Fu\u00dfball halt so. Der Torwart von Bad Homburg ist heute der Mann des Tages und somit geht es weiter zum n\u00e4chsten Spiel.\u201c<\/p>\n<p>N\u00e4chsten Sonntag muss der FC Tempo im Heimspiel gegen den T\u00fcrkischen SV Bad Nauheim versuchen, wieder zu punkten, in der Tabelle k\u00f6nnte man mit einem Sieg den kommenden Gegner \u00fcberholen.<\/p>\n<h4>Schiedsrichter: Olaf Kehne (FSG Altenstadt 1912). Zuschauer: 70.<\/h4>\n<h4>Tore: 0:1 Nikola Radakovic (6.), 1:1 Ronny Lienau (13.), 2:1 Leon Fynn Mainert (24.), 3:1 Ronny Lienau (27., Elfmeter), 3:2 Obiorah Emmanuel Odita (34.), 4:2 El Mard Zouhir (80.), 4:3 Nikola Radakovic (83., Elfmeter), 5:3 Alejandro Staudenmaier (90.+6)<\/h4>\n","protected":false},"excerpt":{"rendered":"<p>Nach der 3:5-Niederlage beim FC Karben musste sich der FC Tempo auch beim Aufsteiger Spvgg. 05\/99 Bomber Bad Homburg mit 3:5 geschlagen geben, eine unn\u00f6tige Niederlage, da man selbst noch zwei Elfmeter verschoss. Spvgg. 05\/99 Bomber Bad Homburg &#8211; FC Tempo 5:3 (3:2) Nach der vergebenen Aufholjagd beim 3:5 in Karben am Donnerstag wollte der [&hellip;]<\/p>\n","protected":false},"author":3,"featured_media":21557,"comment_status":"closed","ping_status":"open","sticky":true,"template":"","format":"standard","meta":{"footnotes":""},"categories":[13],"tags":[],"class_list":["post-21556","post","type-post","status-publish","format-standard","has-post-thumbnail","hentry","category-gruppenliga-frankfurt-west"],"_links":{"self":[{"href":"https:\/\/insideamateurfussball-ffm.de\/index.php?rest_route=\/wp\/v2\/posts\/21556","targetHints":{"allow":["GET"]}}],"collection":[{"href":"https:\/\/insideamateurfussball-ffm.de\/index.php?rest_route=\/wp\/v2\/posts"}],"about":[{"href":"https:\/\/insideamateurfussball-ffm.de\/index.php?rest_route=\/wp\/v2\/types\/post"}],"author":[{"embeddable":true,"href":"https:\/\/insideamateurfussball-ffm.de\/index.php?rest_route=\/wp\/v2\/users\/3"}],"replies":[{"embeddable":true,"href":"https:\/\/insideamateurfussball-ffm.de\/index.php?rest_route=%2Fwp%2Fv2%2Fcomments&post=21556"}],"version-history":[{"count":2,"href":"https:\/\/insideamateurfussball-ffm.de\/index.php?rest_route=\/wp\/v2\/posts\/21556\/revisions"}],"predecessor-version":[{"id":21559,"href":"https:\/\/insideamateurfussball-ffm.de\/index.php?rest_route=\/wp\/v2\/posts\/21556\/revisions\/21559"}],"wp:featuredmedia":[{"embeddable":true,"href":"https:\/\/insideamateurfussball-ffm.de\/index.php?rest_route=\/wp\/v2\/media\/21557"}],"wp:attachment":[{"href":"https:\/\/insideamateurfussball-ffm.de\/index.php?rest_route=%2Fwp%2Fv2%2Fmedia&parent=21556"}],"wp:term":[{"taxonomy":"category","embeddable":true,"href":"https:\/\/insideamateurfussball-ffm.de\/index.php?rest_route=%2Fwp%2Fv2%2Fcategories&post=21556"},{"taxonomy":"post_tag","embeddable":true,"href":"https:\/\/insideamateurfussball-ffm.de\/index.php?rest_route=%2Fwp%2Fv2%2Ftags&post=21556"}],"curies":[{"name":"wp","href":"https:\/\/api.w.org\/{rel}","templated":true}]}}