{"id":21532,"date":"2024-10-04T21:58:40","date_gmt":"2024-10-04T19:58:40","guid":{"rendered":"https:\/\/insideamateurfussball-ffm.de\/?p=21532"},"modified":"2024-10-04T21:59:39","modified_gmt":"2024-10-04T19:59:39","slug":"preussen-geben-rote-laterne-an-croatia-weiter","status":"publish","type":"post","link":"https:\/\/insideamateurfussball-ffm.de\/?p=21532","title":{"rendered":"Preu\u00dfen geben Rote Laterne an Croatia weiter"},"content":{"rendered":"<h4>Der SV Viktoria Preu\u00dfen gab durch das 3:3 beim SV Griesheim Tarik die Rote Laterne an den spielfreien FC Croatia weiter. Die Gastgeber m\u00fcssen aufpassen, nicht noch weiter in der Tabelle abzurutschen. Zwar steht Tarik noch auf Rang zehn, ist aber seit f\u00fcnf Partien ohne Sieg.<\/h4>\n<figure id=\"attachment_21533\" aria-describedby=\"caption-attachment-21533\" style=\"width: 979px\" class=\"wp-caption alignnone\"><img loading=\"lazy\" decoding=\"async\" class=\"wp-image-21533\" src=\"http:\/\/insideamateurfussball-ffm.de\/wp-content\/uploads\/2024\/10\/pok16-2.jpg\" alt=\"\" width=\"979\" height=\"755\" srcset=\"https:\/\/insideamateurfussball-ffm.de\/wp-content\/uploads\/2024\/10\/pok16-2.jpg 970w, https:\/\/insideamateurfussball-ffm.de\/wp-content\/uploads\/2024\/10\/pok16-2-300x231.jpg 300w, https:\/\/insideamateurfussball-ffm.de\/wp-content\/uploads\/2024\/10\/pok16-2-768x592.jpg 768w\" sizes=\"auto, (max-width: 979px) 100vw, 979px\" \/><figcaption id=\"caption-attachment-21533\" class=\"wp-caption-text\">Der neue Trainer von Viktoria Preu\u00dfen Cem Caput im Portrait. Foto: Archiv Mithat G\u00fcrser.<\/figcaption><\/figure>\n<h4>SV Griesheim Tarik &#8211; SV Viktoria Preu\u00dfen 3:3 (2:2)<\/h4>\n<p><img loading=\"lazy\" decoding=\"async\" class=\"alignnone size-full wp-image-34\" src=\"http:\/\/insideamateurfussball-ffm.de\/wp-content\/uploads\/2021\/11\/Tarik.jpg\" alt=\"\" width=\"80\" height=\"80\" \/><img loading=\"lazy\" decoding=\"async\" class=\"alignnone size-full wp-image-12\" src=\"http:\/\/insideamateurfussball-ffm.de\/wp-content\/uploads\/2021\/11\/preussen.jpg\" alt=\"\" width=\"72\" height=\"80\" \/><\/p>\n<p>Griesheim Tariks Sportdirektor Hamza Azaoum war mit der Leistung unzufrieden, obwohl die Heimelf mit zwei Toren von Oualid Naimi gut begonnen hatte (8.\/12.). &#8222;Aktuell ist der Wurm bei uns drin, wir kassieren nach dem 2:0 einfache Tore.&#8220; Die G\u00e4ste kamen ins Spiel, verk\u00fcrzten mit Isaiah Adu (14.) und Kerem Celik (30.) glich aus. Nach dem Seitenwechsel brachte Yassir Araychi die Hausherren per Foulelfmeter in F\u00fchrung (50.). Die Preu\u00dfen gaben nicht auf und erhielten in der Nachspielzeit einen Strafsto\u00df zugesprochen, den Adu zum 3:3 verwandelte (90.\/+3).<\/p>\n<p>&#8222;Die Mannschaft ist nicht da, so kippt das Spiel. Nach dem 3:2 m\u00fcssen wir das Spiel fr\u00fcher entscheiden, dann waren die Preu\u00dfen einfach besser die letzten 30 Minuten. Wenn das Spiel f\u00fcnf Minuten l\u00e4nger geht, gewinnen die Preu\u00dfen. Aktuell sind wir nicht KOL-reif, die Mannschaft ist leider verunsichert und wir m\u00fcssen da raus kommen. Uns fehlen aktuell ein paar Spieler , aber trotzdem muss die Mannschaft, die auf dem Platz stand, gegen die Preu\u00dfen gewinnen k\u00f6nnen&#8220;, res\u00fcmierte Hamza.<\/p>\n<blockquote>\n<h4>&#8222;Jeder k\u00e4mpfte f\u00fcr jeden, das Resultat ist gerecht und geht in Ordnung.&#8220; (Preu\u00dfen-Trainer Cem Caput)<\/h4>\n<\/blockquote>\n<p>G\u00e4stecoach Cem Caput war erfreut: &#8222;Das war eine geschlossene Mannschaftsleistung, obwohl wir mit vielen Kranken und Urlaubern weiter dezimiert sind. Das war eine Not-B-Elf, die k\u00e4mpferisch eine gute Leistung gebracht hat, die sich deutlich gegen\u00fcber der letzten Woche gesteigert hat. Der Teamgeist war voll vorhanden. Jeder k\u00e4mpfte f\u00fcr jeden, das Resultat ist gerecht und geht in Ordnung. Ich bin zufrieden.&#8220;<\/p>\n<p>Sonntag gastiert Tarik bei Union Niederrad, die Preu\u00dfen m\u00fcssen zum FC Posavina.<\/p>\n<blockquote>\n<h4>Schiedsrichter: Ahmet Agcadag (SV Zeilsheim). Zuschauer: 50.<\/h4>\n<h4>Tore: 1:0, 2:0 Oualid Naimi (8.\/12.), 2:1 Isaiah Adu (14.), 2:2 Kerem Celik (30.), 3:2 Yassir Araychi (50.\/Foulelfmeter), 3:3 Isaiah Adu (90.\/+3, Foulelfmeter).<\/h4>\n<\/blockquote>\n","protected":false},"excerpt":{"rendered":"<p>Der SV Viktoria Preu\u00dfen gab durch das 3:3 beim SV Griesheim Tarik die Rote Laterne an den spielfreien FC Croatia weiter. Die Gastgeber m\u00fcssen aufpassen, nicht noch weiter in der Tabelle abzurutschen. Zwar steht Tarik noch auf Rang zehn, ist aber seit f\u00fcnf Partien ohne Sieg. SV Griesheim Tarik &#8211; SV Viktoria Preu\u00dfen 3:3 (2:2) [&hellip;]<\/p>\n","protected":false},"author":1,"featured_media":21533,"comment_status":"closed","ping_status":"closed","sticky":true,"template":"","format":"standard","meta":{"footnotes":""},"categories":[2],"tags":[],"class_list":["post-21532","post","type-post","status-publish","format-standard","has-post-thumbnail","hentry","category-kreisoberliga-frankfurt"],"_links":{"self":[{"href":"https:\/\/insideamateurfussball-ffm.de\/index.php?rest_route=\/wp\/v2\/posts\/21532","targetHints":{"allow":["GET"]}}],"collection":[{"href":"https:\/\/insideamateurfussball-ffm.de\/index.php?rest_route=\/wp\/v2\/posts"}],"about":[{"href":"https:\/\/insideamateurfussball-ffm.de\/index.php?rest_route=\/wp\/v2\/types\/post"}],"author":[{"embeddable":true,"href":"https:\/\/insideamateurfussball-ffm.de\/index.php?rest_route=\/wp\/v2\/users\/1"}],"replies":[{"embeddable":true,"href":"https:\/\/insideamateurfussball-ffm.de\/index.php?rest_route=%2Fwp%2Fv2%2Fcomments&post=21532"}],"version-history":[{"count":2,"href":"https:\/\/insideamateurfussball-ffm.de\/index.php?rest_route=\/wp\/v2\/posts\/21532\/revisions"}],"predecessor-version":[{"id":21535,"href":"https:\/\/insideamateurfussball-ffm.de\/index.php?rest_route=\/wp\/v2\/posts\/21532\/revisions\/21535"}],"wp:featuredmedia":[{"embeddable":true,"href":"https:\/\/insideamateurfussball-ffm.de\/index.php?rest_route=\/wp\/v2\/media\/21533"}],"wp:attachment":[{"href":"https:\/\/insideamateurfussball-ffm.de\/index.php?rest_route=%2Fwp%2Fv2%2Fmedia&parent=21532"}],"wp:term":[{"taxonomy":"category","embeddable":true,"href":"https:\/\/insideamateurfussball-ffm.de\/index.php?rest_route=%2Fwp%2Fv2%2Fcategories&post=21532"},{"taxonomy":"post_tag","embeddable":true,"href":"https:\/\/insideamateurfussball-ffm.de\/index.php?rest_route=%2Fwp%2Fv2%2Ftags&post=21532"}],"curies":[{"name":"wp","href":"https:\/\/api.w.org\/{rel}","templated":true}]}}