{"id":21529,"date":"2024-10-04T21:28:10","date_gmt":"2024-10-04T19:28:10","guid":{"rendered":"https:\/\/insideamateurfussball-ffm.de\/?p=21529"},"modified":"2024-10-08T16:28:54","modified_gmt":"2024-10-08T14:28:54","slug":"posavina-stuerzt-heddernheim-tiefer-in-die-krise","status":"publish","type":"post","link":"https:\/\/insideamateurfussball-ffm.de\/?p=21529","title":{"rendered":"Posavina st\u00fcrzt Heddernheim tiefer in die Krise"},"content":{"rendered":"<h4>Der FC Posavina st\u00fcrzte den SV 07 Heddernheim mit dem 5:1 (2:1) noch tiefer in die Krise. W\u00e4hrend die Kroaten vom Riederwald sich mit dem dritten Sieg in Folge in das Mittelfeld des Tableaus orientieren, schrillen in Heddernheim nach dem siebten sieglosen Spiel in Folge und der h\u00f6chsten Saisonniederlage die Alarmglocken, denn derzeit belegen die Gr\u00fcn-Wei\u00dfen nur noch Rang 15.<\/h4>\n<figure id=\"attachment_21530\" aria-describedby=\"caption-attachment-21530\" style=\"width: 2048px\" class=\"wp-caption alignnone\"><img loading=\"lazy\" decoding=\"async\" class=\"wp-image-21530 size-full\" src=\"http:\/\/insideamateurfussball-ffm.de\/wp-content\/uploads\/2024\/10\/Pos-Hed.jpg\" alt=\"\" width=\"2048\" height=\"1536\" srcset=\"https:\/\/insideamateurfussball-ffm.de\/wp-content\/uploads\/2024\/10\/Pos-Hed.jpg 2048w, https:\/\/insideamateurfussball-ffm.de\/wp-content\/uploads\/2024\/10\/Pos-Hed-300x225.jpg 300w, https:\/\/insideamateurfussball-ffm.de\/wp-content\/uploads\/2024\/10\/Pos-Hed-1024x768.jpg 1024w, https:\/\/insideamateurfussball-ffm.de\/wp-content\/uploads\/2024\/10\/Pos-Hed-768x576.jpg 768w, https:\/\/insideamateurfussball-ffm.de\/wp-content\/uploads\/2024\/10\/Pos-Hed-1536x1152.jpg 1536w\" sizes=\"auto, (max-width: 2048px) 100vw, 2048px\" \/><figcaption id=\"caption-attachment-21530\" class=\"wp-caption-text\">Die Kapit\u00e4ne Anto Petrasevic (links) und Deniz Yatci bei der Platzwahl mit Schiedsrichter Juro Maric. Foto: PA.<\/figcaption><\/figure>\n<h4>FC Posavina &#8211; SV 07 Heddernheim 5:1 (2:1)<\/h4>\n<p><img loading=\"lazy\" decoding=\"async\" class=\"alignnone size-full wp-image-22\" src=\"http:\/\/insideamateurfussball-ffm.de\/wp-content\/uploads\/2021\/11\/posavina.jpg\" alt=\"\" width=\"63\" height=\"80\" \/><img loading=\"lazy\" decoding=\"async\" class=\"alignnone size-full wp-image-302\" src=\"http:\/\/insideamateurfussball-ffm.de\/wp-content\/uploads\/2022\/05\/1sv07_news2_4511-1.jpg\" alt=\"\" width=\"80\" height=\"80\" \/><\/p>\n<p>Die Gastgeber hatten gleich einen Lattenschuss durch Alen Tahirovic zu verzeichnen (6.), der wie Aleksandar Ristic vom KOL-Absteiger SG Westend kam. In der Folge gen\u00fcgte ein einfacher Steckpass, um die Heddernheimer Abwehr auszuhebeln. Josip Orsolic \u00fcberwand SVH-Keeper Hidayet Yapici mit einem Heber zum 1:0 (14.). Die G\u00e4ste kamen nach einem langen Ball von Tomislav Cudina auf Torj\u00e4ger Marcus Kreckel zum Ausgleich (23.). Der 10. Saisontreffer des St\u00fcrmers. Kurz vor der Pause hatte Kreckel die Riesenm\u00f6glichkeit, um die G\u00e4ste in F\u00fchrung zu bringen. Statt quer zu legen, zielte er am Tor vorbei. Kurz vor dem Halbzeitpfiff bei schon angebrochener Nachspielzeit verlor SVH-Kapit\u00e4n Deniz Yatci in der Vorw\u00e4rtsbewegung den Ball. Die Platzherren schalteten schnell um, spielten \u00fcber die linke Seite und die Hereingabe schob Tahirovic zum 2:1 ein (45.\/+1). Nach dem Seitenwechsel gelang Ristic ein Doppelpack (60.\/66.).<\/p>\n<p>Die Partie war nach dem 4:1 entschieden. Auch die Hereinnahmen der erfahrenen Spieler Orazio Giorgianni und Oliver Solarz bei den G\u00e4sten brachten keine wesentliche Besserung, au\u00dfer einem Lattenschuss von Kreckel kam nichts zwingendes mehr. Stattdessen traf Kenan Lugavic noch zum 5:1-Endstand (85.). Da der neue Ztainer Danijel Koturic verhindert war, wurde Posavina von Vorg\u00e4nger Marijan Madzarevic betreut. Interims-Pressewart Danijel Pavic war hochzufrieden: &#8222;Wir haben ein ziemlich gutes Spiel auf den Platz gebracht. Wir sind sehr zufrieden, dass das alles zusammen passt. Die letzten drei Spiele sind wir verdient als Sieger vom Feld gegangen. Wir nehmen alle positiven Dinge mit. Wir haben gute Spieler mit Tahirovic und Ristic dazu gewonnen. Wir wollen mit dem Abstieg nichts zu tun haben und auf einem einstelligen Rang landen.&#8220;<\/p>\n<blockquote>\n<h4>&#8222;Das ist zu wenig, man muss auch mal den Kampf in der Kreisoberliga annehmen.&#8220; (SVH-Trainer Andreas Berggold)<\/h4>\n<\/blockquote>\n<p>SVH-Trainer Andreas Berggold war konsterniert: &#8222;Wir haben wieder ein bl\u00f6des Gegentor kassiert, hatten aber eine Antwort mit dem 1:1 und m\u00fcssen danach 2:1 in F\u00fchrung gehen. Da waren wir aber zu eigensinnig vor dem Tor. Posavina war uns aber k\u00f6rperlich \u00fcberlegen, fu\u00dfballerisch haben wir auch nicht an die letzten Spiele angekn\u00fcpft. Das ist zu wenig, man muss auch mal den Kampf in der Kreisoberliga annehmen. Wir haben nach dem 3:1 nicht mehr an uns geglaubt. Ich spreche seit zwei Wochen davon, dass wir uns im Abstiegskampf befinden. Es m\u00fcssen schnellstm\u00f6glich Punkte gesammelt werden, sonst wird es hintenraus richtig eng. Es ist nicht zu erkl\u00e4ren, da wir mit Philipp Siegel nur einen Spieler verloren und gute Leute dazu bekommen haben. Irgendwie kriegen wir es konstant nicht auf die Kette, haben aber auch viele Verletzte und leider auch Spieler, die immer mal wieder sonntags nicht k\u00f6nnen.&#8220;<\/p>\n<p>F\u00fcr Posavina geht es am Sonntag mit dem Heimspiel gegen den Vorletzten SV Viktoria Preu\u00dfen weiter (15 Uhr). Zeitgleich steht Heddernheim als Drittletzter gegen den ungeschlagenen Dritten Spvgg. 02 Griesheim vor der n\u00e4chsten schweren Aufgabe. &#8222;Wir sind nat\u00fcrlich klarer Au\u00dfenseiter, keine Frage. Wir werden aber alles probieren, um etwas z\u00e4hlbares zu holen&#8220;, versicherte Berggold.<\/p>\n<blockquote>\n<h4>Schiedsrichter: Juro Maric (Nidderau). Zuschauer: 120.<\/h4>\n<h4>Tore: 1:0 Josip Orsolic (14.), 1:1 Marcus Kreckel (23.), 2:1 Alen Tahirovic (45.\/+1), 3:1, 4:1 Aleksandar Ristic (60.\/66.), 5:1 Kenan Lugavic (85.).<\/h4>\n<\/blockquote>\n","protected":false},"excerpt":{"rendered":"<p>Der FC Posavina st\u00fcrzte den SV 07 Heddernheim mit dem 5:1 (2:1) noch tiefer in die Krise. W\u00e4hrend die Kroaten vom Riederwald sich mit dem dritten Sieg in Folge in das Mittelfeld des Tableaus orientieren, schrillen in Heddernheim nach dem siebten sieglosen Spiel in Folge und der h\u00f6chsten Saisonniederlage die Alarmglocken, denn derzeit belegen die [&hellip;]<\/p>\n","protected":false},"author":1,"featured_media":21530,"comment_status":"closed","ping_status":"closed","sticky":true,"template":"","format":"standard","meta":{"footnotes":""},"categories":[2],"tags":[],"class_list":["post-21529","post","type-post","status-publish","format-standard","has-post-thumbnail","hentry","category-kreisoberliga-frankfurt"],"_links":{"self":[{"href":"https:\/\/insideamateurfussball-ffm.de\/index.php?rest_route=\/wp\/v2\/posts\/21529","targetHints":{"allow":["GET"]}}],"collection":[{"href":"https:\/\/insideamateurfussball-ffm.de\/index.php?rest_route=\/wp\/v2\/posts"}],"about":[{"href":"https:\/\/insideamateurfussball-ffm.de\/index.php?rest_route=\/wp\/v2\/types\/post"}],"author":[{"embeddable":true,"href":"https:\/\/insideamateurfussball-ffm.de\/index.php?rest_route=\/wp\/v2\/users\/1"}],"replies":[{"embeddable":true,"href":"https:\/\/insideamateurfussball-ffm.de\/index.php?rest_route=%2Fwp%2Fv2%2Fcomments&post=21529"}],"version-history":[{"count":2,"href":"https:\/\/insideamateurfussball-ffm.de\/index.php?rest_route=\/wp\/v2\/posts\/21529\/revisions"}],"predecessor-version":[{"id":21612,"href":"https:\/\/insideamateurfussball-ffm.de\/index.php?rest_route=\/wp\/v2\/posts\/21529\/revisions\/21612"}],"wp:featuredmedia":[{"embeddable":true,"href":"https:\/\/insideamateurfussball-ffm.de\/index.php?rest_route=\/wp\/v2\/media\/21530"}],"wp:attachment":[{"href":"https:\/\/insideamateurfussball-ffm.de\/index.php?rest_route=%2Fwp%2Fv2%2Fmedia&parent=21529"}],"wp:term":[{"taxonomy":"category","embeddable":true,"href":"https:\/\/insideamateurfussball-ffm.de\/index.php?rest_route=%2Fwp%2Fv2%2Fcategories&post=21529"},{"taxonomy":"post_tag","embeddable":true,"href":"https:\/\/insideamateurfussball-ffm.de\/index.php?rest_route=%2Fwp%2Fv2%2Ftags&post=21529"}],"curies":[{"name":"wp","href":"https:\/\/api.w.org\/{rel}","templated":true}]}}