{"id":21526,"date":"2024-10-04T20:33:51","date_gmt":"2024-10-04T18:33:51","guid":{"rendered":"https:\/\/insideamateurfussball-ffm.de\/?p=21526"},"modified":"2024-10-04T20:33:51","modified_gmt":"2024-10-04T18:33:51","slug":"enkheim-erkaempft-00-beim-zweiten-union","status":"publish","type":"post","link":"https:\/\/insideamateurfussball-ffm.de\/?p=21526","title":{"rendered":"Enkheim erk\u00e4mpft 0:0 beim Zweiten Union"},"content":{"rendered":"<h4>Der Tabellenzweite Union Niederrad kam gegen Aufsteiger Germania Enkheim nicht \u00fcber ein 0:0 hinaus und musste sich mit dem ersten Unentschieden der Saison begn\u00fcgen. F\u00fcr die G\u00e4ste war die Nullnummer nach zuletzt zwei Niederlagen ein Teilerfolg.<\/h4>\n<figure id=\"attachment_21527\" aria-describedby=\"caption-attachment-21527\" style=\"width: 1109px\" class=\"wp-caption alignnone\"><img loading=\"lazy\" decoding=\"async\" class=\"wp-image-21527 size-full\" src=\"http:\/\/insideamateurfussball-ffm.de\/wp-content\/uploads\/2024\/10\/enkheim-abwegr.jpg\" alt=\"\" width=\"1109\" height=\"748\" srcset=\"https:\/\/insideamateurfussball-ffm.de\/wp-content\/uploads\/2024\/10\/enkheim-abwegr.jpg 1109w, https:\/\/insideamateurfussball-ffm.de\/wp-content\/uploads\/2024\/10\/enkheim-abwegr-300x202.jpg 300w, https:\/\/insideamateurfussball-ffm.de\/wp-content\/uploads\/2024\/10\/enkheim-abwegr-1024x691.jpg 1024w, https:\/\/insideamateurfussball-ffm.de\/wp-content\/uploads\/2024\/10\/enkheim-abwegr-768x518.jpg 768w\" sizes=\"auto, (max-width: 1109px) 100vw, 1109px\" \/><figcaption id=\"caption-attachment-21527\" class=\"wp-caption-text\">Die Enkheimer Abwehr stand sattelfest. Foto: Archiv Mithat G\u00fcrser.\u00a0<\/figcaption><\/figure>\n<h4>FC Union Niederrad &#8211; FC Germania Enkheim 0:0<\/h4>\n<p><img loading=\"lazy\" decoding=\"async\" class=\"alignnone size-full wp-image-38\" src=\"http:\/\/insideamateurfussball-ffm.de\/wp-content\/uploads\/2021\/11\/Union-Niederrad.jpg\" alt=\"\" width=\"80\" height=\"80\" \/><img loading=\"lazy\" decoding=\"async\" class=\"alignnone size-full wp-image-1537\" src=\"http:\/\/insideamateurfussball-ffm.de\/wp-content\/uploads\/2022\/07\/Enkheim.jpg\" alt=\"\" width=\"63\" height=\"80\" \/><\/p>\n<p>Union-Pr\u00e4sident Khalid Lamjahed hatte ein &#8222;ansehnliches Spiel gesehen, das von der Spannung lebte, da es immer eng war.&#8220; Die Gastgeber vergaben eine Gro\u00dfchance durch Victor Ubri Baez, Enkheim hielt aber sehr gut dagegen. Nach dem Seitenwechsel vergaben die G\u00e4ste einen Foulelfmeter, den Union-Keeper Eihab Weniger parierte. &#8222;Im gro\u00dfen und ganzen war das ein gl\u00fcckliches 0:0 mit dem wir zufrieden sind und auch leben k\u00f6nnen&#8220;, meinte Lamjahed.<\/p>\n<p>Enkheims Trainer Steffen Wittig zog ein positives Fazit: &#8222;Wir haben eine super Mannschaftsleistung gezeigt und nach der hohen Klatsche in Griesheim eine Topreaktion. Leider haben wir kurz nach Beginn der zweiten Halbzeit einen Elfmeter verschossen und 2 &#8211; 3 100%ige vergeben. Drei Punkte waren f\u00fcr uns absolut drin. Wir konnten jedoch nicht zeigen, dass wir an einem Tag, an dem wir alles auf den Platz bringen mit jedem Gegner mithalten k\u00f6nnen. Genauso m\u00fcssen wir am Sonntag auch gegen Kosova auftreten, um Punkte in Enkheim zu behalten.&#8220;<\/p>\n<p>Union Niederrad hat am Sonntag ein weiteres Heimspiel gegen den SV Griesheim Tarik.<\/p>\n<blockquote>\n<h4>Schiedsrichter: Christian Fox (SV Rot-Wei\u00df Walldorf). Zuschauer: 110.<\/h4>\n<\/blockquote>\n","protected":false},"excerpt":{"rendered":"<p>Der Tabellenzweite Union Niederrad kam gegen Aufsteiger Germania Enkheim nicht \u00fcber ein 0:0 hinaus und musste sich mit dem ersten Unentschieden der Saison begn\u00fcgen. F\u00fcr die G\u00e4ste war die Nullnummer nach zuletzt zwei Niederlagen ein Teilerfolg. FC Union Niederrad &#8211; FC Germania Enkheim 0:0 Union-Pr\u00e4sident Khalid Lamjahed hatte ein &#8222;ansehnliches Spiel gesehen, das von der [&hellip;]<\/p>\n","protected":false},"author":1,"featured_media":21527,"comment_status":"closed","ping_status":"closed","sticky":true,"template":"","format":"standard","meta":{"footnotes":""},"categories":[2],"tags":[],"class_list":["post-21526","post","type-post","status-publish","format-standard","has-post-thumbnail","hentry","category-kreisoberliga-frankfurt"],"_links":{"self":[{"href":"https:\/\/insideamateurfussball-ffm.de\/index.php?rest_route=\/wp\/v2\/posts\/21526","targetHints":{"allow":["GET"]}}],"collection":[{"href":"https:\/\/insideamateurfussball-ffm.de\/index.php?rest_route=\/wp\/v2\/posts"}],"about":[{"href":"https:\/\/insideamateurfussball-ffm.de\/index.php?rest_route=\/wp\/v2\/types\/post"}],"author":[{"embeddable":true,"href":"https:\/\/insideamateurfussball-ffm.de\/index.php?rest_route=\/wp\/v2\/users\/1"}],"replies":[{"embeddable":true,"href":"https:\/\/insideamateurfussball-ffm.de\/index.php?rest_route=%2Fwp%2Fv2%2Fcomments&post=21526"}],"version-history":[{"count":1,"href":"https:\/\/insideamateurfussball-ffm.de\/index.php?rest_route=\/wp\/v2\/posts\/21526\/revisions"}],"predecessor-version":[{"id":21528,"href":"https:\/\/insideamateurfussball-ffm.de\/index.php?rest_route=\/wp\/v2\/posts\/21526\/revisions\/21528"}],"wp:featuredmedia":[{"embeddable":true,"href":"https:\/\/insideamateurfussball-ffm.de\/index.php?rest_route=\/wp\/v2\/media\/21527"}],"wp:attachment":[{"href":"https:\/\/insideamateurfussball-ffm.de\/index.php?rest_route=%2Fwp%2Fv2%2Fmedia&parent=21526"}],"wp:term":[{"taxonomy":"category","embeddable":true,"href":"https:\/\/insideamateurfussball-ffm.de\/index.php?rest_route=%2Fwp%2Fv2%2Fcategories&post=21526"},{"taxonomy":"post_tag","embeddable":true,"href":"https:\/\/insideamateurfussball-ffm.de\/index.php?rest_route=%2Fwp%2Fv2%2Ftags&post=21526"}],"curies":[{"name":"wp","href":"https:\/\/api.w.org\/{rel}","templated":true}]}}