{"id":21513,"date":"2024-10-04T18:59:16","date_gmt":"2024-10-04T16:59:16","guid":{"rendered":"https:\/\/insideamateurfussball-ffm.de\/?p=21513"},"modified":"2024-10-06T11:19:16","modified_gmt":"2024-10-06T09:19:16","slug":"siva-anandan-uebernimmt-fechenheim","status":"publish","type":"post","link":"https:\/\/insideamateurfussball-ffm.de\/?p=21513","title":{"rendered":"Siva Anandan \u00fcbernimmt Fechenheim"},"content":{"rendered":"<h4>Die Spvgg. 03 Fechenheim vermeldet die Verpflichtung von Piradeep Siva Anandan als neuen Trainer des aktuellen Tabellendritten der Gruppenliga Frankfurt West. Der neue Coach wird die Mannschaft aber erst ab kommender Woche \u00fcbernehmen.<\/h4>\n<figure id=\"attachment_21539\" aria-describedby=\"caption-attachment-21539\" style=\"width: 867px\" class=\"wp-caption alignnone\"><img loading=\"lazy\" decoding=\"async\" class=\"wp-image-21539\" src=\"http:\/\/insideamateurfussball-ffm.de\/wp-content\/uploads\/2024\/10\/Trainer-fechenheim.jpg\" alt=\"\" width=\"867\" height=\"655\" srcset=\"https:\/\/insideamateurfussball-ffm.de\/wp-content\/uploads\/2024\/10\/Trainer-fechenheim.jpg 858w, https:\/\/insideamateurfussball-ffm.de\/wp-content\/uploads\/2024\/10\/Trainer-fechenheim-300x227.jpg 300w, https:\/\/insideamateurfussball-ffm.de\/wp-content\/uploads\/2024\/10\/Trainer-fechenheim-768x580.jpg 768w\" sizes=\"auto, (max-width: 867px) 100vw, 867px\" \/><figcaption id=\"caption-attachment-21539\" class=\"wp-caption-text\">Piradeep Siva Anandan \u00fcbernimmt Fechenheim ab Dienstag. Grafik: Mithat G\u00fcrser.<\/figcaption><\/figure>\n<p><img loading=\"lazy\" decoding=\"async\" class=\"alignnone size-full wp-image-603\" src=\"http:\/\/insideamateurfussball-ffm.de\/wp-content\/uploads\/2022\/06\/Fech03.jpg\" alt=\"\" width=\"52\" height=\"80\" \/><\/p>\n<p>Interimstrainer Asghar Ali-Jaali verk\u00fcndete nach dem 5:1-Sieg gegen den TSKV T\u00fcrkg\u00fcc\u00fc den endg\u00fcltigen R\u00fccktritt von Maximilian Schmidt, &#8222;dem wir f\u00fcr seine f\u00fcnf Jahre Trainert\u00e4tigkeit danken. Er hat hier Strukturen rein gebracht.&#8220;<\/p>\n<p>Am Sonntag in Oberrad wird Ali-Jaali zum letzten Mal als Trainer fungieren, denn ab der kommenden Woche \u00fcbernimmt Piradeep Siva Anandan das Traineramt.<\/p>\n<p>Der fr\u00fchere Spieler der Fechenheimer war zuletzt Co-Trainer beim Ligakonkurrenten FFV Sportfreunde und ist laut Ali-Jaali &#8222;unser Wunschkandidat.&#8220;<\/p>\n<p>Bereits vor einigen Jahren war Siva Anandan Co-Trainer bei den Fechenheimern mit Schmidt zusammen unter der Federf\u00fchrung von Kallel.<\/p>\n","protected":false},"excerpt":{"rendered":"<p>Die Spvgg. 03 Fechenheim vermeldet die Verpflichtung von Piradeep Siva Anandan als neuen Trainer des aktuellen Tabellendritten der Gruppenliga Frankfurt West. Der neue Coach wird die Mannschaft aber erst ab kommender Woche \u00fcbernehmen. Interimstrainer Asghar Ali-Jaali verk\u00fcndete nach dem 5:1-Sieg gegen den TSKV T\u00fcrkg\u00fcc\u00fc den endg\u00fcltigen R\u00fccktritt von Maximilian Schmidt, &#8222;dem wir f\u00fcr seine f\u00fcnf [&hellip;]<\/p>\n","protected":false},"author":1,"featured_media":21539,"comment_status":"closed","ping_status":"closed","sticky":true,"template":"","format":"standard","meta":{"footnotes":""},"categories":[13],"tags":[],"class_list":["post-21513","post","type-post","status-publish","format-standard","has-post-thumbnail","hentry","category-gruppenliga-frankfurt-west"],"_links":{"self":[{"href":"https:\/\/insideamateurfussball-ffm.de\/index.php?rest_route=\/wp\/v2\/posts\/21513","targetHints":{"allow":["GET"]}}],"collection":[{"href":"https:\/\/insideamateurfussball-ffm.de\/index.php?rest_route=\/wp\/v2\/posts"}],"about":[{"href":"https:\/\/insideamateurfussball-ffm.de\/index.php?rest_route=\/wp\/v2\/types\/post"}],"author":[{"embeddable":true,"href":"https:\/\/insideamateurfussball-ffm.de\/index.php?rest_route=\/wp\/v2\/users\/1"}],"replies":[{"embeddable":true,"href":"https:\/\/insideamateurfussball-ffm.de\/index.php?rest_route=%2Fwp%2Fv2%2Fcomments&post=21513"}],"version-history":[{"count":3,"href":"https:\/\/insideamateurfussball-ffm.de\/index.php?rest_route=\/wp\/v2\/posts\/21513\/revisions"}],"predecessor-version":[{"id":21541,"href":"https:\/\/insideamateurfussball-ffm.de\/index.php?rest_route=\/wp\/v2\/posts\/21513\/revisions\/21541"}],"wp:featuredmedia":[{"embeddable":true,"href":"https:\/\/insideamateurfussball-ffm.de\/index.php?rest_route=\/wp\/v2\/media\/21539"}],"wp:attachment":[{"href":"https:\/\/insideamateurfussball-ffm.de\/index.php?rest_route=%2Fwp%2Fv2%2Fmedia&parent=21513"}],"wp:term":[{"taxonomy":"category","embeddable":true,"href":"https:\/\/insideamateurfussball-ffm.de\/index.php?rest_route=%2Fwp%2Fv2%2Fcategories&post=21513"},{"taxonomy":"post_tag","embeddable":true,"href":"https:\/\/insideamateurfussball-ffm.de\/index.php?rest_route=%2Fwp%2Fv2%2Ftags&post=21513"}],"curies":[{"name":"wp","href":"https:\/\/api.w.org\/{rel}","templated":true}]}}