{"id":21504,"date":"2024-10-04T11:30:00","date_gmt":"2024-10-04T09:30:00","guid":{"rendered":"https:\/\/insideamateurfussball-ffm.de\/?p=21504"},"modified":"2024-10-04T18:17:32","modified_gmt":"2024-10-04T16:17:32","slug":"ofc-ii-fuegt-dortelweil-erste-niederlage-zu","status":"publish","type":"post","link":"https:\/\/insideamateurfussball-ffm.de\/?p=21504","title":{"rendered":"OFC II f\u00fcgt Dortelweil erste Niederlage zu"},"content":{"rendered":"<h4>Jetzt hat es den SC Dortelweil auch in der Verbandsliga S\u00fcd erwischt. Nach der Niederlage im Kreispokal beim FC Karben unterlagen die Dortelweiler am Donnerstag Kickers Offenbach II mit 1:3 und mussten die Tabellenf\u00fchrung an Aufsteiger SV Hummetroth abgeben.<\/h4>\n<figure id=\"attachment_21506\" aria-describedby=\"caption-attachment-21506\" style=\"width: 1034px\" class=\"wp-caption alignnone\"><img loading=\"lazy\" decoding=\"async\" class=\"wp-image-21506\" src=\"http:\/\/insideamateurfussball-ffm.de\/wp-content\/uploads\/2024\/10\/Offenbach-II.jpg\" alt=\"\" width=\"1034\" height=\"690\" srcset=\"https:\/\/insideamateurfussball-ffm.de\/wp-content\/uploads\/2024\/10\/Offenbach-II.jpg 1024w, https:\/\/insideamateurfussball-ffm.de\/wp-content\/uploads\/2024\/10\/Offenbach-II-300x200.jpg 300w, https:\/\/insideamateurfussball-ffm.de\/wp-content\/uploads\/2024\/10\/Offenbach-II-768x512.jpg 768w\" sizes=\"auto, (max-width: 1034px) 100vw, 1034px\" \/><figcaption id=\"caption-attachment-21506\" class=\"wp-caption-text\">Kickers Offenbach II setzte Dortelweil die erste Niederlage zu. Foto: Archiv Andre Sturmeit.<\/figcaption><\/figure>\n<h4>SC Dortelweil &#8211; Kickers Offenbach II 1:3 (0:2)<\/h4>\n<p><img loading=\"lazy\" decoding=\"async\" class=\"alignnone size-full wp-image-435\" src=\"http:\/\/insideamateurfussball-ffm.de\/wp-content\/uploads\/2022\/05\/Dortelweil.jpg\" alt=\"\" width=\"80\" height=\"80\" \/><img loading=\"lazy\" decoding=\"async\" class=\"alignnone size-full wp-image-7574\" src=\"http:\/\/insideamateurfussball-ffm.de\/wp-content\/uploads\/2023\/04\/ofc.jpg\" alt=\"\" width=\"80\" height=\"80\" \/><\/p>\n<p>Nach sieben Siegen in Folge wurde die wei\u00dfe Weste der Dortelweiler von der Offenbacher Zweitvertretung beschmutzt, dir von vielen Anh\u00e4ngern lautstark unterst\u00fctzt wurde. Trotz einer Vielzahl an Chancen gelang es den Gastgebern nur einmal, den aus dem Regionalliga-Kader des OFC abgestellten Torh\u00fcter Lucas Becker zu \u00fcberwinden.<\/p>\n<p>Da lagen die Dortelweiler aber schon mit 0:3 zur\u00fcck, da die G\u00e4ste ihre wenigen Chancen konsequent nutzten. Offenbach pr\u00e4sentierte sich effektiver. Luca Horst besorgte nach einer halben Stunde aus elf Metern die \u00fcberraschende F\u00fchrung. Ein Eigentor von Morishima, der von OFC-St\u00fcrmer Oliver Kovacic angeschossen wurde, verdoppelte das OFC-Polster noch vor der Pause (37.). Nach dem Seitenwechsel klingelte es zum dritten Mal in Yannick R\u00fchls Kasten.<\/p>\n<blockquote>\n<h4>&#8222;Dieses Spiel h\u00e4tten wir definitiv nicht verlieren m\u00fcssen.&#8220; (Dortelweils Trainer G\u00fcltekin Cagritekin)<\/h4>\n<\/blockquote>\n<p>Quassim Karada hatte nach einem Freisto\u00df hinter die SCD-Mauer zugeschlagen. In der noch verbleibenden Spielzeit sprang f\u00fcr die Gastgeber nur noch das 1:3 durch Morishimas direkt verwandelten Freisto\u00df in der 81. Minute heraus. Weitere klare M\u00f6glichkeiten machte Becker im OFC-Tor zunichte. Dortelweils Trainer G\u00fcltekin Cagritekin meinte: &#8222;Dieses Spiel h\u00e4tten wir definitiv nicht verlieren m\u00fcssen. Wir hatten pro Halbzeit einen Mittelwert von vier bis f\u00fcnf Chancen. Durch falsche Entscheidungen wurde unsere ansonsten so starke Defensive in Bedr\u00e4ngnis gebracht.&#8220;<\/p>\n<p>Am Sonntag im Gastspiel bei Rot-Weiss Frankfurt k\u00f6nnen es die Dortelweiler wieder besser machen.<\/p>\n<blockquote>\n<h4>Schiedsrichter: Elias Appel (SG Kiebitzgrund). Zuschauer: 280.<\/h4>\n<h4>Tore: 0:1 Luca Horst (30.), 0:2 Masahito Morishima (37.\/Eigentor), 0:3 Ouassim Karada (63.), 1.3 Masahito Morishima (81.).<\/h4>\n<\/blockquote>\n","protected":false},"excerpt":{"rendered":"<p>Jetzt hat es den SC Dortelweil auch in der Verbandsliga S\u00fcd erwischt. Nach der Niederlage im Kreispokal beim FC Karben unterlagen die Dortelweiler am Donnerstag Kickers Offenbach II mit 1:3 und mussten die Tabellenf\u00fchrung an Aufsteiger SV Hummetroth abgeben. SC Dortelweil &#8211; Kickers Offenbach II 1:3 (0:2) Nach sieben Siegen in Folge wurde die wei\u00dfe [&hellip;]<\/p>\n","protected":false},"author":1,"featured_media":21506,"comment_status":"closed","ping_status":"closed","sticky":true,"template":"","format":"standard","meta":{"footnotes":""},"categories":[10],"tags":[],"class_list":["post-21504","post","type-post","status-publish","format-standard","has-post-thumbnail","hentry","category-verbandsliga-sued"],"_links":{"self":[{"href":"https:\/\/insideamateurfussball-ffm.de\/index.php?rest_route=\/wp\/v2\/posts\/21504","targetHints":{"allow":["GET"]}}],"collection":[{"href":"https:\/\/insideamateurfussball-ffm.de\/index.php?rest_route=\/wp\/v2\/posts"}],"about":[{"href":"https:\/\/insideamateurfussball-ffm.de\/index.php?rest_route=\/wp\/v2\/types\/post"}],"author":[{"embeddable":true,"href":"https:\/\/insideamateurfussball-ffm.de\/index.php?rest_route=\/wp\/v2\/users\/1"}],"replies":[{"embeddable":true,"href":"https:\/\/insideamateurfussball-ffm.de\/index.php?rest_route=%2Fwp%2Fv2%2Fcomments&post=21504"}],"version-history":[{"count":2,"href":"https:\/\/insideamateurfussball-ffm.de\/index.php?rest_route=\/wp\/v2\/posts\/21504\/revisions"}],"predecessor-version":[{"id":21508,"href":"https:\/\/insideamateurfussball-ffm.de\/index.php?rest_route=\/wp\/v2\/posts\/21504\/revisions\/21508"}],"wp:featuredmedia":[{"embeddable":true,"href":"https:\/\/insideamateurfussball-ffm.de\/index.php?rest_route=\/wp\/v2\/media\/21506"}],"wp:attachment":[{"href":"https:\/\/insideamateurfussball-ffm.de\/index.php?rest_route=%2Fwp%2Fv2%2Fmedia&parent=21504"}],"wp:term":[{"taxonomy":"category","embeddable":true,"href":"https:\/\/insideamateurfussball-ffm.de\/index.php?rest_route=%2Fwp%2Fv2%2Fcategories&post=21504"},{"taxonomy":"post_tag","embeddable":true,"href":"https:\/\/insideamateurfussball-ffm.de\/index.php?rest_route=%2Fwp%2Fv2%2Ftags&post=21504"}],"curies":[{"name":"wp","href":"https:\/\/api.w.org\/{rel}","templated":true}]}}