{"id":21490,"date":"2024-10-04T15:05:16","date_gmt":"2024-10-04T13:05:16","guid":{"rendered":"https:\/\/insideamateurfussball-ffm.de\/?p=21490"},"modified":"2024-10-04T15:05:16","modified_gmt":"2024-10-04T13:05:16","slug":"kalbach-mit-lucky-punch-gegen-friedrichsdorf","status":"publish","type":"post","link":"https:\/\/insideamateurfussball-ffm.de\/?p=21490","title":{"rendered":"Kalbach mit \u201eLucky Punch\u201c gegen Friedrichsdorf"},"content":{"rendered":"<h4>Durch ein sp\u00e4tes Tor in der Nachspielzeit konnte der FC Kalbach in Unterzahl seine Tabellenf\u00fchrung behaupten, nach dem 2:1-Sieg gegen den FSV Friedrichsdorf geht es jetzt zum Topspiel zum FC Karben.<\/h4>\n<figure id=\"attachment_20372\" aria-describedby=\"caption-attachment-20372\" style=\"width: 2016px\" class=\"wp-caption alignnone\"><img loading=\"lazy\" decoding=\"async\" class=\"wp-image-20372 size-full\" src=\"http:\/\/insideamateurfussball-ffm.de\/wp-content\/uploads\/2024\/08\/kalbachseckbach09.jpg\" alt=\"\" width=\"2016\" height=\"1512\" srcset=\"https:\/\/insideamateurfussball-ffm.de\/wp-content\/uploads\/2024\/08\/kalbachseckbach09.jpg 2016w, https:\/\/insideamateurfussball-ffm.de\/wp-content\/uploads\/2024\/08\/kalbachseckbach09-300x225.jpg 300w, https:\/\/insideamateurfussball-ffm.de\/wp-content\/uploads\/2024\/08\/kalbachseckbach09-1024x768.jpg 1024w, https:\/\/insideamateurfussball-ffm.de\/wp-content\/uploads\/2024\/08\/kalbachseckbach09-768x576.jpg 768w, https:\/\/insideamateurfussball-ffm.de\/wp-content\/uploads\/2024\/08\/kalbachseckbach09-1536x1152.jpg 1536w\" sizes=\"auto, (max-width: 2016px) 100vw, 2016px\" \/><figcaption id=\"caption-attachment-20372\" class=\"wp-caption-text\">Die Kalbacher konnten mit einem sp\u00e4ten Tor die Tabellenf\u00fchrung verteidigen. Foto: Archiv<\/figcaption><\/figure>\n<h4>FC Kalbach &#8211; FSV Friedrichsdorf 2:1 (0:1)<\/h4>\n<p><img loading=\"lazy\" decoding=\"async\" class=\"alignnone size-full wp-image-16\" src=\"http:\/\/insideamateurfussball-ffm.de\/wp-content\/uploads\/2021\/11\/kalbach-wappen.jpg\" alt=\"\" width=\"80\" height=\"80\" \/><img loading=\"lazy\" decoding=\"async\" class=\"alignnone size-full wp-image-607\" src=\"http:\/\/insideamateurfussball-ffm.de\/wp-content\/uploads\/2022\/06\/FSV-F.png\" alt=\"\" width=\"80\" height=\"76\" \/><\/p>\n<p>Der FC Kalbach brauchte wieder einmal die zweite H\u00e4lfte, um ein Spiel zu drehen. Nach den Worten von Co-Trainer Lukas H\u00f6ll hat \u201edie Mannschaft in der ersten Halbzeit die Intensit\u00e4t vermissen lassen und ist nur schwer ins Spiel gekommen\u201c. Zwar erzielten die Kalbacher in der ersten Halbzeit zwei Abseitstore, aber die F\u00fchrung gelang den G\u00e4sten aus Friedrichsdorf durch ein Tor von Max Miot Paschke in der 41.Minute.<\/p>\n<p>Nach einer intensiven Kabinenansprache kamen die Kalbacher verbessert aus der Pause und erspielten sich einige Chancen, allerdings verhalf den Gastgebern erst ein Spielerwechsel zum Ausgleich. In der 69.Minute wurde Anthony Wade eingewechselt, der folgende Einwurf wurde auf Au\u00dfen gespielt und die Flanke konnte Anthony Wade mit seiner ersten Ballber\u00fchrung mit einem Flugkopfball zum 1:1 verwerten. Es schien alles auf ein Unentschieden und den Verlust der Tabellenf\u00fchrung hinauszulaufen, vor allen Dingen auch deshalb, weil die Gastgeber auch noch Oliver Pauls in der 90.Minute mit einer gelb-roten Karte verloren.<\/p>\n<p>Doch Fabio Pinto da Silva konnte in der zweiten Minute der Nachspielzeit noch das 2.1 erzielen, damit fahren die Kalbacher jetzt als Tabellenf\u00fchrer zum FC Karben. Co-Trainer H\u00f6ll: \u201ewir sind sehr happy \u00fcber den Sieg, der sp\u00e4te Siegtreffer spiegelt aber auch den positiven Geist der gesamten Mannschaft wider. Es zeigt sich aber auch, dass wir auf der Bank immer gute Spieler zum Nachlegen haben. Und jetzt freuen wir uns auf das Spitzenspiel in Karben.\u201c Derzeit f\u00fchrt der FC Kalbach die Tabelle mit einem Punkt Vorsprung auf den FC Karben an.<\/p>\n<h4>Schiedsrichter: Yannick Schweitzer (FC Werdorf). Zuschauer: 60.<\/h4>\n<h4>Tore: 0:1 Max Miot Paschke (41.), 1:1 Anthony Wade (69.), 2:1 Fabio Pinta da Silve (90.+2)<\/h4>\n","protected":false},"excerpt":{"rendered":"<p>Durch ein sp\u00e4tes Tor in der Nachspielzeit konnte der FC Kalbach in Unterzahl seine Tabellenf\u00fchrung behaupten, nach dem 2:1-Sieg gegen den FSV Friedrichsdorf geht es jetzt zum Topspiel zum FC Karben. FC Kalbach &#8211; FSV Friedrichsdorf 2:1 (0:1) Der FC Kalbach brauchte wieder einmal die zweite H\u00e4lfte, um ein Spiel zu drehen. Nach den Worten [&hellip;]<\/p>\n","protected":false},"author":3,"featured_media":20372,"comment_status":"closed","ping_status":"open","sticky":true,"template":"","format":"standard","meta":{"footnotes":""},"categories":[13],"tags":[],"class_list":["post-21490","post","type-post","status-publish","format-standard","has-post-thumbnail","hentry","category-gruppenliga-frankfurt-west"],"_links":{"self":[{"href":"https:\/\/insideamateurfussball-ffm.de\/index.php?rest_route=\/wp\/v2\/posts\/21490","targetHints":{"allow":["GET"]}}],"collection":[{"href":"https:\/\/insideamateurfussball-ffm.de\/index.php?rest_route=\/wp\/v2\/posts"}],"about":[{"href":"https:\/\/insideamateurfussball-ffm.de\/index.php?rest_route=\/wp\/v2\/types\/post"}],"author":[{"embeddable":true,"href":"https:\/\/insideamateurfussball-ffm.de\/index.php?rest_route=\/wp\/v2\/users\/3"}],"replies":[{"embeddable":true,"href":"https:\/\/insideamateurfussball-ffm.de\/index.php?rest_route=%2Fwp%2Fv2%2Fcomments&post=21490"}],"version-history":[{"count":2,"href":"https:\/\/insideamateurfussball-ffm.de\/index.php?rest_route=\/wp\/v2\/posts\/21490\/revisions"}],"predecessor-version":[{"id":21492,"href":"https:\/\/insideamateurfussball-ffm.de\/index.php?rest_route=\/wp\/v2\/posts\/21490\/revisions\/21492"}],"wp:featuredmedia":[{"embeddable":true,"href":"https:\/\/insideamateurfussball-ffm.de\/index.php?rest_route=\/wp\/v2\/media\/20372"}],"wp:attachment":[{"href":"https:\/\/insideamateurfussball-ffm.de\/index.php?rest_route=%2Fwp%2Fv2%2Fmedia&parent=21490"}],"wp:term":[{"taxonomy":"category","embeddable":true,"href":"https:\/\/insideamateurfussball-ffm.de\/index.php?rest_route=%2Fwp%2Fv2%2Fcategories&post=21490"},{"taxonomy":"post_tag","embeddable":true,"href":"https:\/\/insideamateurfussball-ffm.de\/index.php?rest_route=%2Fwp%2Fv2%2Ftags&post=21490"}],"curies":[{"name":"wp","href":"https:\/\/api.w.org\/{rel}","templated":true}]}}