{"id":21468,"date":"2024-10-04T12:24:57","date_gmt":"2024-10-04T10:24:57","guid":{"rendered":"https:\/\/insideamateurfussball-ffm.de\/?p=21468"},"modified":"2024-10-04T16:04:01","modified_gmt":"2024-10-04T14:04:01","slug":"3-chaouki-tore-beim-51-sieg-fuer-fechenheim","status":"publish","type":"post","link":"https:\/\/insideamateurfussball-ffm.de\/?p=21468","title":{"rendered":"3 Chaouki-Tore beim 5:1-Sieg f\u00fcr Fechenheim"},"content":{"rendered":"<h4>Die Spvgg. 03 Fechenheim hat ihre gute Form nachdr\u00fccklich best\u00e4tigt, gegen T\u00fcrkg\u00fcc\u00fc Frankfurt siegte man aufgrund einer guten ersten H\u00e4lfte klar mit 5:1, dabei steuerte allein Yassin Chaouki 3 Tore bei.<\/h4>\n<figure id=\"attachment_21475\" aria-describedby=\"caption-attachment-21475\" style=\"width: 2016px\" class=\"wp-caption alignnone\"><img loading=\"lazy\" decoding=\"async\" class=\"wp-image-21475 size-full\" src=\"http:\/\/insideamateurfussball-ffm.de\/wp-content\/uploads\/2024\/10\/fechenheimtuerkguecue6.jpg\" alt=\"\" width=\"2016\" height=\"1512\" srcset=\"https:\/\/insideamateurfussball-ffm.de\/wp-content\/uploads\/2024\/10\/fechenheimtuerkguecue6.jpg 2016w, https:\/\/insideamateurfussball-ffm.de\/wp-content\/uploads\/2024\/10\/fechenheimtuerkguecue6-300x225.jpg 300w, https:\/\/insideamateurfussball-ffm.de\/wp-content\/uploads\/2024\/10\/fechenheimtuerkguecue6-1024x768.jpg 1024w, https:\/\/insideamateurfussball-ffm.de\/wp-content\/uploads\/2024\/10\/fechenheimtuerkguecue6-768x576.jpg 768w, https:\/\/insideamateurfussball-ffm.de\/wp-content\/uploads\/2024\/10\/fechenheimtuerkguecue6-1536x1152.jpg 1536w\" sizes=\"auto, (max-width: 2016px) 100vw, 2016px\" \/><figcaption id=\"caption-attachment-21475\" class=\"wp-caption-text\">Yassin Chaouki, hier in der Mitte, konnte drei Tore zum 5:1-Sieg beisteuern. Foto: M<\/figcaption><\/figure>\n<h4>Spvgg. 03 Fechenheim &#8211; T\u00fcrkg\u00fcc\u00fc Frankfurt 5.1 (4:0)<\/h4>\n<p><img loading=\"lazy\" decoding=\"async\" class=\"alignnone size-full wp-image-603\" src=\"http:\/\/insideamateurfussball-ffm.de\/wp-content\/uploads\/2022\/06\/Fech03.jpg\" alt=\"\" width=\"52\" height=\"80\" \/><img loading=\"lazy\" decoding=\"async\" class=\"alignnone size-full wp-image-17\" src=\"http:\/\/insideamateurfussball-ffm.de\/wp-content\/uploads\/2021\/11\/Tuerkguecue.jpg\" alt=\"\" width=\"72\" height=\"80\" \/><\/p>\n<p>Die Spvgg. 03 Fechenheim mischt weiterhin an der Tabellenspitze mit und verbesserte sich auf Platz 3. In der ersten Halbzeit entwickelte sich ein spielerisch gutes Spiel beider Mannschaften, wobei die Gastgeber von der Spvgg. 03 Fechenheim bereits in der 8.Minute mit 1:0 in F\u00fchrung gehen konnten, nach einem Fehler im Aufbauspiel von T\u00fcrkg\u00fcc\u00fc wurde Yassin Benjilali auf rechts freigespielt, er versenkte den Ball konsequent in den Maschen. Spielerisch konnte T\u00fcrkg\u00fcc\u00fc einigerma\u00dfen mithalten, aber in der Offensive kam von den G\u00e4sten nicht viel. Die Gastgeber kamen immer wieder durch schnelles Umschaltspiel und P\u00e4sse in die Spitze zu Chancen, von denen in den letzten 10 Minuten der ersten H\u00e4lfte drei noch ihr Ziel fanden, unterst\u00fctzt durch eine offene Abwehr der G\u00e4ste.<\/p>\n<p>In der 35.Minute traf Kaleab Eyassu mit einem Schuss erst den Pfosten, den Abpraller schob er in die Mitte, wo Yassin Chaouki keine M\u00fche hatte, zum 2:0 zu vollenden. Das 3:0 fiel dann in der 43.Minute, nach einem Fehlpass in der Abwehr von T\u00fcrkg\u00fcc\u00fc lief Yassin Chaouki frei auf den Torwart zu und legte dann quer, wo Kaleab Eyassu den Ball ins Tor einschieben konnte. Kurz vor dem Pausenpfiff erh\u00f6hte dann erneut Yassin Chaouki auf 4:0.<\/p>\n<p>In der zweiten Halbzeit hielt T\u00fcrkg\u00fcc\u00fc mehr dagegen und erspielte sich einige gute Chancen, den n\u00e4chsten Treffer erzielte aber wieder Yassin Chaouki, der mit seinem bereits 12.Saisontor das 5:0 markierte. F\u00fcr T\u00fcrkg\u00fcc\u00fc reichte es in der 81.Minute immerhin noch zum Ehrentreffer, das Tor von Mert Kuzu zum 1:5 belohnte eine gute zweite Halbzeit von T\u00fcrkg\u00fcc\u00fc Frankfurt.<\/p>\n<p>Tamer G\u00fcrsoy, Co-Trainer von T\u00fcrkg\u00fcc\u00fc, nach dem Spiel: \u201edie erste Halbzeit haben wir wirklich von der gesamten Mannschaft her verpennt, die ersten drei Tore waren durch individuelle Fehler im Mittelfeld mit leichten Ballverlusten, die Fechenheimer haben das in der ersten Halbzeit auch gut herausgespielt. Aber im Gro\u00dfen und Ganzen glaube ich, dass wir in der zweiten Halbzeit eine gute Reaktion gezeigt haben, wir hatten auf jeden Fall einige Torchancen, die leider nicht im Netz zappelten, und dementsprechend hat Fechenheim das verdient gewonnen.\u201c<\/p>\n<p>Fechenheims Trainer Asghar Al-Jaali: \u201ewas wir haben wollten, die drei Punkte hierzubehalten, das haben wir geschafft, das Ergebnis ist auch OK. Aber \u00fcber die gesamten 90 Minuten bin ich nicht ganz zufrieden, weil da viel Sand im Getriebe war im Spielaufbau, da waren wir zu unkonzentriert. Das hat mir nicht so gut gefallen, aber wichtig sind die drei Punkte und ich finde, der Sieg auch in dieser H\u00f6he ist in Ordnung, aber es hat nicht alles so geklappt, wie ich mir es vorgestellt h\u00e4tte.\u201c<\/p>\n<p>Am Sonntag geht es f\u00fcr Fechenheim weiter mit dem Spiel bei der Spvgg. 05 Oberrad, w\u00e4hrend T\u00fcrkg\u00fcc\u00fc Frankfurt beim FFV 04 Sportfreunde antreten muss.<\/p>\n<h4>Schiedsrichter: Nikolas Czypull (TSV 05 Reichenbach). Zuschauer: 100.<\/h4>\n<h4>Tore: 1:0 Yassin Benjilali (8.), 2:0 Yassin Chaouki (35.), 3:0 Kaleab Eyassu (43.), 4:0 Yassin Chaouki (45.), 5:0 Yassin Chaouki (61.), 5:1 Mert Kuzu (81.)<\/h4>\n\n\n<figure class=\"wp-block-image size-large\"><img loading=\"lazy\" decoding=\"async\" width=\"1024\" height=\"768\" src=\"http:\/\/insideamateurfussball-ffm.de\/wp-content\/uploads\/2024\/10\/fechenheimtuerkguecue0-1024x768.jpg\" alt=\"\" class=\"wp-image-21469\" srcset=\"https:\/\/insideamateurfussball-ffm.de\/wp-content\/uploads\/2024\/10\/fechenheimtuerkguecue0-1024x768.jpg 1024w, https:\/\/insideamateurfussball-ffm.de\/wp-content\/uploads\/2024\/10\/fechenheimtuerkguecue0-300x225.jpg 300w, https:\/\/insideamateurfussball-ffm.de\/wp-content\/uploads\/2024\/10\/fechenheimtuerkguecue0-768x576.jpg 768w, https:\/\/insideamateurfussball-ffm.de\/wp-content\/uploads\/2024\/10\/fechenheimtuerkguecue0-1536x1152.jpg 1536w, https:\/\/insideamateurfussball-ffm.de\/wp-content\/uploads\/2024\/10\/fechenheimtuerkguecue0.jpg 2016w\" sizes=\"auto, (max-width: 1024px) 100vw, 1024px\" \/><\/figure>\n\n\n\n<figure class=\"wp-block-image size-large\"><img loading=\"lazy\" decoding=\"async\" width=\"1024\" height=\"768\" src=\"http:\/\/insideamateurfussball-ffm.de\/wp-content\/uploads\/2024\/10\/fechenheimtuerkguecue1-1024x768.jpg\" alt=\"\" class=\"wp-image-21470\" srcset=\"https:\/\/insideamateurfussball-ffm.de\/wp-content\/uploads\/2024\/10\/fechenheimtuerkguecue1-1024x768.jpg 1024w, https:\/\/insideamateurfussball-ffm.de\/wp-content\/uploads\/2024\/10\/fechenheimtuerkguecue1-300x225.jpg 300w, https:\/\/insideamateurfussball-ffm.de\/wp-content\/uploads\/2024\/10\/fechenheimtuerkguecue1-768x576.jpg 768w, https:\/\/insideamateurfussball-ffm.de\/wp-content\/uploads\/2024\/10\/fechenheimtuerkguecue1-1536x1152.jpg 1536w, https:\/\/insideamateurfussball-ffm.de\/wp-content\/uploads\/2024\/10\/fechenheimtuerkguecue1.jpg 2016w\" sizes=\"auto, (max-width: 1024px) 100vw, 1024px\" \/><\/figure>\n\n\n\n<figure class=\"wp-block-image size-large\"><img loading=\"lazy\" decoding=\"async\" width=\"1024\" height=\"768\" src=\"http:\/\/insideamateurfussball-ffm.de\/wp-content\/uploads\/2024\/10\/fechenheimtuerkguecue2-1024x768.jpg\" alt=\"\" class=\"wp-image-21471\" srcset=\"https:\/\/insideamateurfussball-ffm.de\/wp-content\/uploads\/2024\/10\/fechenheimtuerkguecue2-1024x768.jpg 1024w, https:\/\/insideamateurfussball-ffm.de\/wp-content\/uploads\/2024\/10\/fechenheimtuerkguecue2-300x225.jpg 300w, https:\/\/insideamateurfussball-ffm.de\/wp-content\/uploads\/2024\/10\/fechenheimtuerkguecue2-768x576.jpg 768w, https:\/\/insideamateurfussball-ffm.de\/wp-content\/uploads\/2024\/10\/fechenheimtuerkguecue2-1536x1152.jpg 1536w, https:\/\/insideamateurfussball-ffm.de\/wp-content\/uploads\/2024\/10\/fechenheimtuerkguecue2.jpg 2016w\" sizes=\"auto, (max-width: 1024px) 100vw, 1024px\" \/><\/figure>\n\n\n\n<figure class=\"wp-block-image size-large\"><img loading=\"lazy\" decoding=\"async\" width=\"1024\" height=\"768\" src=\"http:\/\/insideamateurfussball-ffm.de\/wp-content\/uploads\/2024\/10\/fechenheimtuerkguecue3-1024x768.jpg\" alt=\"\" class=\"wp-image-21472\" srcset=\"https:\/\/insideamateurfussball-ffm.de\/wp-content\/uploads\/2024\/10\/fechenheimtuerkguecue3-1024x768.jpg 1024w, https:\/\/insideamateurfussball-ffm.de\/wp-content\/uploads\/2024\/10\/fechenheimtuerkguecue3-300x225.jpg 300w, https:\/\/insideamateurfussball-ffm.de\/wp-content\/uploads\/2024\/10\/fechenheimtuerkguecue3-768x576.jpg 768w, https:\/\/insideamateurfussball-ffm.de\/wp-content\/uploads\/2024\/10\/fechenheimtuerkguecue3-1536x1152.jpg 1536w, https:\/\/insideamateurfussball-ffm.de\/wp-content\/uploads\/2024\/10\/fechenheimtuerkguecue3.jpg 2016w\" sizes=\"auto, (max-width: 1024px) 100vw, 1024px\" \/><\/figure>\n\n\n\n<figure class=\"wp-block-image size-large\"><img loading=\"lazy\" decoding=\"async\" width=\"1024\" height=\"768\" src=\"http:\/\/insideamateurfussball-ffm.de\/wp-content\/uploads\/2024\/10\/fechenheimtuerkguecue4-1024x768.jpg\" alt=\"\" class=\"wp-image-21473\" srcset=\"https:\/\/insideamateurfussball-ffm.de\/wp-content\/uploads\/2024\/10\/fechenheimtuerkguecue4-1024x768.jpg 1024w, https:\/\/insideamateurfussball-ffm.de\/wp-content\/uploads\/2024\/10\/fechenheimtuerkguecue4-300x225.jpg 300w, https:\/\/insideamateurfussball-ffm.de\/wp-content\/uploads\/2024\/10\/fechenheimtuerkguecue4-768x576.jpg 768w, https:\/\/insideamateurfussball-ffm.de\/wp-content\/uploads\/2024\/10\/fechenheimtuerkguecue4-1536x1152.jpg 1536w, https:\/\/insideamateurfussball-ffm.de\/wp-content\/uploads\/2024\/10\/fechenheimtuerkguecue4.jpg 2016w\" sizes=\"auto, (max-width: 1024px) 100vw, 1024px\" \/><\/figure>\n\n\n\n<figure class=\"wp-block-image size-large\"><img loading=\"lazy\" decoding=\"async\" width=\"1024\" height=\"768\" src=\"http:\/\/insideamateurfussball-ffm.de\/wp-content\/uploads\/2024\/10\/fechenheimtuerkguecue5-1024x768.jpg\" alt=\"\" class=\"wp-image-21474\" srcset=\"https:\/\/insideamateurfussball-ffm.de\/wp-content\/uploads\/2024\/10\/fechenheimtuerkguecue5-1024x768.jpg 1024w, https:\/\/insideamateurfussball-ffm.de\/wp-content\/uploads\/2024\/10\/fechenheimtuerkguecue5-300x225.jpg 300w, https:\/\/insideamateurfussball-ffm.de\/wp-content\/uploads\/2024\/10\/fechenheimtuerkguecue5-768x576.jpg 768w, https:\/\/insideamateurfussball-ffm.de\/wp-content\/uploads\/2024\/10\/fechenheimtuerkguecue5-1536x1152.jpg 1536w, https:\/\/insideamateurfussball-ffm.de\/wp-content\/uploads\/2024\/10\/fechenheimtuerkguecue5.jpg 2016w\" sizes=\"auto, (max-width: 1024px) 100vw, 1024px\" \/><\/figure>\n\n\n\n<figure class=\"wp-block-image size-large\"><img loading=\"lazy\" decoding=\"async\" width=\"1024\" height=\"768\" src=\"http:\/\/insideamateurfussball-ffm.de\/wp-content\/uploads\/2024\/10\/fechenheimtuerkguecue7-1024x768.jpg\" alt=\"\" class=\"wp-image-21476\" srcset=\"https:\/\/insideamateurfussball-ffm.de\/wp-content\/uploads\/2024\/10\/fechenheimtuerkguecue7-1024x768.jpg 1024w, https:\/\/insideamateurfussball-ffm.de\/wp-content\/uploads\/2024\/10\/fechenheimtuerkguecue7-300x225.jpg 300w, https:\/\/insideamateurfussball-ffm.de\/wp-content\/uploads\/2024\/10\/fechenheimtuerkguecue7-768x576.jpg 768w, https:\/\/insideamateurfussball-ffm.de\/wp-content\/uploads\/2024\/10\/fechenheimtuerkguecue7-1536x1152.jpg 1536w, https:\/\/insideamateurfussball-ffm.de\/wp-content\/uploads\/2024\/10\/fechenheimtuerkguecue7.jpg 2016w\" sizes=\"auto, (max-width: 1024px) 100vw, 1024px\" \/><\/figure>\n\n\n\n<figure class=\"wp-block-image size-large\"><img loading=\"lazy\" decoding=\"async\" width=\"1024\" height=\"768\" src=\"http:\/\/insideamateurfussball-ffm.de\/wp-content\/uploads\/2024\/10\/fechenheimtuerkguecue8-1024x768.jpg\" alt=\"\" class=\"wp-image-21477\" srcset=\"https:\/\/insideamateurfussball-ffm.de\/wp-content\/uploads\/2024\/10\/fechenheimtuerkguecue8-1024x768.jpg 1024w, https:\/\/insideamateurfussball-ffm.de\/wp-content\/uploads\/2024\/10\/fechenheimtuerkguecue8-300x225.jpg 300w, https:\/\/insideamateurfussball-ffm.de\/wp-content\/uploads\/2024\/10\/fechenheimtuerkguecue8-768x576.jpg 768w, https:\/\/insideamateurfussball-ffm.de\/wp-content\/uploads\/2024\/10\/fechenheimtuerkguecue8-1536x1152.jpg 1536w, https:\/\/insideamateurfussball-ffm.de\/wp-content\/uploads\/2024\/10\/fechenheimtuerkguecue8.jpg 2016w\" sizes=\"auto, (max-width: 1024px) 100vw, 1024px\" \/><\/figure>\n","protected":false},"excerpt":{"rendered":"<p>Die Spvgg. 03 Fechenheim hat ihre gute Form nachdr\u00fccklich best\u00e4tigt, gegen T\u00fcrkg\u00fcc\u00fc Frankfurt siegte man aufgrund einer guten ersten H\u00e4lfte klar mit 5:1, dabei steuerte allein Yassin Chaouki 3 Tore bei. Spvgg. 03 Fechenheim &#8211; T\u00fcrkg\u00fcc\u00fc Frankfurt 5.1 (4:0) Die Spvgg. 03 Fechenheim mischt weiterhin an der Tabellenspitze mit und verbesserte sich auf Platz 3. [&hellip;]<\/p>\n","protected":false},"author":3,"featured_media":21475,"comment_status":"closed","ping_status":"open","sticky":true,"template":"","format":"standard","meta":{"footnotes":""},"categories":[13],"tags":[],"class_list":["post-21468","post","type-post","status-publish","format-standard","has-post-thumbnail","hentry","category-gruppenliga-frankfurt-west"],"_links":{"self":[{"href":"https:\/\/insideamateurfussball-ffm.de\/index.php?rest_route=\/wp\/v2\/posts\/21468","targetHints":{"allow":["GET"]}}],"collection":[{"href":"https:\/\/insideamateurfussball-ffm.de\/index.php?rest_route=\/wp\/v2\/posts"}],"about":[{"href":"https:\/\/insideamateurfussball-ffm.de\/index.php?rest_route=\/wp\/v2\/types\/post"}],"author":[{"embeddable":true,"href":"https:\/\/insideamateurfussball-ffm.de\/index.php?rest_route=\/wp\/v2\/users\/3"}],"replies":[{"embeddable":true,"href":"https:\/\/insideamateurfussball-ffm.de\/index.php?rest_route=%2Fwp%2Fv2%2Fcomments&post=21468"}],"version-history":[{"count":4,"href":"https:\/\/insideamateurfussball-ffm.de\/index.php?rest_route=\/wp\/v2\/posts\/21468\/revisions"}],"predecessor-version":[{"id":21498,"href":"https:\/\/insideamateurfussball-ffm.de\/index.php?rest_route=\/wp\/v2\/posts\/21468\/revisions\/21498"}],"wp:featuredmedia":[{"embeddable":true,"href":"https:\/\/insideamateurfussball-ffm.de\/index.php?rest_route=\/wp\/v2\/media\/21475"}],"wp:attachment":[{"href":"https:\/\/insideamateurfussball-ffm.de\/index.php?rest_route=%2Fwp%2Fv2%2Fmedia&parent=21468"}],"wp:term":[{"taxonomy":"category","embeddable":true,"href":"https:\/\/insideamateurfussball-ffm.de\/index.php?rest_route=%2Fwp%2Fv2%2Fcategories&post=21468"},{"taxonomy":"post_tag","embeddable":true,"href":"https:\/\/insideamateurfussball-ffm.de\/index.php?rest_route=%2Fwp%2Fv2%2Ftags&post=21468"}],"curies":[{"name":"wp","href":"https:\/\/api.w.org\/{rel}","templated":true}]}}