{"id":21440,"date":"2024-10-03T11:57:15","date_gmt":"2024-10-03T09:57:15","guid":{"rendered":"https:\/\/insideamateurfussball-ffm.de\/?p=21440"},"modified":"2024-10-04T11:32:26","modified_gmt":"2024-10-04T09:32:26","slug":"oberrad-wieder-zurueck-in-der-erfolgsspur","status":"publish","type":"post","link":"https:\/\/insideamateurfussball-ffm.de\/?p=21440","title":{"rendered":"Oberrad wieder zur\u00fcck in der Erfolgsspur"},"content":{"rendered":"<h4>Die Spvgg. 05 Oberrad konnte nach zwei Ausw\u00e4rtsniederlagen wieder einen Erfolg feiern, im vorgezogenen Spiel unter Flutlicht gewannen die Frankfurter Gastgeber gegen den FV Bad Vilbel klar mit 4:1.<\/h4>\n<figure id=\"attachment_20996\" aria-describedby=\"caption-attachment-20996\" style=\"width: 640px\" class=\"wp-caption alignnone\"><img loading=\"lazy\" decoding=\"async\" class=\"wp-image-20996 size-full\" src=\"http:\/\/insideamateurfussball-ffm.de\/wp-content\/uploads\/2024\/09\/tempooberrad02.jpg\" alt=\"\" width=\"640\" height=\"480\" srcset=\"https:\/\/insideamateurfussball-ffm.de\/wp-content\/uploads\/2024\/09\/tempooberrad02.jpg 640w, https:\/\/insideamateurfussball-ffm.de\/wp-content\/uploads\/2024\/09\/tempooberrad02-300x225.jpg 300w\" sizes=\"auto, (max-width: 640px) 100vw, 640px\" \/><figcaption id=\"caption-attachment-20996\" class=\"wp-caption-text\">Trainer Bernstein war zufrieden, dass seine Mannschaft wieder zu drei Punkten kam. Foto: Archiv<\/figcaption><\/figure>\n<h4>Spvgg. 05 Oberrad &#8211; FV Bad Vilbel 4:1 (2:0)<\/h4>\n<p><img loading=\"lazy\" decoding=\"async\" class=\"alignnone size-full wp-image-137\" src=\"http:\/\/insideamateurfussball-ffm.de\/wp-content\/uploads\/2022\/05\/Oberrad05.jpg\" alt=\"\" width=\"79\" height=\"80\" \/><img loading=\"lazy\" decoding=\"async\" class=\"alignnone size-full wp-image-146\" src=\"http:\/\/insideamateurfussball-ffm.de\/wp-content\/uploads\/2022\/05\/FV-Bad-Vilbel.jpg\" alt=\"\" width=\"80\" height=\"80\" \/><\/p>\n<p>Die Spvgg. 05 Oberrad wollte nach den zwei Niederlagen in Karben und Stierstadt zu Hause wieder ein Erfolgserlebnis feiern, und dies gelang gegen den FV Bad Vilbel eindrucksvoll. Trainer Gabriel Bernstein gab zu: \u201edie ersten zwanzig Minuten waren wir ungewohnt unsicher, die Mannschaft wirkte nach den zwei Niederlagen verunsichert.\u201c Aber nach zwanzig Minuten \u00fcbernahmen die Gastgeber dann die Spielkontrolle und beherrschten den Gegner aus Bad Vilbel, mit einem Doppelschlag in der 35. und 39.Minute ging man mit 2:0 in die Pause. Beim 1:0 machte sich das fr\u00fche Pressing bemerkbar, nach einer Balleroberung und einer sch\u00f6nen Hereingabe von Sergen Bayraktar konnte Stanislav Druga den Ball volley zur F\u00fchrung ins Tor dr\u00fccken, beim zweiten Tor war Adrian Chao Alvarez erfolgreich, der eine gute Einzelleistung von Milan Matijevic abschlie\u00dfen konnte.<\/p>\n<h3>Gelb-rot f\u00fcr Bad Vilbel<\/h3>\n<p>Kurz vor der Halbzeit schw\u00e4chten sich die G\u00e4ste dann selbst, nach einem Zweikampf erhielt ein Kurst\u00e4dter eine gelbe Karte, daraufhin wurde auch Dominik Emmel wegen Meckerns der gelbe Karton gezeigt. Da Emmel nicht aufh\u00f6rte, sich zu beschweren und die gelbe Karte auch mit Applaus honorierte, wurde er mit Gelb-rot vom Platz gestellt.<\/p>\n<p>In der zweiten Halbzeit spielte Oberrad in \u00dcberzahl weiter auf das Tor der G\u00e4ste und Milan Matijevic erzielte mit einem Schuss ins lange Eck nach feiner Einzelleistung in der 68.Minute das 3:0. Dem gerade zuvor eingewechselten Mohamed Zaki Chouaida gelang in der 78.N\u00ednute auf Vorlage von Matijevic das 4:0, ehe eine Minute sp\u00e4ter die G\u00e4ste nach einer Unaufmerksamkeit der gesamten Oberr\u00e4der Mannschaft durch Justin Tschuschke noch zum Ehrentreffer kamen. Bernstein. \u201eich bin zufrieden mit der Mannschaft, Bad Vilbel hat zwar gut mitgespielt, aber wir haben defensiv kaum etwas zugelassen.\u201c<\/p>\n<p>Die Spvgg. 05 Oberrad sprang vor den heutigen Spielen damit kurzzeitig auf Platz 4 der Tabelle und kann am Sonntag nachlegen, wenn es wieder zu Hause gegen die Spvgg. 03 Fechenheim geht.<\/p>\n<h4>Schiedsrichter: Mirko Radl (Olympia Biebesheim). Zuschauer: 50.<\/h4>\n<h4>Tore: 1:0 Stanislav Druga (35.), 2:0 Adrian Chao Alvarez (39.), 3:0 Milan Matijevic (68.), 4:0 Mohamed Zaki Chouaida (78.), 4:1 Justin Tschuschke (79.)<\/h4>\n","protected":false},"excerpt":{"rendered":"<p>Die Spvgg. 05 Oberrad konnte nach zwei Ausw\u00e4rtsniederlagen wieder einen Erfolg feiern, im vorgezogenen Spiel unter Flutlicht gewannen die Frankfurter Gastgeber gegen den FV Bad Vilbel klar mit 4:1. Spvgg. 05 Oberrad &#8211; FV Bad Vilbel 4:1 (2:0) Die Spvgg. 05 Oberrad wollte nach den zwei Niederlagen in Karben und Stierstadt zu Hause wieder ein [&hellip;]<\/p>\n","protected":false},"author":3,"featured_media":20996,"comment_status":"closed","ping_status":"open","sticky":true,"template":"","format":"standard","meta":{"footnotes":""},"categories":[13],"tags":[],"class_list":["post-21440","post","type-post","status-publish","format-standard","has-post-thumbnail","hentry","category-gruppenliga-frankfurt-west"],"_links":{"self":[{"href":"https:\/\/insideamateurfussball-ffm.de\/index.php?rest_route=\/wp\/v2\/posts\/21440","targetHints":{"allow":["GET"]}}],"collection":[{"href":"https:\/\/insideamateurfussball-ffm.de\/index.php?rest_route=\/wp\/v2\/posts"}],"about":[{"href":"https:\/\/insideamateurfussball-ffm.de\/index.php?rest_route=\/wp\/v2\/types\/post"}],"author":[{"embeddable":true,"href":"https:\/\/insideamateurfussball-ffm.de\/index.php?rest_route=\/wp\/v2\/users\/3"}],"replies":[{"embeddable":true,"href":"https:\/\/insideamateurfussball-ffm.de\/index.php?rest_route=%2Fwp%2Fv2%2Fcomments&post=21440"}],"version-history":[{"count":2,"href":"https:\/\/insideamateurfussball-ffm.de\/index.php?rest_route=\/wp\/v2\/posts\/21440\/revisions"}],"predecessor-version":[{"id":21442,"href":"https:\/\/insideamateurfussball-ffm.de\/index.php?rest_route=\/wp\/v2\/posts\/21440\/revisions\/21442"}],"wp:featuredmedia":[{"embeddable":true,"href":"https:\/\/insideamateurfussball-ffm.de\/index.php?rest_route=\/wp\/v2\/media\/20996"}],"wp:attachment":[{"href":"https:\/\/insideamateurfussball-ffm.de\/index.php?rest_route=%2Fwp%2Fv2%2Fmedia&parent=21440"}],"wp:term":[{"taxonomy":"category","embeddable":true,"href":"https:\/\/insideamateurfussball-ffm.de\/index.php?rest_route=%2Fwp%2Fv2%2Fcategories&post=21440"},{"taxonomy":"post_tag","embeddable":true,"href":"https:\/\/insideamateurfussball-ffm.de\/index.php?rest_route=%2Fwp%2Fv2%2Ftags&post=21440"}],"curies":[{"name":"wp","href":"https:\/\/api.w.org\/{rel}","templated":true}]}}