{"id":2139,"date":"2022-08-22T17:34:01","date_gmt":"2022-08-22T15:34:01","guid":{"rendered":"http:\/\/insideamateurfussball-ffm.de\/?p=2139"},"modified":"2025-01-08T14:24:13","modified_gmt":"2025-01-08T13:24:13","slug":"zeilsheim-weiter-tabellenfuehrer","status":"publish","type":"post","link":"https:\/\/insideamateurfussball-ffm.de\/?p=2139","title":{"rendered":"Zeilsheim weiter Tabellenf\u00fchrer"},"content":{"rendered":"<h4>Mit dem SV Zeilsheim k\u00f6nnen wir nun einen weiteren Verein in die Berichterstattung aufnehmen, der zwar fu\u00dfballgeographisch zum Main-Taunus-Kreis geh\u00f6rt, aber trotzdem zum Stadtgebiet Frankfurt z\u00e4hlt. Pr\u00e4sident Peter Strauch unterst\u00fctzt unser Projekt w\u00f6chentlich mit Bildmaterial und einem kleinen Spielbericht. Vielen Dank daf\u00fcr an die Lenzenbergstra\u00dfe. Nach dem Abstieg aus der Hessenliga ist der SVZ in der Verbandsliga Mitte mit einem neuformierten Team unter der Regie des gebliebenen Trainers Max Martin mit drei Siegen optimal in die Runde gestartet und Tabellenf\u00fchrer.<\/h4>\n<figure id=\"attachment_2140\" aria-describedby=\"caption-attachment-2140\" style=\"width: 308px\" class=\"wp-caption alignnone\"><img loading=\"lazy\" decoding=\"async\" class=\"wp-image-2140\" src=\"http:\/\/insideamateurfussball-ffm.de\/wp-content\/uploads\/2022\/08\/3-Samed-Guersoy-wiederum-mit-3-Treffern-am-Sieg-des-SV-beteiligt_bearbeitet-300x295.jpg\" alt=\"\" width=\"308\" height=\"303\" \/><figcaption id=\"caption-attachment-2140\" class=\"wp-caption-text\"><strong>Abdussamed G\u00fcrsoy war mit drei Treffern am 6:1-Sieg gegen den FC Dorndorf beteiligt. Foto: Peter Strauch.<\/strong><\/figcaption><\/figure>\n<h4>SV Zeilsheim &#8211; FC Dorndorf 6:1 (3:1)<\/h4>\n<p><img loading=\"lazy\" decoding=\"async\" class=\"alignnone size-full wp-image-1153\" src=\"http:\/\/insideamateurfussball-ffm.de\/wp-content\/uploads\/2022\/07\/SVZe.jpg\" alt=\"\" width=\"68\" height=\"80\" \/><img loading=\"lazy\" decoding=\"async\" class=\"alignnone size-full wp-image-2141\" src=\"http:\/\/insideamateurfussball-ffm.de\/wp-content\/uploads\/2022\/08\/dornd.jpg\" alt=\"\" width=\"64\" height=\"80\" \/><\/p>\n<p><span style=\"color: #003300;\">3 Spiele, 3 Siege &#8211; 17:3 Tore, 9 Punkte. Zeilsheim gew\u00f6hnt sich nach der schlimmen Niederlagenserie in der Hessenliga, die zum Abstieg f\u00fchrte, eine Etage tiefer wieder an das Siegen. Gegen den Aufsteiger aus dem Kreis Limburg-Weilburg gab es am Sonntag einen souver\u00e4nen 6:1-Erfolg.\u00a0<\/span><\/p>\n<p>Hier der Bericht von Peter Strauch:<\/p>\n<div data-canvas-width=\"590.8613333333333\"><span style=\"color: #003300;\">Gastgeber Zeilsheim hatte zu Beginn der Partie so seine Probleme mit dem Aufsteiger aus Dorndorf. Diese gingen folgerichtig durch Junmoon Park in der 6. Minute in F\u00fchrung. Doch dann berappelte sich der favorisierte SV und drehte die Partie durch ein Doppelpack von Samed G\u00fcrsoy (16.\/37.). Mit dem Pausenpfiff erh\u00f6hte Nahom Ogbay gar auf 3:1. Mit der Zwei-Tore F\u00fchrung ging es in die Kabine. Nach dem Seitenwechsel war es dann eine einseitige Partie. Die Entscheidung f\u00fchrten wiederum G\u00fcrsoy (57.), mit <\/span><span style=\"color: #003300;\">seinem dritten Treffer zum 4:1, herbei. Der eingewechselte J\u00fcrgen Bufi zeigte seine Torgef\u00e4hrlichkeit mit Toren zum 5:1 und 6:1 (65.\/77.) und l\u00e4sst die Zeilsheimer von einem gelungenen Saisonstart reden. Als N\u00e4chstes stehen f\u00fcr SV Zeilsheim zwei schwere Ausw\u00e4rtsspiele an. Am Mittwoch geht es gegen den<\/span><\/div>\n<div data-canvas-width=\"96.12533333333332\"><span style=\"color: #003300;\">FV Biebrich 02 und am Sonntag zum FV Breidenbach. <\/span><\/div>\n<div data-canvas-width=\"96.12533333333332\"><\/div>\n<h4 data-canvas-width=\"96.12533333333332\">So spielte der SV:<\/h4>\n<h4 data-canvas-width=\"96.12533333333332\">Josip Galic &#8211; Amer Vrcic, Niklas Dillitz, Furkan T\u00fcrksoy, Jonatan Tesfaldet (60. Velibor Velemir), Nahom Ogbay (60. Ilias Mouktader), Abdussamed G\u00fcrsoy, Timo Kunert, Patryk Kuras (74. Vildan Ismali), Andre Schneider, Pierre Massfeller, (60. J\u00fcrgen Bufi) &#8211; Trainer: Max Martin.<\/h4>\n<h4 data-canvas-width=\"96.12533333333332\">Tore: 0:1 Junmoon Park (6.), 1:1 und 2:1, 4:1 Samed G\u00fcrsoy (15., 36., 57.), 3:1 Nahom Ogbay (45.), 5:1, 6:1 J\u00fcrgen Bufi (65. 84.). Schiedsrichter: Lasse Braun (Frankfurt).<\/h4>\n<h4 data-canvas-width=\"96.12533333333332\">(PS).<\/h4>\n","protected":false},"excerpt":{"rendered":"<p>Mit dem SV Zeilsheim k\u00f6nnen wir nun einen weiteren Verein in die Berichterstattung aufnehmen, der zwar fu\u00dfballgeographisch zum Main-Taunus-Kreis geh\u00f6rt, aber trotzdem zum Stadtgebiet Frankfurt z\u00e4hlt. Pr\u00e4sident Peter Strauch unterst\u00fctzt unser Projekt w\u00f6chentlich mit Bildmaterial und einem kleinen Spielbericht. Vielen Dank daf\u00fcr an die Lenzenbergstra\u00dfe. Nach dem Abstieg aus der Hessenliga ist der SVZ in [&hellip;]<\/p>\n","protected":false},"author":1,"featured_media":0,"comment_status":"open","ping_status":"open","sticky":false,"template":"","format":"standard","meta":{"footnotes":""},"categories":[32],"tags":[],"class_list":["post-2139","post","type-post","status-publish","format-standard","hentry","category-verbandsliga-mitte"],"_links":{"self":[{"href":"https:\/\/insideamateurfussball-ffm.de\/index.php?rest_route=\/wp\/v2\/posts\/2139","targetHints":{"allow":["GET"]}}],"collection":[{"href":"https:\/\/insideamateurfussball-ffm.de\/index.php?rest_route=\/wp\/v2\/posts"}],"about":[{"href":"https:\/\/insideamateurfussball-ffm.de\/index.php?rest_route=\/wp\/v2\/types\/post"}],"author":[{"embeddable":true,"href":"https:\/\/insideamateurfussball-ffm.de\/index.php?rest_route=\/wp\/v2\/users\/1"}],"replies":[{"embeddable":true,"href":"https:\/\/insideamateurfussball-ffm.de\/index.php?rest_route=%2Fwp%2Fv2%2Fcomments&post=2139"}],"version-history":[{"count":3,"href":"https:\/\/insideamateurfussball-ffm.de\/index.php?rest_route=\/wp\/v2\/posts\/2139\/revisions"}],"predecessor-version":[{"id":2144,"href":"https:\/\/insideamateurfussball-ffm.de\/index.php?rest_route=\/wp\/v2\/posts\/2139\/revisions\/2144"}],"wp:attachment":[{"href":"https:\/\/insideamateurfussball-ffm.de\/index.php?rest_route=%2Fwp%2Fv2%2Fmedia&parent=2139"}],"wp:term":[{"taxonomy":"category","embeddable":true,"href":"https:\/\/insideamateurfussball-ffm.de\/index.php?rest_route=%2Fwp%2Fv2%2Fcategories&post=2139"},{"taxonomy":"post_tag","embeddable":true,"href":"https:\/\/insideamateurfussball-ffm.de\/index.php?rest_route=%2Fwp%2Fv2%2Ftags&post=2139"}],"curies":[{"name":"wp","href":"https:\/\/api.w.org\/{rel}","templated":true}]}}