{"id":21374,"date":"2024-09-30T18:31:01","date_gmt":"2024-09-30T16:31:01","guid":{"rendered":"https:\/\/insideamateurfussball-ffm.de\/?p=21374"},"modified":"2024-09-30T18:32:39","modified_gmt":"2024-09-30T16:32:39","slug":"bsc-gewinnt-beim-letzten-bornheimer-aufgebot","status":"publish","type":"post","link":"https:\/\/insideamateurfussball-ffm.de\/?p=21374","title":{"rendered":"BSC gewinnt beim letzten Bornheimer Aufgebot"},"content":{"rendered":"<h4>Mit nur zw\u00f6lf Spielern im Aufgebot unterlag die SG Bornheim\/Gr\u00fcn-Wei\u00df II dem Aufsteiger BSC Schwarz-Wei\u00df 19 mit 2:4 (2:3) und kassierte die siebte Niederlage im zehnten Spiel. Die G\u00e4ste vom Rosegger verbesserten sich mit Saisonsieg Nummer vier auf Rang sechs.<\/h4>\n<figure id=\"attachment_21375\" aria-describedby=\"caption-attachment-21375\" style=\"width: 969px\" class=\"wp-caption alignnone\"><img loading=\"lazy\" decoding=\"async\" class=\"wp-image-21375\" src=\"http:\/\/insideamateurfussball-ffm.de\/wp-content\/uploads\/2024\/09\/BsC-kos.jpg\" alt=\"\" width=\"969\" height=\"727\" srcset=\"https:\/\/insideamateurfussball-ffm.de\/wp-content\/uploads\/2024\/09\/BsC-kos.jpg 960w, https:\/\/insideamateurfussball-ffm.de\/wp-content\/uploads\/2024\/09\/BsC-kos-300x225.jpg 300w, https:\/\/insideamateurfussball-ffm.de\/wp-content\/uploads\/2024\/09\/BsC-kos-768x576.jpg 768w\" sizes=\"auto, (max-width: 969px) 100vw, 969px\" \/><figcaption id=\"caption-attachment-21375\" class=\"wp-caption-text\">Jubel beim BSC &#8211; wie hier im Spiel bei Kosova &#8211; geh\u00f6rt beim Aufsteiger zur bisher guten Saison. Foto: Einsendung Verein.<\/figcaption><\/figure>\n<h4>SG Bornheim\/Gr\u00fcn-Wei\u00df II &#8211; BSC Schwarz-Wei\u00df 19 2:4 (2:3)<\/h4>\n<p><img loading=\"lazy\" decoding=\"async\" class=\"alignnone size-full wp-image-119\" src=\"http:\/\/insideamateurfussball-ffm.de\/wp-content\/uploads\/2022\/05\/Bornheim.jpg\" alt=\"\" width=\"80\" height=\"80\" \/><img loading=\"lazy\" decoding=\"async\" class=\"alignnone size-full wp-image-285\" src=\"http:\/\/insideamateurfussball-ffm.de\/wp-content\/uploads\/2022\/05\/BSC-19.jpg\" alt=\"\" width=\"80\" height=\"61\" \/><\/p>\n<p>Lucas Milbredt aus dem Bornheimer Trainerteam, der beim Spiel nicht vor Ort war, kritisierte im Nachgang: &#8222;Schade, dass der BSC auf unsere Bitte, das Spiel aufgrund von 18 Ausf\u00e4llen in unserem Kader zu verlegen, nicht eingegangen ist, sondern ohne Angabe von Gr\u00fcnden abgelehnt hat.&#8220; Sein Kollege Mario Koch, der das Team betreute, sagte zum Spiel: &#8222;Die beiden Halbzeiten muss man getrennt voneinander betrachten. Wir wollten viel Druck auf die ballf\u00fchrenden Spieler des BSC aus\u00fcben, was uns gegen den Ball nur in Phasen gelungen ist. Zu oft hatten wir aber auch Phasen, wo sie sich dem Druck zu leicht entziehen konnten. So kamen sie relativ einfach zu unserem Tor.&#8220;<\/p>\n<p>Die G\u00e4ste erzielten durch Esmael Jemal Abdelshkur die F\u00fchrung (6.), die Spielmacher Sebhat Kahsay ausbaute (15.). Bornheim II schlug aber zur\u00fcck und verk\u00fcrzte mit Maazin Adam Ahmed (17.) und glich durch Awet Endrias aus (29.). Doch vor der Pause brachte Yilmaz Kilic die G\u00e4ste wieder nach vorne (37.). &#8222;Es war eine wilde Anfangsphase&#8220;, beschrieb Koch die erste halbe Stunde und kritisierte &#8222;phlegmatisches Abwehrverhalten.&#8220;<\/p>\n<blockquote>\n<h4>&#8222;Wir m\u00fcssen uns an die eigene Nase fassen, wir waren nicht die schlechtere Mannschaft.&#8220; (Mario Koch aus dem Bornheimer Trainerteam.<\/h4>\n<\/blockquote>\n<p>Nach dem Seitenwechsel standen die G\u00e4ste tief, Bornheim hatte viel Ballbesitz und nahm nach einer Stunde den einzigen echten Spielerwechsel vor. Druckvoll wurde agiert, es gab auch hochkar\u00e4tige Chancen, aber der Ausgleich wollte nicht fallen. In der 90. Minute gewannen die Schwarz-Wei\u00dfen noch mal den Ball in der eigenen H\u00e4lfte, konterten mit einem tiefen langen Ball und Ahmad Zobair Foladi besorgte die Entscheidung. &#8222;Wir m\u00fcssen uns an die eigene Nase fassen, wir waren nicht die schlechtere Mannschaft. Das gute Spiel muss aber mit mehr Toren belohnt werden und das bekommen wir diese Saison nicht hin&#8220;, bedauerte Koch.<\/p>\n<p>Am Donnerstag erwarten die Bornheimer um 13 Uhr die Remis-K\u00f6nige der Liga, die weiterhin unbesiegte SG Harheim. Der BSC erwartet um 15 Uhr die ebenfalls noch ungeschlagene Spvgg. 02 Griesheim. Zum Sieg sagte Abteilungsleiter Christian Reinmold: &#8222;Es klingt sch\u00f6ner als es war. Es war ein Arbeitssieg mit schweren Beinen und langsamem Kopf. Das Pokalspiel steckte uns noch in den Knochen. Platz sechs ist tr\u00fcgerisch, da die Tabelle ungerade ist.&#8220; Zur Verlegungsanfrage: &#8222;Die kam sehr kurzfristig am Donnerstagabend.&#8220;<\/p>\n<blockquote>\n<h4>Schiedsrichter: Emre Akyol (Germania Horbach). Zuschauer: 40.<\/h4>\n<h4>Tore: 0:1 Esmael Jemal Abdelshkur (6.), 0:2 Sebhat Kahsay (15.), 1:2 Maazin Adam Ahmed (17.), 2:2 Awet Endrias (29.), 2:3 Yilmaz Kilic (37.), 2:4 Ahmad Zobair Foladi (90.).<\/h4>\n<\/blockquote>\n","protected":false},"excerpt":{"rendered":"<p>Mit nur zw\u00f6lf Spielern im Aufgebot unterlag die SG Bornheim\/Gr\u00fcn-Wei\u00df II dem Aufsteiger BSC Schwarz-Wei\u00df 19 mit 2:4 (2:3) und kassierte die siebte Niederlage im zehnten Spiel. Die G\u00e4ste vom Rosegger verbesserten sich mit Saisonsieg Nummer vier auf Rang sechs. SG Bornheim\/Gr\u00fcn-Wei\u00df II &#8211; BSC Schwarz-Wei\u00df 19 2:4 (2:3) Lucas Milbredt aus dem Bornheimer Trainerteam, [&hellip;]<\/p>\n","protected":false},"author":1,"featured_media":21375,"comment_status":"closed","ping_status":"closed","sticky":true,"template":"","format":"standard","meta":{"footnotes":""},"categories":[2],"tags":[],"class_list":["post-21374","post","type-post","status-publish","format-standard","has-post-thumbnail","hentry","category-kreisoberliga-frankfurt"],"_links":{"self":[{"href":"https:\/\/insideamateurfussball-ffm.de\/index.php?rest_route=\/wp\/v2\/posts\/21374","targetHints":{"allow":["GET"]}}],"collection":[{"href":"https:\/\/insideamateurfussball-ffm.de\/index.php?rest_route=\/wp\/v2\/posts"}],"about":[{"href":"https:\/\/insideamateurfussball-ffm.de\/index.php?rest_route=\/wp\/v2\/types\/post"}],"author":[{"embeddable":true,"href":"https:\/\/insideamateurfussball-ffm.de\/index.php?rest_route=\/wp\/v2\/users\/1"}],"replies":[{"embeddable":true,"href":"https:\/\/insideamateurfussball-ffm.de\/index.php?rest_route=%2Fwp%2Fv2%2Fcomments&post=21374"}],"version-history":[{"count":3,"href":"https:\/\/insideamateurfussball-ffm.de\/index.php?rest_route=\/wp\/v2\/posts\/21374\/revisions"}],"predecessor-version":[{"id":21378,"href":"https:\/\/insideamateurfussball-ffm.de\/index.php?rest_route=\/wp\/v2\/posts\/21374\/revisions\/21378"}],"wp:featuredmedia":[{"embeddable":true,"href":"https:\/\/insideamateurfussball-ffm.de\/index.php?rest_route=\/wp\/v2\/media\/21375"}],"wp:attachment":[{"href":"https:\/\/insideamateurfussball-ffm.de\/index.php?rest_route=%2Fwp%2Fv2%2Fmedia&parent=21374"}],"wp:term":[{"taxonomy":"category","embeddable":true,"href":"https:\/\/insideamateurfussball-ffm.de\/index.php?rest_route=%2Fwp%2Fv2%2Fcategories&post=21374"},{"taxonomy":"post_tag","embeddable":true,"href":"https:\/\/insideamateurfussball-ffm.de\/index.php?rest_route=%2Fwp%2Fv2%2Ftags&post=21374"}],"curies":[{"name":"wp","href":"https:\/\/api.w.org\/{rel}","templated":true}]}}