{"id":2136,"date":"2022-08-22T16:56:51","date_gmt":"2022-08-22T14:56:51","guid":{"rendered":"http:\/\/insideamateurfussball-ffm.de\/?p=2136"},"modified":"2025-01-07T15:33:42","modified_gmt":"2025-01-07T14:33:42","slug":"trotz-grueter-rueckkehr-bad-vilbel-unterliegt-speuzern","status":"publish","type":"post","link":"https:\/\/insideamateurfussball-ffm.de\/?p=2136","title":{"rendered":"Trotz Gr\u00fcter-R\u00fcckkehr: Bad Vilbel unterliegt &#8222;Speuzern&#8220;"},"content":{"rendered":"<h4>Ein Punktspiel zwischen dem FV Bad Vilbel und dem FFV Sportfreunde d\u00fcrfte es zumindest in der Neuzeit des Amateurfu\u00dfballs bis zum Samstagabend nicht gegeben haben. Als der Frankfurter Fu\u00dfballverein von der Mainzer Landstra\u00dfe 2018 in die Verbandsliga S\u00fcd aufstieg, ging es f\u00fcr die Quellenst\u00e4dter eine Etage h\u00f6her in die Hessenliga. Vier Jahre sp\u00e4ter waren die &#8222;Speuzer&#8220; nun am Samstagabend am Niddasportfeld am n\u00f6rdlichen Stadtrand zu Gast.\u00a0<\/h4>\n<figure id=\"attachment_2137\" aria-describedby=\"caption-attachment-2137\" style=\"width: 1126px\" class=\"wp-caption alignnone\"><img loading=\"lazy\" decoding=\"async\" class=\"wp-image-2137 size-full\" src=\"http:\/\/insideamateurfussball-ffm.de\/wp-content\/uploads\/2022\/08\/BV-FFV.jpg\" alt=\"\" width=\"1126\" height=\"1126\" \/><figcaption id=\"caption-attachment-2137\" class=\"wp-caption-text\"><\/strong> <strong>Giorgi Kandelaki klatscht Visar Gashi nach dessen Elfmetertor ab. Foto: FVBV.<\/strong><\/figcaption><\/figure>\n<h4>FV Bad Vilbel &#8211; FFV Sportfreunde 1:2 (1:0)<\/h4>\n<p><img loading=\"lazy\" decoding=\"async\" class=\"alignnone size-full wp-image-146\" src=\"http:\/\/insideamateurfussball-ffm.de\/wp-content\/uploads\/2022\/05\/FV-Bad-Vilbel.jpg\" alt=\"\" width=\"80\" height=\"80\" \/><img loading=\"lazy\" decoding=\"async\" class=\"alignnone size-full wp-image-141\" src=\"http:\/\/insideamateurfussball-ffm.de\/wp-content\/uploads\/2022\/05\/Speuzer.jpg\" alt=\"\" width=\"80\" height=\"80\" \/><\/p>\n<p><span style=\"color: #003300;\">Der FV Bad Vilbel musste am Samstag in der Fu\u00dfball-Verbandsliga S\u00fcd die dritte Niederlage im vierten Spiel hinnehmen. Im Duell mit dem FFV Sportfreunde aus Frankfurt gingen die Quellenst\u00e4dter mit 1:2 (1:0) als Verlierer vom Rasen am Niddasportfeld. Der Blick auf den Aufstellungsbogen brachte einen \u00fcberraschenden Namen zum Vorschein. Der 36-j\u00e4hrige Jonas Gr\u00fcter spielt wieder f\u00fcr Bad Vilbel. Von 2016 bis 2020 war der defensive Mittelfeldspieler schon einmal unter den Fittichen von Trainer Amir Mustafic und 2018 als Leistungstr\u00e4ger am Hessenliga-Aufstieg beteiligt. <\/span><\/p>\n<p><span style=\"color: #003300;\">In der letzten Saison war er als Spieler und Co-Trainer bei Ligakonkurrent Rot-Weiss Frankfurt t\u00e4tig. Mit Gr\u00fcter in der Anfangself hatte die um 18 Uhr angepfiffene Partie recht gut f\u00fcr die Gr\u00fcn-Wei\u00dfen begonnen, denn Visar Gashi hatte schon in der dritten Spielminute die erste M\u00f6glichkeit, seinen Abschluss lenkte G\u00e4stetormann Sebastian Seitz zur Ecke. Per Foulelfmeter brachte Gashi Bad Vilbel in der siebten Minute in F\u00fchrung. Die G\u00e4ste warteten ihrerseits im Sturm mit Oliver Kovacic auf, der letzte Saison noch in Bad Vilbel spielte und den Verein noch vor Beendigung der Spielzeit verlie\u00df.<\/span><\/p>\n<h4>&#8222;Speuzer&#8220; Tekin im Nachschuss erfolgreich<\/h4>\n<p><span style=\"color: #003300;\">FFV-Torj\u00e4ger Giuseppe Signorelli hatten die Wetterauer ganz gut im Griff, auch wenn er zu einigen Chancen kam, wie bei einem Kopfball, den der Italiener aber in die Arme von FV-Tormann Robin Orband platzierte. Nach dem Seitenwechsel bot sich Henri Lehmann die M\u00f6glichkeit, zu erh\u00f6hen, sein Kopfball ging \u00fcber den Kasten. Ausgerechnet Kovacic holte dann den Elfmeter f\u00fcr die G\u00e4ste aus dem Frankfurter Gallus heraus. Erst parierte Orband gegen &#8222;Speuzer&#8220; Danyal Tekin, dann war der Frankfurter im Nachschuss erfolgreich (50.). Schwer wurde es dann f\u00fcr Bad Vilbel nach einer laut FV-Sprecher Jan Werner \u00bbvertretbaren, aber harten Entscheidung\u00ab, die eine Gelb-Rote Karte gegen F\u00fchrungsspieler Gashi zur Folge hatte (60.). <\/span><\/p>\n<p><span style=\"color: #003300;\">Kurz danach war dann Goalgetter Signorelli zur Stelle und markierte nach einer Flanke das Siegtor f\u00fcr die G\u00e4ste (65.). &#8222;Vom Spielverlauf eine eher ungl\u00fcckliche Niederlage&#8220;, meinte Werner und bedauerte, dass &#8222;am Ende nicht noch ein Punkt rausgesprungen ist&#8220;. Eine andere Analyse lieferte hingegen Sportfreunde-Coach Artug \u00d6zbakir ab. In der Schlussphase habe man &#8222;Bad Vilbel zu viel spielen lassen. Dennoch geht der Sieg v\u00f6llig in Ordnung, wir haben mehr daf\u00fcr getan und den besseren Fu\u00dfball gespielt.&#8220;\u00a0<\/span><\/p>\n<h4>Schiedsrichter: Paul Wenzek (Darmstadt). Zuschauer: 107.<\/h4>\n<h4>Tore: 1:0 Visar Gashi (7.\/Foulelfmeter), 1:1 Danyal Tekin (50.\/Foulelfmeter), 1:2 Giuseppe Signorelli (65.).<\/h4>\n","protected":false},"excerpt":{"rendered":"<p>Ein Punktspiel zwischen dem FV Bad Vilbel und dem FFV Sportfreunde d\u00fcrfte es zumindest in der Neuzeit des Amateurfu\u00dfballs bis zum Samstagabend nicht gegeben haben. Als der Frankfurter Fu\u00dfballverein von der Mainzer Landstra\u00dfe 2018 in die Verbandsliga S\u00fcd aufstieg, ging es f\u00fcr die Quellenst\u00e4dter eine Etage h\u00f6her in die Hessenliga. Vier Jahre sp\u00e4ter waren die [&hellip;]<\/p>\n","protected":false},"author":1,"featured_media":0,"comment_status":"open","ping_status":"open","sticky":false,"template":"","format":"standard","meta":{"footnotes":""},"categories":[10],"tags":[],"class_list":["post-2136","post","type-post","status-publish","format-standard","hentry","category-verbandsliga-sued"],"_links":{"self":[{"href":"https:\/\/insideamateurfussball-ffm.de\/index.php?rest_route=\/wp\/v2\/posts\/2136","targetHints":{"allow":["GET"]}}],"collection":[{"href":"https:\/\/insideamateurfussball-ffm.de\/index.php?rest_route=\/wp\/v2\/posts"}],"about":[{"href":"https:\/\/insideamateurfussball-ffm.de\/index.php?rest_route=\/wp\/v2\/types\/post"}],"author":[{"embeddable":true,"href":"https:\/\/insideamateurfussball-ffm.de\/index.php?rest_route=\/wp\/v2\/users\/1"}],"replies":[{"embeddable":true,"href":"https:\/\/insideamateurfussball-ffm.de\/index.php?rest_route=%2Fwp%2Fv2%2Fcomments&post=2136"}],"version-history":[{"count":1,"href":"https:\/\/insideamateurfussball-ffm.de\/index.php?rest_route=\/wp\/v2\/posts\/2136\/revisions"}],"predecessor-version":[{"id":2138,"href":"https:\/\/insideamateurfussball-ffm.de\/index.php?rest_route=\/wp\/v2\/posts\/2136\/revisions\/2138"}],"wp:attachment":[{"href":"https:\/\/insideamateurfussball-ffm.de\/index.php?rest_route=%2Fwp%2Fv2%2Fmedia&parent=2136"}],"wp:term":[{"taxonomy":"category","embeddable":true,"href":"https:\/\/insideamateurfussball-ffm.de\/index.php?rest_route=%2Fwp%2Fv2%2Fcategories&post=2136"},{"taxonomy":"post_tag","embeddable":true,"href":"https:\/\/insideamateurfussball-ffm.de\/index.php?rest_route=%2Fwp%2Fv2%2Ftags&post=2136"}],"curies":[{"name":"wp","href":"https:\/\/api.w.org\/{rel}","templated":true}]}}