{"id":21354,"date":"2024-09-30T17:21:49","date_gmt":"2024-09-30T15:21:49","guid":{"rendered":"https:\/\/insideamateurfussball-ffm.de\/?p=21354"},"modified":"2024-09-30T17:21:49","modified_gmt":"2024-09-30T15:21:49","slug":"tuerkguecue-bringt-20-nicht-ueber-die-zeit","status":"publish","type":"post","link":"https:\/\/insideamateurfussball-ffm.de\/?p=21354","title":{"rendered":"T\u00fcrkg\u00fcc\u00fc bringt 2:0 nicht \u00fcber die Zeit"},"content":{"rendered":"<h4>Im emotionsgeladenen t\u00fcrkischen Duell zwischen T\u00fcrkg\u00fcc\u00fc Frankfurt und dem T\u00fcrkischen SV Bad Nauheim trennten sich beide Mannschaften am Ende leistungsgerecht mit 2:2.<\/h4>\n<figure id=\"attachment_21358\" aria-describedby=\"caption-attachment-21358\" style=\"width: 945px\" class=\"wp-caption alignnone\"><img loading=\"lazy\" decoding=\"async\" class=\"wp-image-21358 size-full\" src=\"http:\/\/insideamateurfussball-ffm.de\/wp-content\/uploads\/2024\/09\/tuerk2.jpg\" alt=\"\" width=\"945\" height=\"662\" srcset=\"https:\/\/insideamateurfussball-ffm.de\/wp-content\/uploads\/2024\/09\/tuerk2.jpg 945w, https:\/\/insideamateurfussball-ffm.de\/wp-content\/uploads\/2024\/09\/tuerk2-300x210.jpg 300w, https:\/\/insideamateurfussball-ffm.de\/wp-content\/uploads\/2024\/09\/tuerk2-768x538.jpg 768w\" sizes=\"auto, (max-width: 945px) 100vw, 945px\" \/><figcaption id=\"caption-attachment-21358\" class=\"wp-caption-text\">Trotz 2:0-F\u00fchrung musste sich T\u00fcrkg\u00fcc\u00fc Frankfurt mit einem 2:2 zufriedengeben. Foto: Mithat G\u00fcrser<\/figcaption><\/figure>\n<h4>T\u00fcrkg\u00fcc\u00fc Frankfurt &#8211; T\u00fcrkischer SV Bad Nauheim 2:2 (2:0)<\/h4>\n<p><img loading=\"lazy\" decoding=\"async\" class=\"alignnone size-full wp-image-17\" src=\"http:\/\/insideamateurfussball-ffm.de\/wp-content\/uploads\/2021\/11\/Tuerkguecue.jpg\" alt=\"\" width=\"72\" height=\"80\" \/><img loading=\"lazy\" decoding=\"async\" class=\"alignnone  wp-image-15227\" src=\"http:\/\/insideamateurfussball-ffm.de\/wp-content\/uploads\/2023\/11\/logo-tuerkischersv.jpeg\" alt=\"\" width=\"70\" height=\"79\" \/><\/p>\n<p>Die ersten 20 Minuten im Spiel zwischen T\u00fcrkg\u00fcc\u00fc Frankfurt und dem T\u00fcrkischen SV Bad Nauheim verliefen ausgeglichen, ehe die Gastgeber das Heft in die Hand nahmen und das Spiel dominierten. In der 28.Minute erzielte Nuno Miguel Pires Lopes das 1:0 f\u00fcr die Gastgeber und Nick Fiege erh\u00f6hte in der 37.Minute nach einem Pass von Emre Kadimli auf 2:0, weitere Chancen auf das 3:0 blieben ungenutzt.<\/p>\n<p>In der zweiten Halbzeit riskierten die G\u00e4ste mehr und dr\u00fcckten die Gastgeber in die eigene Halftre zur\u00fcck, die erste Chance hatten aber wieder die Gastgeber, die die Erh\u00f6hung der F\u00fchrung verpassten. In der 72.Minute lie\u00df sich die Abwehr von T\u00fcrkg\u00fcc\u00fc leicht ausspielen und Noah P\u00f6litz hatte keine Probleme, zum 1:2 zu verk\u00fcrzen, nur zwei Minuten sp\u00e4ter kamen die G\u00e4ste durch ein Tor von Yuta Tomaki sogar zum Ausgleich. Danach war das Spiel offen, beide Seiten erspielten sich noch Chancen, es blieb aber bis zum Schluss beim 2:2. Die rote Karte f\u00fcr Bad Nauheims Noah P\u00f6litz in der 85.Minute und die gelb-rote Karte f\u00fcr T\u00fcrkg\u00fcc\u00fcs Tayfun G\u00fcrsoy in der dritten Minute der Nachspielzeit hatten keinen Einfluss mehr auf das Spiel.<\/p>\n<p>T\u00fcrkg\u00fcc\u00fcs Vorstandsmitglied Duran G\u00fcng\u00f6r: \u201ewir sind mit dem Spiel zufrieden gewesen, die Jungs haben gut gek\u00e4mpft, und den Punkt nehmen wir halt mit. Dann schauen wir mal, was gegen Fechenheim machbar ist, obwohl es schwer wird, da Fechenheim meiner Meinung nach derzeit die formst\u00e4rkste Mannschaft ist, aber wir versuchen, das Beste daraus zu machen.\u201c<\/p>\n<p>Das Spiel gegen die Spvgg. 03 Fechenheim findet am Donnerstag auf dem Platz in der Birsteiner Stra\u00dfe statt.<\/p>\n<h4>Schiedsrichter: Mirko Radl (Olympia Biebesheim). Zuschauer: 175.<\/h4>\n<h4>Tore: 1:0 Nuno Miguel Pires Lopes (28.), 2:0 Nick Fiege (37.), 2.1 Noah P\u00f6litz (72.), 2:2 Yuta Tomaki (74.)<\/h4>\n<blockquote>\n<h4>Die Bilder verdanken wir Mithat G\u00fcrser, der auch bei T\u00fcrkg\u00fcc\u00fc Frankfurt vorbeigeschaut hat.<\/h4>\n<\/blockquote>\n\n\n<figure class=\"wp-block-image size-full\"><img loading=\"lazy\" decoding=\"async\" width=\"945\" height=\"680\" src=\"http:\/\/insideamateurfussball-ffm.de\/wp-content\/uploads\/2024\/09\/turk1-1.jpg\" alt=\"\" class=\"wp-image-21355\" srcset=\"https:\/\/insideamateurfussball-ffm.de\/wp-content\/uploads\/2024\/09\/turk1-1.jpg 945w, https:\/\/insideamateurfussball-ffm.de\/wp-content\/uploads\/2024\/09\/turk1-1-300x216.jpg 300w, https:\/\/insideamateurfussball-ffm.de\/wp-content\/uploads\/2024\/09\/turk1-1-768x553.jpg 768w\" sizes=\"auto, (max-width: 945px) 100vw, 945px\" \/><\/figure>\n\n\n\n<figure class=\"wp-block-image size-full\"><img loading=\"lazy\" decoding=\"async\" width=\"945\" height=\"630\" src=\"http:\/\/insideamateurfussball-ffm.de\/wp-content\/uploads\/2024\/09\/tuerk1.jpg\" alt=\"\" class=\"wp-image-21356\" srcset=\"https:\/\/insideamateurfussball-ffm.de\/wp-content\/uploads\/2024\/09\/tuerk1.jpg 945w, https:\/\/insideamateurfussball-ffm.de\/wp-content\/uploads\/2024\/09\/tuerk1-300x200.jpg 300w, https:\/\/insideamateurfussball-ffm.de\/wp-content\/uploads\/2024\/09\/tuerk1-768x512.jpg 768w\" sizes=\"auto, (max-width: 945px) 100vw, 945px\" \/><\/figure>\n\n\n\n<figure class=\"wp-block-image size-full\"><img loading=\"lazy\" decoding=\"async\" width=\"945\" height=\"703\" src=\"http:\/\/insideamateurfussball-ffm.de\/wp-content\/uploads\/2024\/09\/turk2-1.jpg\" alt=\"\" class=\"wp-image-21357\" srcset=\"https:\/\/insideamateurfussball-ffm.de\/wp-content\/uploads\/2024\/09\/turk2-1.jpg 945w, https:\/\/insideamateurfussball-ffm.de\/wp-content\/uploads\/2024\/09\/turk2-1-300x223.jpg 300w, https:\/\/insideamateurfussball-ffm.de\/wp-content\/uploads\/2024\/09\/turk2-1-768x571.jpg 768w\" sizes=\"auto, (max-width: 945px) 100vw, 945px\" \/><\/figure>\n\n\n\n<figure class=\"wp-block-image size-full\"><img loading=\"lazy\" decoding=\"async\" width=\"945\" height=\"698\" src=\"http:\/\/insideamateurfussball-ffm.de\/wp-content\/uploads\/2024\/09\/turk3-1.jpg\" alt=\"\" class=\"wp-image-21359\" srcset=\"https:\/\/insideamateurfussball-ffm.de\/wp-content\/uploads\/2024\/09\/turk3-1.jpg 945w, https:\/\/insideamateurfussball-ffm.de\/wp-content\/uploads\/2024\/09\/turk3-1-300x222.jpg 300w, https:\/\/insideamateurfussball-ffm.de\/wp-content\/uploads\/2024\/09\/turk3-1-768x567.jpg 768w\" sizes=\"auto, (max-width: 945px) 100vw, 945px\" \/><\/figure>\n\n\n\n<figure class=\"wp-block-image size-full\"><img loading=\"lazy\" decoding=\"async\" width=\"945\" height=\"662\" src=\"http:\/\/insideamateurfussball-ffm.de\/wp-content\/uploads\/2024\/09\/turk4-1.jpg\" alt=\"\" class=\"wp-image-21360\" srcset=\"https:\/\/insideamateurfussball-ffm.de\/wp-content\/uploads\/2024\/09\/turk4-1.jpg 945w, https:\/\/insideamateurfussball-ffm.de\/wp-content\/uploads\/2024\/09\/turk4-1-300x210.jpg 300w, https:\/\/insideamateurfussball-ffm.de\/wp-content\/uploads\/2024\/09\/turk4-1-768x538.jpg 768w\" sizes=\"auto, (max-width: 945px) 100vw, 945px\" \/><\/figure>\n\n\n\n<figure class=\"wp-block-image size-full\"><img loading=\"lazy\" decoding=\"async\" width=\"945\" height=\"715\" src=\"http:\/\/insideamateurfussball-ffm.de\/wp-content\/uploads\/2024\/09\/turk5-1.jpg\" alt=\"\" class=\"wp-image-21361\" srcset=\"https:\/\/insideamateurfussball-ffm.de\/wp-content\/uploads\/2024\/09\/turk5-1.jpg 945w, https:\/\/insideamateurfussball-ffm.de\/wp-content\/uploads\/2024\/09\/turk5-1-300x227.jpg 300w, https:\/\/insideamateurfussball-ffm.de\/wp-content\/uploads\/2024\/09\/turk5-1-768x581.jpg 768w\" sizes=\"auto, (max-width: 945px) 100vw, 945px\" \/><\/figure>\n\n\n\n<figure class=\"wp-block-image size-large\"><img loading=\"lazy\" decoding=\"async\" width=\"1024\" height=\"727\" src=\"http:\/\/insideamateurfussball-ffm.de\/wp-content\/uploads\/2024\/09\/turk6-1-1024x727.jpg\" alt=\"\" class=\"wp-image-21362\" srcset=\"https:\/\/insideamateurfussball-ffm.de\/wp-content\/uploads\/2024\/09\/turk6-1-1024x727.jpg 1024w, https:\/\/insideamateurfussball-ffm.de\/wp-content\/uploads\/2024\/09\/turk6-1-300x213.jpg 300w, https:\/\/insideamateurfussball-ffm.de\/wp-content\/uploads\/2024\/09\/turk6-1-768x546.jpg 768w, https:\/\/insideamateurfussball-ffm.de\/wp-content\/uploads\/2024\/09\/turk6-1.jpg 1122w\" sizes=\"auto, (max-width: 1024px) 100vw, 1024px\" \/><\/figure>\n\n\n\n<figure class=\"wp-block-image size-full\"><img loading=\"lazy\" decoding=\"async\" width=\"945\" height=\"671\" src=\"http:\/\/insideamateurfussball-ffm.de\/wp-content\/uploads\/2024\/09\/turk7.jpg\" alt=\"\" class=\"wp-image-21363\" srcset=\"https:\/\/insideamateurfussball-ffm.de\/wp-content\/uploads\/2024\/09\/turk7.jpg 945w, https:\/\/insideamateurfussball-ffm.de\/wp-content\/uploads\/2024\/09\/turk7-300x213.jpg 300w, https:\/\/insideamateurfussball-ffm.de\/wp-content\/uploads\/2024\/09\/turk7-768x545.jpg 768w\" sizes=\"auto, (max-width: 945px) 100vw, 945px\" \/><\/figure>\n\n\n\n<figure class=\"wp-block-image size-full\"><img loading=\"lazy\" decoding=\"async\" width=\"945\" height=\"733\" src=\"http:\/\/insideamateurfussball-ffm.de\/wp-content\/uploads\/2024\/09\/turk9-1.jpg\" alt=\"\" class=\"wp-image-21365\" srcset=\"https:\/\/insideamateurfussball-ffm.de\/wp-content\/uploads\/2024\/09\/turk9-1.jpg 945w, https:\/\/insideamateurfussball-ffm.de\/wp-content\/uploads\/2024\/09\/turk9-1-300x233.jpg 300w, https:\/\/insideamateurfussball-ffm.de\/wp-content\/uploads\/2024\/09\/turk9-1-768x596.jpg 768w\" sizes=\"auto, (max-width: 945px) 100vw, 945px\" \/><\/figure>\n\n\n\n<figure class=\"wp-block-image size-full\"><img loading=\"lazy\" decoding=\"async\" width=\"945\" height=\"639\" src=\"http:\/\/insideamateurfussball-ffm.de\/wp-content\/uploads\/2024\/09\/turk10.jpg\" alt=\"\" class=\"wp-image-21366\" srcset=\"https:\/\/insideamateurfussball-ffm.de\/wp-content\/uploads\/2024\/09\/turk10.jpg 945w, https:\/\/insideamateurfussball-ffm.de\/wp-content\/uploads\/2024\/09\/turk10-300x203.jpg 300w, https:\/\/insideamateurfussball-ffm.de\/wp-content\/uploads\/2024\/09\/turk10-768x519.jpg 768w\" sizes=\"auto, (max-width: 945px) 100vw, 945px\" \/><\/figure>\n\n\n\n<figure class=\"wp-block-image size-full\"><img loading=\"lazy\" decoding=\"async\" width=\"945\" height=\"669\" src=\"http:\/\/insideamateurfussball-ffm.de\/wp-content\/uploads\/2024\/09\/turk11-1.jpg\" alt=\"\" class=\"wp-image-21367\" srcset=\"https:\/\/insideamateurfussball-ffm.de\/wp-content\/uploads\/2024\/09\/turk11-1.jpg 945w, https:\/\/insideamateurfussball-ffm.de\/wp-content\/uploads\/2024\/09\/turk11-1-300x212.jpg 300w, https:\/\/insideamateurfussball-ffm.de\/wp-content\/uploads\/2024\/09\/turk11-1-768x544.jpg 768w\" sizes=\"auto, (max-width: 945px) 100vw, 945px\" \/><\/figure>\n\n\n\n<figure class=\"wp-block-image size-full\"><img loading=\"lazy\" decoding=\"async\" width=\"945\" height=\"630\" src=\"http:\/\/insideamateurfussball-ffm.de\/wp-content\/uploads\/2024\/09\/turk12.jpg\" alt=\"\" class=\"wp-image-21368\" srcset=\"https:\/\/insideamateurfussball-ffm.de\/wp-content\/uploads\/2024\/09\/turk12.jpg 945w, https:\/\/insideamateurfussball-ffm.de\/wp-content\/uploads\/2024\/09\/turk12-300x200.jpg 300w, https:\/\/insideamateurfussball-ffm.de\/wp-content\/uploads\/2024\/09\/turk12-768x512.jpg 768w\" sizes=\"auto, (max-width: 945px) 100vw, 945px\" \/><\/figure>\n\n\n\n<figure class=\"wp-block-image size-full\"><img loading=\"lazy\" decoding=\"async\" width=\"945\" height=\"608\" src=\"http:\/\/insideamateurfussball-ffm.de\/wp-content\/uploads\/2024\/09\/turk13.jpg\" alt=\"\" class=\"wp-image-21369\" srcset=\"https:\/\/insideamateurfussball-ffm.de\/wp-content\/uploads\/2024\/09\/turk13.jpg 945w, https:\/\/insideamateurfussball-ffm.de\/wp-content\/uploads\/2024\/09\/turk13-300x193.jpg 300w, https:\/\/insideamateurfussball-ffm.de\/wp-content\/uploads\/2024\/09\/turk13-768x494.jpg 768w\" sizes=\"auto, (max-width: 945px) 100vw, 945px\" \/><\/figure>\n\n\n\n<figure class=\"wp-block-image size-full\"><img loading=\"lazy\" decoding=\"async\" width=\"1002\" height=\"756\" src=\"http:\/\/insideamateurfussball-ffm.de\/wp-content\/uploads\/2024\/09\/turk14.jpg\" alt=\"\" class=\"wp-image-21370\" srcset=\"https:\/\/insideamateurfussball-ffm.de\/wp-content\/uploads\/2024\/09\/turk14.jpg 1002w, https:\/\/insideamateurfussball-ffm.de\/wp-content\/uploads\/2024\/09\/turk14-300x226.jpg 300w, https:\/\/insideamateurfussball-ffm.de\/wp-content\/uploads\/2024\/09\/turk14-768x579.jpg 768w\" sizes=\"auto, (max-width: 1002px) 100vw, 1002px\" \/><\/figure>\n","protected":false},"excerpt":{"rendered":"<p>Im emotionsgeladenen t\u00fcrkischen Duell zwischen T\u00fcrkg\u00fcc\u00fc Frankfurt und dem T\u00fcrkischen SV Bad Nauheim trennten sich beide Mannschaften am Ende leistungsgerecht mit 2:2. T\u00fcrkg\u00fcc\u00fc Frankfurt &#8211; T\u00fcrkischer SV Bad Nauheim 2:2 (2:0) Die ersten 20 Minuten im Spiel zwischen T\u00fcrkg\u00fcc\u00fc Frankfurt und dem T\u00fcrkischen SV Bad Nauheim verliefen ausgeglichen, ehe die Gastgeber das Heft in die [&hellip;]<\/p>\n","protected":false},"author":3,"featured_media":21358,"comment_status":"closed","ping_status":"open","sticky":true,"template":"","format":"standard","meta":{"footnotes":""},"categories":[13],"tags":[],"class_list":["post-21354","post","type-post","status-publish","format-standard","has-post-thumbnail","hentry","category-gruppenliga-frankfurt-west"],"_links":{"self":[{"href":"https:\/\/insideamateurfussball-ffm.de\/index.php?rest_route=\/wp\/v2\/posts\/21354","targetHints":{"allow":["GET"]}}],"collection":[{"href":"https:\/\/insideamateurfussball-ffm.de\/index.php?rest_route=\/wp\/v2\/posts"}],"about":[{"href":"https:\/\/insideamateurfussball-ffm.de\/index.php?rest_route=\/wp\/v2\/types\/post"}],"author":[{"embeddable":true,"href":"https:\/\/insideamateurfussball-ffm.de\/index.php?rest_route=\/wp\/v2\/users\/3"}],"replies":[{"embeddable":true,"href":"https:\/\/insideamateurfussball-ffm.de\/index.php?rest_route=%2Fwp%2Fv2%2Fcomments&post=21354"}],"version-history":[{"count":2,"href":"https:\/\/insideamateurfussball-ffm.de\/index.php?rest_route=\/wp\/v2\/posts\/21354\/revisions"}],"predecessor-version":[{"id":21373,"href":"https:\/\/insideamateurfussball-ffm.de\/index.php?rest_route=\/wp\/v2\/posts\/21354\/revisions\/21373"}],"wp:featuredmedia":[{"embeddable":true,"href":"https:\/\/insideamateurfussball-ffm.de\/index.php?rest_route=\/wp\/v2\/media\/21358"}],"wp:attachment":[{"href":"https:\/\/insideamateurfussball-ffm.de\/index.php?rest_route=%2Fwp%2Fv2%2Fmedia&parent=21354"}],"wp:term":[{"taxonomy":"category","embeddable":true,"href":"https:\/\/insideamateurfussball-ffm.de\/index.php?rest_route=%2Fwp%2Fv2%2Fcategories&post=21354"},{"taxonomy":"post_tag","embeddable":true,"href":"https:\/\/insideamateurfussball-ffm.de\/index.php?rest_route=%2Fwp%2Fv2%2Ftags&post=21354"}],"curies":[{"name":"wp","href":"https:\/\/api.w.org\/{rel}","templated":true}]}}