{"id":21349,"date":"2024-09-30T15:37:00","date_gmt":"2024-09-30T13:37:00","guid":{"rendered":"https:\/\/insideamateurfussball-ffm.de\/?p=21349"},"modified":"2024-09-30T16:47:02","modified_gmt":"2024-09-30T14:47:02","slug":"seckbach-unterstreicht-seine-gute-form","status":"publish","type":"post","link":"https:\/\/insideamateurfussball-ffm.de\/?p=21349","title":{"rendered":"Seckbach unterstreicht seine gute Form"},"content":{"rendered":"<h4>Die FG Seckbach ist weiter in guter Form und unterstrich ihren sechsten Tabellenplatz beim FC Tempo, der vorher mit zwei Siegen und dem Pokalweiterkommen gegen den Verbandsligisten SG Bornheim gegl\u00e4nzt hatte, und setzte sich mit 3:1 durch.<\/h4>\n<figure id=\"attachment_21003\" aria-describedby=\"caption-attachment-21003\" style=\"width: 1339px\" class=\"wp-caption alignnone\"><img loading=\"lazy\" decoding=\"async\" class=\"wp-image-21003 size-full\" src=\"http:\/\/insideamateurfussball-ffm.de\/wp-content\/uploads\/2024\/09\/trainer-secbach2.jpg\" alt=\"\" width=\"1339\" height=\"935\" srcset=\"https:\/\/insideamateurfussball-ffm.de\/wp-content\/uploads\/2024\/09\/trainer-secbach2.jpg 1339w, https:\/\/insideamateurfussball-ffm.de\/wp-content\/uploads\/2024\/09\/trainer-secbach2-300x209.jpg 300w, https:\/\/insideamateurfussball-ffm.de\/wp-content\/uploads\/2024\/09\/trainer-secbach2-1024x715.jpg 1024w, https:\/\/insideamateurfussball-ffm.de\/wp-content\/uploads\/2024\/09\/trainer-secbach2-768x536.jpg 768w\" sizes=\"auto, (max-width: 1339px) 100vw, 1339px\" \/><figcaption id=\"caption-attachment-21003\" class=\"wp-caption-text\">Spielertrainer Manuel May blickt stolz auf den erfolgreichen September der FG Seckbach. Foto: Archiv Mithat G\u00fcrser<\/figcaption><\/figure>\n<h4>FC Tempo &#8211; FG Seckbach 1:3 (0:0)<\/h4>\n<p><img loading=\"lazy\" decoding=\"async\" class=\"alignnone size-full wp-image-31\" src=\"http:\/\/insideamateurfussball-ffm.de\/wp-content\/uploads\/2021\/11\/Tempo.jpg\" alt=\"\" width=\"80\" height=\"80\" \/><img loading=\"lazy\" decoding=\"async\" class=\"alignnone size-full wp-image-544\" src=\"http:\/\/insideamateurfussball-ffm.de\/wp-content\/uploads\/2022\/06\/Seckbach.jpg\" alt=\"\" width=\"80\" height=\"80\" \/><\/p>\n<p>Die FG Seckbach untermauerte ihre Ausw\u00e4rtsst\u00e4rke und kam im sechsten Ausw\u00e4rtsspiel bereits zum vierten Sieg. Beim FC Tempo entwickelte sich ein Spiel auf Augenh\u00f6he, was allerdings bis zur Halbzeit keine nennenswerten Chancen brachte und deshalb mit dem 0:0 in die Pause ging. Nach dem Seitenwechsel kamen die Gastgeber vom FC Tempo besser aus der Kabine und hatten in der 46.Minute die gro\u00dfe Chance zum 1:0, vergaben sie aber. In der 57.Minute brachte Florian Schuberth die G\u00e4ste aus Seckbach in F\u00fchrung, f\u00fcr Tempos Sportlichen Leiter Zoran Marcetic \u201edie erste Chance f\u00fcr Seckbach, danach haben wir aufgemacht uns sind in einen Konter gelaufen\u201c.<\/p>\n<p>Es war Adrian Speck, der in der 79.Minute f\u00fcr die G\u00e4ste auf 2:0 erh\u00f6hen konnte, doch das 1:2 durch Aleksa Atanasovic in der 83.Minute machte die Partie noch einmal spannend. Marcetic: \u201edanach haben wir ein meiner Meinung regul\u00e4res Tor geschossen, was nicht gez\u00e4hlt hat, und dann fiel das 1:3\u201c. In der 90.Minute machte Benedict Linzenmeier mit dem 3:1 den Deckel drauf. Seckbachs Spielertrainer Manuel May: \u201ees war ein hartes St\u00fcck Arbeit und wir hatten heute auch Spielgl\u00fcck und haben die Tore zum richtigen Zeitpunkt erzielt. Es war ein toller September mit 5 Siegen und einem Unentschieden und wir sind gl\u00fccklich, unsere gute Position festigen zu k\u00f6nnen. Wir hatten weniger Aktionen nach vorne, diese dann aber eiskalt genutzt.\u201c<\/p>\n<p>Am Donnerstag haben die Seckbacher ein weiteres Ausw\u00e4rtsspiel und m\u00fcssen zum SV Bosnien\/Herzegowina, w\u00e4hrend der FC Tempo zum FC Karben reist.<\/p>\n<h4>Schiedsrichter: Christian Grieninger (FC Waldems). Zuschauer: 100.<\/h4>\n<h4>Tore: 0:1 Florian Schuberth (57.), 0:2 Adrian Speck (79.), 1:2 Aleksa Atanasovic (83.), 1:3 Benedict Linzenmeier (90.)<\/h4>\n","protected":false},"excerpt":{"rendered":"<p>Die FG Seckbach ist weiter in guter Form und unterstrich ihren sechsten Tabellenplatz beim FC Tempo, der vorher mit zwei Siegen und dem Pokalweiterkommen gegen den Verbandsligisten SG Bornheim gegl\u00e4nzt hatte, und setzte sich mit 3:1 durch. FC Tempo &#8211; FG Seckbach 1:3 (0:0) Die FG Seckbach untermauerte ihre Ausw\u00e4rtsst\u00e4rke und kam im sechsten Ausw\u00e4rtsspiel [&hellip;]<\/p>\n","protected":false},"author":3,"featured_media":21003,"comment_status":"closed","ping_status":"open","sticky":true,"template":"","format":"standard","meta":{"footnotes":""},"categories":[13],"tags":[],"class_list":["post-21349","post","type-post","status-publish","format-standard","has-post-thumbnail","hentry","category-gruppenliga-frankfurt-west"],"_links":{"self":[{"href":"https:\/\/insideamateurfussball-ffm.de\/index.php?rest_route=\/wp\/v2\/posts\/21349","targetHints":{"allow":["GET"]}}],"collection":[{"href":"https:\/\/insideamateurfussball-ffm.de\/index.php?rest_route=\/wp\/v2\/posts"}],"about":[{"href":"https:\/\/insideamateurfussball-ffm.de\/index.php?rest_route=\/wp\/v2\/types\/post"}],"author":[{"embeddable":true,"href":"https:\/\/insideamateurfussball-ffm.de\/index.php?rest_route=\/wp\/v2\/users\/3"}],"replies":[{"embeddable":true,"href":"https:\/\/insideamateurfussball-ffm.de\/index.php?rest_route=%2Fwp%2Fv2%2Fcomments&post=21349"}],"version-history":[{"count":3,"href":"https:\/\/insideamateurfussball-ffm.de\/index.php?rest_route=\/wp\/v2\/posts\/21349\/revisions"}],"predecessor-version":[{"id":21353,"href":"https:\/\/insideamateurfussball-ffm.de\/index.php?rest_route=\/wp\/v2\/posts\/21349\/revisions\/21353"}],"wp:featuredmedia":[{"embeddable":true,"href":"https:\/\/insideamateurfussball-ffm.de\/index.php?rest_route=\/wp\/v2\/media\/21003"}],"wp:attachment":[{"href":"https:\/\/insideamateurfussball-ffm.de\/index.php?rest_route=%2Fwp%2Fv2%2Fmedia&parent=21349"}],"wp:term":[{"taxonomy":"category","embeddable":true,"href":"https:\/\/insideamateurfussball-ffm.de\/index.php?rest_route=%2Fwp%2Fv2%2Fcategories&post=21349"},{"taxonomy":"post_tag","embeddable":true,"href":"https:\/\/insideamateurfussball-ffm.de\/index.php?rest_route=%2Fwp%2Fv2%2Ftags&post=21349"}],"curies":[{"name":"wp","href":"https:\/\/api.w.org\/{rel}","templated":true}]}}