{"id":21346,"date":"2024-09-30T15:04:44","date_gmt":"2024-09-30T13:04:44","guid":{"rendered":"https:\/\/insideamateurfussball-ffm.de\/?p=21346"},"modified":"2024-09-30T15:04:44","modified_gmt":"2024-09-30T13:04:44","slug":"fechenheim-schlaegt-auch-karben","status":"publish","type":"post","link":"https:\/\/insideamateurfussball-ffm.de\/?p=21346","title":{"rendered":"Fechenheim schl\u00e4gt auch Karben"},"content":{"rendered":"<h4>Die Spvgg. 03 Fechenheim setzt seinen Vormarsch weiter fort und schlug auch den Tabellenzweiten FC Karben nach einem Halbzeitr\u00fcckstand noch mit 2:1, als neuer Tabellenvierter sind es nur noch 6 Punkte Abstand zum Tabellenf\u00fchrer.<\/h4>\n<figure id=\"attachment_21144\" aria-describedby=\"caption-attachment-21144\" style=\"width: 945px\" class=\"wp-caption alignnone\"><img loading=\"lazy\" decoding=\"async\" class=\"wp-image-21144 size-full\" src=\"http:\/\/insideamateurfussball-ffm.de\/wp-content\/uploads\/2024\/09\/bosn3.jpg\" alt=\"\" width=\"945\" height=\"687\" srcset=\"https:\/\/insideamateurfussball-ffm.de\/wp-content\/uploads\/2024\/09\/bosn3.jpg 945w, https:\/\/insideamateurfussball-ffm.de\/wp-content\/uploads\/2024\/09\/bosn3-300x218.jpg 300w, https:\/\/insideamateurfussball-ffm.de\/wp-content\/uploads\/2024\/09\/bosn3-768x558.jpg 768w\" sizes=\"auto, (max-width: 945px) 100vw, 945px\" \/><figcaption id=\"caption-attachment-21144\" class=\"wp-caption-text\">Fechenheims Trainer Ali-Jaali freute sich \u00fcber die Mannschaftsleistung und sah keinen Schwachpunkt. Foto: Archiv Mithat G\u00fcrser<\/figcaption><\/figure>\n<h4>Spvgg. 03 Fechenheim &#8211; FC Karben 2:1 (0:1)<\/h4>\n<p><img loading=\"lazy\" decoding=\"async\" class=\"alignnone size-full wp-image-603\" src=\"http:\/\/insideamateurfussball-ffm.de\/wp-content\/uploads\/2022\/06\/Fech03.jpg\" alt=\"\" width=\"52\" height=\"80\" \/><img loading=\"lazy\" decoding=\"async\" class=\"alignnone size-full wp-image-2525\" src=\"http:\/\/insideamateurfussball-ffm.de\/wp-content\/uploads\/2022\/09\/karben.jpg\" alt=\"\" width=\"65\" height=\"80\" \/><\/p>\n<p>Kurz vor dem Spiel gegen den Tabellenzweiten FC Karben gab es zwei Hiobsbotschaften f\u00fcr den Trainer Asghar Ali-Jaali. Denn mit Felix Casalino und Kapit\u00e4n Ouassim Ouass mussten zwei Spieler beim Warmmachen abwinken und waren nicht einsatzbereit. Aber das st\u00f6rte die Gastgeber \u00fcberhaupt nicht. Ali-Jaali: \u201edie Mannschaft hat sich von der 1.Minute an die taktischen Vorgaben gehalten, gefightet und gek\u00e4mpft und ein tolles Spiel gemacht.\u201c Wie aus dem Nichts gingen allerdings die G\u00e4ste aus Karben in der 26.Minute durch ein Tor von Matteo Spreiter in F\u00fchrung, die auch bis zur Halbzeit hielt. Die G\u00e4ste hatten zwar mehr Ballbesitz, doch die Abwehr der Fechenheimer hat viele Angriffe im Keim erstickt.<\/p>\n<p>In der zweiten Halbzeit kamen die Gastgeber postwendend zum Ausgleich, Giovanbatista Pedace erzielte in der 47.Minute das 1:1. Und in der 83.Minute kr\u00f6nten sich die Fechenheimer f\u00fcr das gute Spiel belohnen, der nur eine Minute vorher eingewechselte Kaleab Eyassu erzielte fast mit der ersten Ballber\u00fchrung den Siegtreffer f\u00fcr die Gastgeber. Ali-Jaali: \u201ees war ein verdienter Sieg, wir waren \u00fcber 90 Minuten die bessere Mannschaft.\u201c Auf die weitere Saison angesprochen, meinte der Trainer: \u201edie Mannschaft hat viel Potenzial, wir sind noch nicht am Ziel, sind aber auf einem guten Weg.\u201c<\/p>\n<p>Weiter geht es f\u00fcr Fechenheim am Donnerstag mit einem weiteren Heimspiel, T\u00fcrkg\u00fcc\u00fc Frankfurt kommt zum Stadtduell an die Birsteiner Stra\u00dfe.<\/p>\n<h4>Schiedsrichter: l.A. Zuschauer: 100.<\/h4>\n<h4>Tore: 0:1 Matteo Spreiter (26.), 1:1 Giovanbatista Pedace (47.), 2:1 Kaleab Eyassu (83.)<\/h4>\n","protected":false},"excerpt":{"rendered":"<p>Die Spvgg. 03 Fechenheim setzt seinen Vormarsch weiter fort und schlug auch den Tabellenzweiten FC Karben nach einem Halbzeitr\u00fcckstand noch mit 2:1, als neuer Tabellenvierter sind es nur noch 6 Punkte Abstand zum Tabellenf\u00fchrer. Spvgg. 03 Fechenheim &#8211; FC Karben 2:1 (0:1) Kurz vor dem Spiel gegen den Tabellenzweiten FC Karben gab es zwei Hiobsbotschaften [&hellip;]<\/p>\n","protected":false},"author":3,"featured_media":21144,"comment_status":"closed","ping_status":"open","sticky":true,"template":"","format":"standard","meta":{"footnotes":""},"categories":[13],"tags":[],"class_list":["post-21346","post","type-post","status-publish","format-standard","has-post-thumbnail","hentry","category-gruppenliga-frankfurt-west"],"_links":{"self":[{"href":"https:\/\/insideamateurfussball-ffm.de\/index.php?rest_route=\/wp\/v2\/posts\/21346","targetHints":{"allow":["GET"]}}],"collection":[{"href":"https:\/\/insideamateurfussball-ffm.de\/index.php?rest_route=\/wp\/v2\/posts"}],"about":[{"href":"https:\/\/insideamateurfussball-ffm.de\/index.php?rest_route=\/wp\/v2\/types\/post"}],"author":[{"embeddable":true,"href":"https:\/\/insideamateurfussball-ffm.de\/index.php?rest_route=\/wp\/v2\/users\/3"}],"replies":[{"embeddable":true,"href":"https:\/\/insideamateurfussball-ffm.de\/index.php?rest_route=%2Fwp%2Fv2%2Fcomments&post=21346"}],"version-history":[{"count":2,"href":"https:\/\/insideamateurfussball-ffm.de\/index.php?rest_route=\/wp\/v2\/posts\/21346\/revisions"}],"predecessor-version":[{"id":21348,"href":"https:\/\/insideamateurfussball-ffm.de\/index.php?rest_route=\/wp\/v2\/posts\/21346\/revisions\/21348"}],"wp:featuredmedia":[{"embeddable":true,"href":"https:\/\/insideamateurfussball-ffm.de\/index.php?rest_route=\/wp\/v2\/media\/21144"}],"wp:attachment":[{"href":"https:\/\/insideamateurfussball-ffm.de\/index.php?rest_route=%2Fwp%2Fv2%2Fmedia&parent=21346"}],"wp:term":[{"taxonomy":"category","embeddable":true,"href":"https:\/\/insideamateurfussball-ffm.de\/index.php?rest_route=%2Fwp%2Fv2%2Fcategories&post=21346"},{"taxonomy":"post_tag","embeddable":true,"href":"https:\/\/insideamateurfussball-ffm.de\/index.php?rest_route=%2Fwp%2Fv2%2Ftags&post=21346"}],"curies":[{"name":"wp","href":"https:\/\/api.w.org\/{rel}","templated":true}]}}