{"id":21343,"date":"2024-09-30T14:40:05","date_gmt":"2024-09-30T12:40:05","guid":{"rendered":"https:\/\/insideamateurfussball-ffm.de\/?p=21343"},"modified":"2024-09-30T14:40:05","modified_gmt":"2024-09-30T12:40:05","slug":"erste-saisonniederlage-fuer-kalbach","status":"publish","type":"post","link":"https:\/\/insideamateurfussball-ffm.de\/?p=21343","title":{"rendered":"Erste Saisonniederlage f\u00fcr Kalbach"},"content":{"rendered":"<h4>Der SV Bosnien\/Herzegowina setzte beim Tabellenf\u00fchrer FC Kalbach ein Ausrufezeichen und gewann das Ausw\u00e4rtsspiel mit 4:3, obwohl man gut 40 Minuten in Unterzahl spielen musste.<\/h4>\n<figure id=\"attachment_21150\" aria-describedby=\"caption-attachment-21150\" style=\"width: 945px\" class=\"wp-caption alignnone\"><img loading=\"lazy\" decoding=\"async\" class=\"wp-image-21150 size-full\" src=\"http:\/\/insideamateurfussball-ffm.de\/wp-content\/uploads\/2024\/09\/bosn9.jpg\" alt=\"\" width=\"945\" height=\"666\" srcset=\"https:\/\/insideamateurfussball-ffm.de\/wp-content\/uploads\/2024\/09\/bosn9.jpg 945w, https:\/\/insideamateurfussball-ffm.de\/wp-content\/uploads\/2024\/09\/bosn9-300x211.jpg 300w, https:\/\/insideamateurfussball-ffm.de\/wp-content\/uploads\/2024\/09\/bosn9-768x541.jpg 768w\" sizes=\"auto, (max-width: 945px) 100vw, 945px\" \/><figcaption id=\"caption-attachment-21150\" class=\"wp-caption-text\">Die bosnische Abwehr (hier im Spiel gegen Fechenheim) lie\u00df nach dem 4:3 nichts mehr zu. Foto: Archiv Mithat G\u00fcrser<\/figcaption><\/figure>\n<h4>FC Kalbach &#8211; SV Bosnien\/Herzegowina 3:4 (2:3)<\/h4>\n<p><img loading=\"lazy\" decoding=\"async\" class=\"alignnone size-full wp-image-16\" src=\"http:\/\/insideamateurfussball-ffm.de\/wp-content\/uploads\/2021\/11\/kalbach-wappen.jpg\" alt=\"\" width=\"80\" height=\"80\" \/><img loading=\"lazy\" decoding=\"async\" class=\"alignnone size-full wp-image-139\" src=\"http:\/\/insideamateurfussball-ffm.de\/wp-content\/uploads\/2022\/05\/Bosnien.jpg\" alt=\"\" width=\"79\" height=\"80\" \/><\/p>\n<p>Jetzt hat es auch den FC Kalbach erwischt, und das ausgerechnet gegen den SV Bosnien\/Herzegowina, dem man am letzten Spieltag der alten Saison eine bittere Niederlage beibrachte und selbst in die Relegation ging. Es war ein Spiel mit vielen Toren auf beiden Seiten, bei dem der Gast aus Bosnien immer wieder in F\u00fchrung ging, bevor Kalbach ausgleichen konnte.<\/p>\n<p>In der 3.Minute erzielte Hamza Reko, der nach ca. 17 Monaten zum ersten Mal wieder in der Startelf der Bosnier stand, mit einem Distanzschuss das 1:0. Aber bereits in der 12.Minute war es Ricardo Harrabi, der den Ausglich markieren konnte. Und dann passierte das, was Kalbachs Trainer Aze-Dine Zarioh so beschrieb: \u201ewir haben die Gegentore zu den ung\u00fcnstigsten Zeitpunkten bekommen, immer wenn wir ein Tor geschossen haben, haben wir postwendend einen Gegentreffer bekommen.\u201c Nur eine Minute nach dem Ausgleich war es erneut Hamza Reko, der nach einem langen Ball zum 2:1 erfolgreich war. Die Bosnier spielten sehr viele lange B\u00e4lle, und das nach Aussagen von Zarioh \u201eerfolgreich\u201c.<\/p>\n<p>Kalbachs Torj\u00e4ger Achraf Gara Ali war es vorbehalten, in der 17.Minute mit einem verwandelten Elfmeter den erneuten Ausgleich zu erzielen. Und diesmal dauerte es bis zur 31.Minute, ehe Hamza Reko mit seinem dritten Tor die G\u00e4ste zum dritten Mal in F\u00fchrung brachte. Mit diesem Spielstand ging es auch in die Kabinen. Kurz nach der Pause gab es dann f\u00fcr ein taktisches Foul die rote Karte f\u00fcr den G\u00e4stespieler Ivo Jurisic, sowohl f\u00fcr Kalbachs Trainer Zarioh als auch f\u00fcr Bosniens Pressesprecher Admir Malohodzic eine sehr harte Entscheidung. \u00a0Diese rote Karte machte es f\u00fcr die Kalbacher aber nicht einfacher, denn die Bosnier zogen sich jetzt mit der kompletten Mannschaft zur\u00fcck und machten die R\u00e4ume eng.<\/p>\n<p>In der 60.Minute konnte dann Ihab Suleiman f\u00fcr die Kalbacher den dritten Ausgleich erzielen, und nur drei Minuten sp\u00e4ter jubelten die Gastgeber erneut, aber der Linienrichter zeigte ein Abseits an, was Trainer Zarioh nicht so sah: \u201edie Videobilder zeigen eindeutig, dass das kein Abseits war\u201c. \u00a0Und im Gegenzug erzielte dann Nudzeim Imamovic nach einem Freisto\u00df die 4:3-F\u00fchrung f\u00fcr die Bosnier. Die Kalbacher versuchten jetzt alles, aber die tief gestaffelte Abwehr der G\u00e4ste verteidigte ihr Tor bis zum Schlusspfiff erfolgreich.<\/p>\n<p>Trainer Zarioh: \u201ewir sind entt\u00e4uscht, dass wir so einfache Gegentore zugelassen haben, daher verliert man so ein Spiel auch mal. Schade, dass wir den Vorsprung vor Karben nicht ausbauen konnten\u201c. Denn trotz der Niederlage bleibt Kalbach Tabellenf\u00fchrer, da auch Karben sein Spiel in Fechenheim verlor. Admir Malohodzic war erfreut \u00fcber diesen Sieg: \u201ewir haben eindrucksvoll bewiesen, dass in der Mannschaft mehr steckt als die letzten Ergebnisse gezeigt haben. Man of the Match war eindeutig Hamza Reko, den wir sehr lange vermisst haben und der zum ersten Mal nach \u00fcber einem Jahr Pause wieder in der Startelf stand. In der zweiten Halbzeit haben wir uns nach der roten Karte auf das Verteidigen beschr\u00e4nkt, aber dass wir in Unterzahl noch das 4:3 beim Tabellenf\u00fchrer geschossen zu haben, zeigt, wieviel Qualit\u00e4t in der Mannschaft steckt.\u201c<\/p>\n<p>Bei Kalbach war die Stimmung getr\u00fcbt, nicht nur wegen der Niederlage, sondern auch wegen des Auftretens eines Linienrichters. Zarioh: \u201eder Linienrichter hat vor dem Spiel, in der Halbzeit und sogar w\u00e4hrend des Spiels darauf hingewiesen, dass es unm\u00f6glich sei, dass er in Kalbach keinen Imbiss bekommt. Und dieser Linienrichter hat auch das Abseits angezeigt, wodurch das regul\u00e4re Tor zum 4:3 f\u00fcr uns abgepfiffen wurde.\u201c Dem Schiedsrichter attestierte Zarioh eine sehr gute Leistung.<\/p>\n<p>Die Kalbacher haben nicht viel Zeit, die erste Niederlage zu verarbeiten, mit dem Heimspiel gegen den FSV Friedrichsdorf am Donnerstag und dem Ausw\u00e4rtsspiel beim FC Karben am Sonntag stehen zwei schwere Aufgaben an.<\/p>\n<h4>Schiedsrichter: Simon Wecht (SV F\u00fcrth). Zuschauer: 150.<\/h4>\n<h4>Tore: 0:1 Hamza Reko (3.), 1:1 Ricardo Harrabi (12.), 1:2 Hamza Reko (13.), 2:2 Achraf Gara Ali (17., Elfmeter), 2:3 Hamza Reko (31.), 3:3 Ihab Suleiman (60.), 3:4 Nudzeim Imamovic (84.)<\/h4>\n<p><!--more--><\/p>\n","protected":false},"excerpt":{"rendered":"<p>Der SV Bosnien\/Herzegowina setzte beim Tabellenf\u00fchrer FC Kalbach ein Ausrufezeichen und gewann das Ausw\u00e4rtsspiel mit 4:3, obwohl man gut 40 Minuten in Unterzahl spielen musste. FC Kalbach &#8211; SV Bosnien\/Herzegowina 3:4 (2:3) Jetzt hat es auch den FC Kalbach erwischt, und das ausgerechnet gegen den SV Bosnien\/Herzegowina, dem man am letzten Spieltag der alten Saison [&hellip;]<\/p>\n","protected":false},"author":3,"featured_media":21150,"comment_status":"closed","ping_status":"open","sticky":true,"template":"","format":"standard","meta":{"footnotes":""},"categories":[13],"tags":[],"class_list":["post-21343","post","type-post","status-publish","format-standard","has-post-thumbnail","hentry","category-gruppenliga-frankfurt-west"],"_links":{"self":[{"href":"https:\/\/insideamateurfussball-ffm.de\/index.php?rest_route=\/wp\/v2\/posts\/21343","targetHints":{"allow":["GET"]}}],"collection":[{"href":"https:\/\/insideamateurfussball-ffm.de\/index.php?rest_route=\/wp\/v2\/posts"}],"about":[{"href":"https:\/\/insideamateurfussball-ffm.de\/index.php?rest_route=\/wp\/v2\/types\/post"}],"author":[{"embeddable":true,"href":"https:\/\/insideamateurfussball-ffm.de\/index.php?rest_route=\/wp\/v2\/users\/3"}],"replies":[{"embeddable":true,"href":"https:\/\/insideamateurfussball-ffm.de\/index.php?rest_route=%2Fwp%2Fv2%2Fcomments&post=21343"}],"version-history":[{"count":2,"href":"https:\/\/insideamateurfussball-ffm.de\/index.php?rest_route=\/wp\/v2\/posts\/21343\/revisions"}],"predecessor-version":[{"id":21345,"href":"https:\/\/insideamateurfussball-ffm.de\/index.php?rest_route=\/wp\/v2\/posts\/21343\/revisions\/21345"}],"wp:featuredmedia":[{"embeddable":true,"href":"https:\/\/insideamateurfussball-ffm.de\/index.php?rest_route=\/wp\/v2\/media\/21150"}],"wp:attachment":[{"href":"https:\/\/insideamateurfussball-ffm.de\/index.php?rest_route=%2Fwp%2Fv2%2Fmedia&parent=21343"}],"wp:term":[{"taxonomy":"category","embeddable":true,"href":"https:\/\/insideamateurfussball-ffm.de\/index.php?rest_route=%2Fwp%2Fv2%2Fcategories&post=21343"},{"taxonomy":"post_tag","embeddable":true,"href":"https:\/\/insideamateurfussball-ffm.de\/index.php?rest_route=%2Fwp%2Fv2%2Ftags&post=21343"}],"curies":[{"name":"wp","href":"https:\/\/api.w.org\/{rel}","templated":true}]}}