{"id":21323,"date":"2024-09-28T04:55:00","date_gmt":"2024-09-28T02:55:00","guid":{"rendered":"https:\/\/insideamateurfussball-ffm.de\/?p=21323"},"modified":"2024-09-29T13:10:31","modified_gmt":"2024-09-29T11:10:31","slug":"zeilsheim-verliert-spitze-an-biebrich","status":"publish","type":"post","link":"https:\/\/insideamateurfussball-ffm.de\/?p=21323","title":{"rendered":"Zeilsheim verliert Spitze an Biebrich"},"content":{"rendered":"<h4>Der SV Zeisheim verlor am Freitagabend Rang eins in der Verbandsliga Mitte durch eine entt\u00e4uschende 1:3-Heimniederlage gegen den FV Biebrich an die G\u00e4ste aus Wiesbaden.<\/h4>\n<figure id=\"attachment_21324\" aria-describedby=\"caption-attachment-21324\" style=\"width: 2048px\" class=\"wp-caption alignnone\"><img loading=\"lazy\" decoding=\"async\" class=\"wp-image-21324 size-full\" src=\"http:\/\/insideamateurfussball-ffm.de\/wp-content\/uploads\/2024\/09\/Biebrich-Fans.jpg\" alt=\"\" width=\"2048\" height=\"1536\" srcset=\"https:\/\/insideamateurfussball-ffm.de\/wp-content\/uploads\/2024\/09\/Biebrich-Fans.jpg 2048w, https:\/\/insideamateurfussball-ffm.de\/wp-content\/uploads\/2024\/09\/Biebrich-Fans-300x225.jpg 300w, https:\/\/insideamateurfussball-ffm.de\/wp-content\/uploads\/2024\/09\/Biebrich-Fans-1024x768.jpg 1024w, https:\/\/insideamateurfussball-ffm.de\/wp-content\/uploads\/2024\/09\/Biebrich-Fans-768x576.jpg 768w, https:\/\/insideamateurfussball-ffm.de\/wp-content\/uploads\/2024\/09\/Biebrich-Fans-1536x1152.jpg 1536w\" sizes=\"auto, (max-width: 2048px) 100vw, 2048px\" \/><figcaption id=\"caption-attachment-21324\" class=\"wp-caption-text\">Biebrich wurde durch einige kreative Fans unterst\u00fctzt. Foto: PA.<\/figcaption><\/figure>\n<h4>SV Zeilsheim &#8211; FV Biebrich 1:3 (1:2)<\/h4>\n<p><img loading=\"lazy\" decoding=\"async\" class=\"alignnone size-full wp-image-1153\" src=\"http:\/\/insideamateurfussball-ffm.de\/wp-content\/uploads\/2022\/07\/SVZe.jpg\" alt=\"\" width=\"68\" height=\"80\" \/><img loading=\"lazy\" decoding=\"async\" class=\"alignnone size-full wp-image-14896\" src=\"http:\/\/insideamateurfussball-ffm.de\/wp-content\/uploads\/2023\/11\/fvbiebrich.jpg\" alt=\"\" width=\"80\" height=\"80\" \/><\/p>\n<p>Die Gastgeber hatten den besseren Start. Einen Handelfmeter verwandelte Kapit\u00e4n Abdussamed G\u00fcrsoy zum 1:0 (16.). Doch nur vier Minuten sp\u00e4ter k\u00f6pfte der Kapit\u00e4n der G\u00e4ste David Meurer eine Ecke zum 1:1 ein (20.).<\/p>\n<p>In der Folge hatte Zeilsheim die besseren M\u00f6glichkeiten, doch St\u00fcrmer Dorian Miric vergab zwei Gelegenheiten. Kurz vor der Halbzeit traf der schon nach zehn Minuten eingewechselte Sioh Lim flach ins Eck zur F\u00fchrung Biebrichs (43.).<\/p>\n<blockquote>\n<h4>Donnerstag gegen Hadamar<\/h4>\n<\/blockquote>\n<p>Nach dem Seitenwechsel schloss Derrick Amoako einen Konter zum 3:1 ab (51.), die danach Ball und Gegner im Griff hatten. Von Zeilsheim kam zu wenig, um das Spiel zu drehen. &#8222;Biebrich stand gut, wir konnten nichts mehr ausrichten, denn unsere St\u00fcrmer waren abgemeldet&#8220;, bedauerte Zeilsheims Vorsitzender Peter Strauch.<\/p>\n<p>Er hofft auf Besserung im kommenden Heimspiel am 3. Oktober gegen den SV Rot-Wei\u00df Hadamar (15 Uhr).<\/p>\n<blockquote>\n<h4>Schiedsrichter: Leonard Martin (VfB Ginsheim). Zuschauer: 221.<\/h4>\n<h4>Tore: 1:0 Abdussamed G\u00fcrsoy (16.\/Handelfmeter), 1:1 David Meurer (20.), 1:2 Sioh Lim (43.), 1:3 Derrick Amoako (51.).<\/h4>\n<\/blockquote>\n","protected":false},"excerpt":{"rendered":"<p>Der SV Zeisheim verlor am Freitagabend Rang eins in der Verbandsliga Mitte durch eine entt\u00e4uschende 1:3-Heimniederlage gegen den FV Biebrich an die G\u00e4ste aus Wiesbaden. SV Zeilsheim &#8211; FV Biebrich 1:3 (1:2) Die Gastgeber hatten den besseren Start. Einen Handelfmeter verwandelte Kapit\u00e4n Abdussamed G\u00fcrsoy zum 1:0 (16.). Doch nur vier Minuten sp\u00e4ter k\u00f6pfte der Kapit\u00e4n [&hellip;]<\/p>\n","protected":false},"author":1,"featured_media":21324,"comment_status":"closed","ping_status":"closed","sticky":true,"template":"","format":"standard","meta":{"footnotes":""},"categories":[32],"tags":[],"class_list":["post-21323","post","type-post","status-publish","format-standard","has-post-thumbnail","hentry","category-verbandsliga-mitte"],"_links":{"self":[{"href":"https:\/\/insideamateurfussball-ffm.de\/index.php?rest_route=\/wp\/v2\/posts\/21323","targetHints":{"allow":["GET"]}}],"collection":[{"href":"https:\/\/insideamateurfussball-ffm.de\/index.php?rest_route=\/wp\/v2\/posts"}],"about":[{"href":"https:\/\/insideamateurfussball-ffm.de\/index.php?rest_route=\/wp\/v2\/types\/post"}],"author":[{"embeddable":true,"href":"https:\/\/insideamateurfussball-ffm.de\/index.php?rest_route=\/wp\/v2\/users\/1"}],"replies":[{"embeddable":true,"href":"https:\/\/insideamateurfussball-ffm.de\/index.php?rest_route=%2Fwp%2Fv2%2Fcomments&post=21323"}],"version-history":[{"count":1,"href":"https:\/\/insideamateurfussball-ffm.de\/index.php?rest_route=\/wp\/v2\/posts\/21323\/revisions"}],"predecessor-version":[{"id":21325,"href":"https:\/\/insideamateurfussball-ffm.de\/index.php?rest_route=\/wp\/v2\/posts\/21323\/revisions\/21325"}],"wp:featuredmedia":[{"embeddable":true,"href":"https:\/\/insideamateurfussball-ffm.de\/index.php?rest_route=\/wp\/v2\/media\/21324"}],"wp:attachment":[{"href":"https:\/\/insideamateurfussball-ffm.de\/index.php?rest_route=%2Fwp%2Fv2%2Fmedia&parent=21323"}],"wp:term":[{"taxonomy":"category","embeddable":true,"href":"https:\/\/insideamateurfussball-ffm.de\/index.php?rest_route=%2Fwp%2Fv2%2Fcategories&post=21323"},{"taxonomy":"post_tag","embeddable":true,"href":"https:\/\/insideamateurfussball-ffm.de\/index.php?rest_route=%2Fwp%2Fv2%2Ftags&post=21323"}],"curies":[{"name":"wp","href":"https:\/\/api.w.org\/{rel}","templated":true}]}}