{"id":21320,"date":"2024-09-27T16:39:00","date_gmt":"2024-09-27T14:39:00","guid":{"rendered":"https:\/\/insideamateurfussball-ffm.de\/?p=21320"},"modified":"2024-09-29T12:53:08","modified_gmt":"2024-09-29T10:53:08","slug":"dortelweil-kann-doch-verlieren-pokalaus-in-karben","status":"publish","type":"post","link":"https:\/\/insideamateurfussball-ffm.de\/?p=21320","title":{"rendered":"Dortelweil kann doch verlieren &#8211; Pokalaus in Karben"},"content":{"rendered":"<h4>Der SC Dortelweil kann doch verlieren. Am Donnerstagabend schied der in der Verbandsliga S\u00fcd unbesiegte Tabellenf\u00fchrer beim Gruppenliga-Zweiten FC Karben mit 0:1 aus dem Friedberger Kreispokal aus.<\/h4>\n<figure id=\"attachment_21321\" aria-describedby=\"caption-attachment-21321\" style=\"width: 2048px\" class=\"wp-caption alignnone\"><img loading=\"lazy\" decoding=\"async\" class=\"wp-image-21321 size-full\" src=\"http:\/\/insideamateurfussball-ffm.de\/wp-content\/uploads\/2024\/09\/Kar-Dor.jpg\" alt=\"\" width=\"2048\" height=\"1536\" srcset=\"https:\/\/insideamateurfussball-ffm.de\/wp-content\/uploads\/2024\/09\/Kar-Dor.jpg 2048w, https:\/\/insideamateurfussball-ffm.de\/wp-content\/uploads\/2024\/09\/Kar-Dor-300x225.jpg 300w, https:\/\/insideamateurfussball-ffm.de\/wp-content\/uploads\/2024\/09\/Kar-Dor-1024x768.jpg 1024w, https:\/\/insideamateurfussball-ffm.de\/wp-content\/uploads\/2024\/09\/Kar-Dor-768x576.jpg 768w, https:\/\/insideamateurfussball-ffm.de\/wp-content\/uploads\/2024\/09\/Kar-Dor-1536x1152.jpg 1536w\" sizes=\"auto, (max-width: 2048px) 100vw, 2048px\" \/><figcaption id=\"caption-attachment-21321\" class=\"wp-caption-text\">\u00dcbles Wetter setzte dem Spiel zu. Foto: PA.<\/figcaption><\/figure>\n<h4>FC Karben &#8211; SC Dortelweil 1:0 (0:0)<\/h4>\n<p><img loading=\"lazy\" decoding=\"async\" class=\"alignnone size-full wp-image-2525\" src=\"http:\/\/insideamateurfussball-ffm.de\/wp-content\/uploads\/2022\/09\/karben.jpg\" alt=\"\" width=\"65\" height=\"80\" \/><img loading=\"lazy\" decoding=\"async\" class=\"alignnone size-full wp-image-435\" src=\"http:\/\/insideamateurfussball-ffm.de\/wp-content\/uploads\/2022\/05\/Dortelweil.jpg\" alt=\"\" width=\"80\" height=\"80\" \/><\/p>\n<p>Bei str\u00f6mendem Regen und heftigem Wind erschienen nur die hartgesottenen Zuschauer am G\u00fcnter-Reutzel-Sportfeld. Der Modus im Kreispokal Friedberg bleibt weiter umstritten. In der 1. Runde traf ein Gruppenligist auf den Verbandsligisten. Denn der viel kritisierte Modus im Kreis Friedberg l\u00e4sst die h\u00f6herklassigen Vereine schon fr\u00fch aufeinandertreffen und sich so gegenseitig eliminieren, w\u00e4hrend parallel ein &#8222;Kreisliga-Cup&#8220; gespielt wird wo die &#8222;kleinen Vereine&#8220; erstmal unter sich bleiben.<\/p>\n<p>Im letzten Jahr f\u00fchrte dies dazu, dass Hessenliga-Verein Friedberg im Finale Nieder-Weisel aus der KOL zweistellig abfertigte.<\/p>\n<h4>Dortelweil vergibt zahlreiche Ausgleichsm\u00f6glichkeiten<\/h4>\n<p>Eine Logik, die jeder Pokaltradition widerspricht. Bei der besagten Partie gab es durchaus eine \u00dcberraschung. Karben warf den ungeschlagenen Verbandsliga-Tabellenf\u00fchrer durch einen Treffer von Moritz Heitefu\u00df (58.) aus dem Wettbewerb.<\/p>\n<p>Die G\u00e4ste hatten in der Schlussphase noch zahlreiche Ausgleichschancen, konnten den Ball aber nicht unterbringen. Unter anderem krachte der Ball mehrmals an die Querlatte.<\/p>\n<blockquote>\n<h4>Schiedsrichter: Rene Filges (SV Teutonia Staden). Zuschauer: 82.<\/h4>\n<h4>Tor: 1:0 Moritz Heitefu\u00df (58.).<\/h4>\n<\/blockquote>\n","protected":false},"excerpt":{"rendered":"<p>Der SC Dortelweil kann doch verlieren. Am Donnerstagabend schied der in der Verbandsliga S\u00fcd unbesiegte Tabellenf\u00fchrer beim Gruppenliga-Zweiten FC Karben mit 0:1 aus dem Friedberger Kreispokal aus. FC Karben &#8211; SC Dortelweil 1:0 (0:0) Bei str\u00f6mendem Regen und heftigem Wind erschienen nur die hartgesottenen Zuschauer am G\u00fcnter-Reutzel-Sportfeld. Der Modus im Kreispokal Friedberg bleibt weiter umstritten. [&hellip;]<\/p>\n","protected":false},"author":1,"featured_media":21321,"comment_status":"closed","ping_status":"closed","sticky":true,"template":"","format":"standard","meta":{"footnotes":""},"categories":[9],"tags":[],"class_list":["post-21320","post","type-post","status-publish","format-standard","has-post-thumbnail","hentry","category-kreispokal"],"_links":{"self":[{"href":"https:\/\/insideamateurfussball-ffm.de\/index.php?rest_route=\/wp\/v2\/posts\/21320","targetHints":{"allow":["GET"]}}],"collection":[{"href":"https:\/\/insideamateurfussball-ffm.de\/index.php?rest_route=\/wp\/v2\/posts"}],"about":[{"href":"https:\/\/insideamateurfussball-ffm.de\/index.php?rest_route=\/wp\/v2\/types\/post"}],"author":[{"embeddable":true,"href":"https:\/\/insideamateurfussball-ffm.de\/index.php?rest_route=\/wp\/v2\/users\/1"}],"replies":[{"embeddable":true,"href":"https:\/\/insideamateurfussball-ffm.de\/index.php?rest_route=%2Fwp%2Fv2%2Fcomments&post=21320"}],"version-history":[{"count":1,"href":"https:\/\/insideamateurfussball-ffm.de\/index.php?rest_route=\/wp\/v2\/posts\/21320\/revisions"}],"predecessor-version":[{"id":21322,"href":"https:\/\/insideamateurfussball-ffm.de\/index.php?rest_route=\/wp\/v2\/posts\/21320\/revisions\/21322"}],"wp:featuredmedia":[{"embeddable":true,"href":"https:\/\/insideamateurfussball-ffm.de\/index.php?rest_route=\/wp\/v2\/media\/21321"}],"wp:attachment":[{"href":"https:\/\/insideamateurfussball-ffm.de\/index.php?rest_route=%2Fwp%2Fv2%2Fmedia&parent=21320"}],"wp:term":[{"taxonomy":"category","embeddable":true,"href":"https:\/\/insideamateurfussball-ffm.de\/index.php?rest_route=%2Fwp%2Fv2%2Fcategories&post=21320"},{"taxonomy":"post_tag","embeddable":true,"href":"https:\/\/insideamateurfussball-ffm.de\/index.php?rest_route=%2Fwp%2Fv2%2Ftags&post=21320"}],"curies":[{"name":"wp","href":"https:\/\/api.w.org\/{rel}","templated":true}]}}