{"id":2129,"date":"2022-08-22T16:26:45","date_gmt":"2022-08-22T14:26:45","guid":{"rendered":"http:\/\/insideamateurfussball-ffm.de\/?p=2129"},"modified":"2025-01-07T15:33:52","modified_gmt":"2025-01-07T14:33:52","slug":"eintracht-ii-deklassiert-fc-giessen","status":"publish","type":"post","link":"https:\/\/insideamateurfussball-ffm.de\/?p=2129","title":{"rendered":"Eintracht II deklassiert FC Gie\u00dfen"},"content":{"rendered":"<h4>Die U21 von Eintracht Frankfurt hat auch ihr zweites Heimspiel in der Hessenliga deutlich gewonnen. Gegen Regionalliga-Absteiger FC Gie\u00dfen gewann die Mannschaft von Trainer Kristjan Glibo wie schon gegen Viktoria Griesheim mit 5:0 (2:0).<\/h4>\n<figure id=\"attachment_2130\" aria-describedby=\"caption-attachment-2130\" style=\"width: 2048px\" class=\"wp-caption alignnone\"><img loading=\"lazy\" decoding=\"async\" class=\"wp-image-2130 size-full\" src=\"http:\/\/insideamateurfussball-ffm.de\/wp-content\/uploads\/2022\/08\/SGEII-FCG.jpg\" alt=\"\" width=\"2048\" height=\"1536\" \/><figcaption id=\"caption-attachment-2130\" class=\"wp-caption-text\"><strong>1400 Zuschauer im Sportpark Dreieich. Foto: PA.<\/strong><\/figcaption><\/figure>\n<h4>Eintracht Frankfurt U21 &#8211; FC Gie\u00dfen 5:0 (2:0)<\/h4>\n<p><img loading=\"lazy\" decoding=\"async\" class=\"alignnone size-full wp-image-836\" src=\"http:\/\/insideamateurfussball-ffm.de\/wp-content\/uploads\/2022\/06\/SGE.jpg\" alt=\"\" width=\"79\" height=\"80\" \/><img loading=\"lazy\" decoding=\"async\" class=\"alignnone size-full wp-image-2080\" src=\"http:\/\/insideamateurfussball-ffm.de\/wp-content\/uploads\/2022\/08\/FCGi.png\" alt=\"\" width=\"58\" height=\"80\" \/><\/p>\n<div>\n<div><span style=\"color: #003300;\">Vor einer f\u00fcr Hessenliga-Verh\u00e4ltnisse ungew\u00f6hnlich hohen Kulisse von 1400 Zuschauern waren zwei Elfmeter in der Anfangsphase f\u00fcr den klaren Eintracht-Erfolg wegweisend. Nach dem von Innenverteiger Marc Wachs verwandelten Handelfmeter (6.) musste Nino Cassaniti in der 17. Minute verletzt ausscheiden. Der f\u00fcr ihn eingewechselte Gianluca Sch\u00e4fer hatte dann einen nur viermin\u00fctigen Kurzauftritt, als er gegen Ex-Eintracht-Profi Michael Fink den zweiten Strafsto\u00df herausholte und dann verletzt liegen blieb. Nachdem erneut Wachs zum 2:0 verwandelte (20.), war das Spiel f\u00fcr Sch\u00e4fer schon wieder beendet uns es kam Zubayr Amiri.<\/span><\/div>\n<\/div>\n<div><\/div>\n<div><\/div>\n<div>\n<div><\/div>\n<div><span style=\"color: #003300;\">G\u00e4stecoach Daniyel Cimen fand klare Worte: &#8222;Den ersten Elfmeter kann man geben. Der zweite war hingegen keiner, denn der Spieler tritt nach dem dem Kontakt am Oberk\u00f6rper in den Boden und f\u00e4llt. Bedauerlich, dass er sich dabei verletzt.&#8220; Mit der F\u00fchrung im R\u00fccken hatte die Eintracht die Partie fr\u00fchzeitig im Griff. Ansonsten litt die Begegnung unter vielen Unterbrechungen wegen verletzter Spieler. Als Gie\u00dfen zur Pause auf ein 3-5-2 umstellen, war diese Ma\u00dfnahme nach 15 Sekunden verpufft.<\/span><\/div>\n<\/div>\n<h4>Eigentor in der Schlussminute<\/h4>\n<div><span style=\"color: #003300;\">Der Brasilianer Divaio Bobson traf auf Zuspiel von Maximilian Brauburger, der als linker Verteidiger eingesetzt wurde, zum 3:0 (46.). &#8222;Es war nach den fr\u00fchen Gegentoren schwer gegen eine Mannschaft, die sehr viel Speed hatte. Nach dem 3:0 wurde es wild, es haben uns die richtigen Entscheidungen gefehlt und so kamen wir nur zu halben Chancen&#8220;, pr\u00e4zisierte Cimen. So passte es ins Bild, dass Gie\u00dfen in der Schlussphase durch Emir Sejdovic (80.) und ein Eigentor von Adrian Kireski (90.) noch Gegentreffer Nummer vier und f\u00fcnf schlucken musste.<\/span><\/div>\n<div><\/div>\n<div><\/div>\n<div>\n<div><\/div>\n<div><span style=\"color: #003300;\">Zufriedenheit herrschte hingegen bei Eintracht-Trainer Kristjan Glibo: &#8222;Wir haben das Spiel sehr gut kontrollieren k\u00f6nnen und hatten Ruhe am Ball. Im letzten Drittel haben wir viel liegen gelassen. Von daher m\u00fcssen wir da zulegen.&#8220; Aufgrund von zwei harten Trainingswochen gab Glibo seinen Sch\u00fctzlingen vor der vorgezogenen Partie am Mittwoch bei Viktoria Griesheim zwei Tage frei.<\/span><\/div>\n<\/div>\n<div><\/div>\n<h4>Eintracht Frankfurt U21: Ramaj; Otto, Gebuhr, Wachs, Brauburger &#8211; Dejanovic, Loune (85. Maurer) &#8211; Bobson (73. Colbe), Sejdovic, Cassaniti (17. Sch\u00e4fer\/21. Amiri) &#8211; Ferri (67. Maqkaj).<\/h4>\n<h4>FC Gie\u00dfen: Lapcic; Calabrese, Bresso, Fink, Abdel-Ghani &#8211; Kireski, Vural &#8211; Maingad, de Moussa Beal, Pekesen (60. Mahmuti) &#8211; \u00d6zt\u00fcrk (46. Akulinin).<\/h4>\n<h4>Schiedsrichter: Alexander Hauser (FC Waldbrunn). Zuschauer: 1400.<\/h4>\n<h4>Tore: 1:0 Marc Wachs (6.\/Handelfmeter), 2:0 Marc Wachs (20.\/Foulelfmeter), 3:0 Divao Jhair Bobson (46.), 4:0 Emir Sejdovic (80.), 5:0 Adrian Kireski (90.\/Eigentor).<\/h4>\n","protected":false},"excerpt":{"rendered":"<p>Die U21 von Eintracht Frankfurt hat auch ihr zweites Heimspiel in der Hessenliga deutlich gewonnen. Gegen Regionalliga-Absteiger FC Gie\u00dfen gewann die Mannschaft von Trainer Kristjan Glibo wie schon gegen Viktoria Griesheim mit 5:0 (2:0). Eintracht Frankfurt U21 &#8211; FC Gie\u00dfen 5:0 (2:0) Vor einer f\u00fcr Hessenliga-Verh\u00e4ltnisse ungew\u00f6hnlich hohen Kulisse von 1400 Zuschauern waren zwei Elfmeter [&hellip;]<\/p>\n","protected":false},"author":1,"featured_media":0,"comment_status":"open","ping_status":"open","sticky":false,"template":"","format":"standard","meta":{"footnotes":""},"categories":[8],"tags":[],"class_list":["post-2129","post","type-post","status-publish","format-standard","hentry","category-hessenliga"],"_links":{"self":[{"href":"https:\/\/insideamateurfussball-ffm.de\/index.php?rest_route=\/wp\/v2\/posts\/2129","targetHints":{"allow":["GET"]}}],"collection":[{"href":"https:\/\/insideamateurfussball-ffm.de\/index.php?rest_route=\/wp\/v2\/posts"}],"about":[{"href":"https:\/\/insideamateurfussball-ffm.de\/index.php?rest_route=\/wp\/v2\/types\/post"}],"author":[{"embeddable":true,"href":"https:\/\/insideamateurfussball-ffm.de\/index.php?rest_route=\/wp\/v2\/users\/1"}],"replies":[{"embeddable":true,"href":"https:\/\/insideamateurfussball-ffm.de\/index.php?rest_route=%2Fwp%2Fv2%2Fcomments&post=2129"}],"version-history":[{"count":4,"href":"https:\/\/insideamateurfussball-ffm.de\/index.php?rest_route=\/wp\/v2\/posts\/2129\/revisions"}],"predecessor-version":[{"id":2135,"href":"https:\/\/insideamateurfussball-ffm.de\/index.php?rest_route=\/wp\/v2\/posts\/2129\/revisions\/2135"}],"wp:attachment":[{"href":"https:\/\/insideamateurfussball-ffm.de\/index.php?rest_route=%2Fwp%2Fv2%2Fmedia&parent=2129"}],"wp:term":[{"taxonomy":"category","embeddable":true,"href":"https:\/\/insideamateurfussball-ffm.de\/index.php?rest_route=%2Fwp%2Fv2%2Fcategories&post=2129"},{"taxonomy":"post_tag","embeddable":true,"href":"https:\/\/insideamateurfussball-ffm.de\/index.php?rest_route=%2Fwp%2Fv2%2Ftags&post=2129"}],"curies":[{"name":"wp","href":"https:\/\/api.w.org\/{rel}","templated":true}]}}