{"id":21289,"date":"2024-09-26T15:21:51","date_gmt":"2024-09-26T13:21:51","guid":{"rendered":"https:\/\/insideamateurfussball-ffm.de\/?p=21289"},"modified":"2024-09-27T16:02:38","modified_gmt":"2024-09-27T14:02:38","slug":"heddernheim-gewinnt-pokalfight-beim-bsc","status":"publish","type":"post","link":"https:\/\/insideamateurfussball-ffm.de\/?p=21289","title":{"rendered":"Heddernheim gewinnt Pokalfight beim BSC"},"content":{"rendered":"<h4>In einem packenden Pokalfight setzte sich der SV 07 Heddernheim mit 3:2 beim Ligakonkurrenten BSC Schwarz-Wei\u00df 19 und tankte Selbstvertrauen f\u00fcr die kommenden Ligaspiele. Im Achtelfinale haben die Gr\u00fcn-Wei\u00dfen ein Heimspiel gegen Gruppenligist FG Seckbach oder Verbandsligist Rot-Weiss Frankfurt, die erst am 17. Oktober gegeneinander spielen.<\/h4>\n<figure id=\"attachment_21290\" aria-describedby=\"caption-attachment-21290\" style=\"width: 2048px\" class=\"wp-caption alignnone\"><img loading=\"lazy\" decoding=\"async\" class=\"wp-image-21290 size-full\" src=\"http:\/\/insideamateurfussball-ffm.de\/wp-content\/uploads\/2024\/09\/BSC-SVH.jpg\" alt=\"\" width=\"2048\" height=\"1536\" srcset=\"https:\/\/insideamateurfussball-ffm.de\/wp-content\/uploads\/2024\/09\/BSC-SVH.jpg 2048w, https:\/\/insideamateurfussball-ffm.de\/wp-content\/uploads\/2024\/09\/BSC-SVH-300x225.jpg 300w, https:\/\/insideamateurfussball-ffm.de\/wp-content\/uploads\/2024\/09\/BSC-SVH-1024x768.jpg 1024w, https:\/\/insideamateurfussball-ffm.de\/wp-content\/uploads\/2024\/09\/BSC-SVH-768x576.jpg 768w, https:\/\/insideamateurfussball-ffm.de\/wp-content\/uploads\/2024\/09\/BSC-SVH-1536x1152.jpg 1536w\" sizes=\"auto, (max-width: 2048px) 100vw, 2048px\" \/><figcaption id=\"caption-attachment-21290\" class=\"wp-caption-text\">Das Heddernheimer Team jubelt \u00fcber das Weiterkommen im Pokal. Foto: PA.<\/figcaption><\/figure>\n<h4>BSC Schwarz-Wei\u00df 19 &#8211; SV 07 Heddernheim 2:3 (1:0)<\/h4>\n<p><img loading=\"lazy\" decoding=\"async\" class=\"alignnone size-full wp-image-285\" src=\"http:\/\/insideamateurfussball-ffm.de\/wp-content\/uploads\/2022\/05\/BSC-19.jpg\" alt=\"\" width=\"80\" height=\"61\" \/><img loading=\"lazy\" decoding=\"async\" class=\"alignnone size-full wp-image-302\" src=\"http:\/\/insideamateurfussball-ffm.de\/wp-content\/uploads\/2022\/05\/1sv07_news2_4511-1.jpg\" alt=\"\" width=\"80\" height=\"80\" \/><\/p>\n<p>Dass sich Lose im Kreispokal wiederholen, ist ein schon l\u00e4nger beobachtetes Ph\u00e4nomen. So gab es diese Paarung vor exakt zwei Jahren in der 2. Runde schon einmal, seinerzeit trotze der noch in der Kreisliga A spielende BSC dem Kreisoberligisten ein 4:4 ab, im Elfmeterschie\u00dfen setzte sich der Favorit durch. Am 1. Spieltag der aktuellen Saison hatte der BSC auf dem Rasenplatz die Heddernheimer mit 3:1 bezwungen, diesmal konnten die G\u00e4ste die Pokalh\u00fcrde in 90 Minuten \u00fcberspringen. Danach sah es zu Beginn noch nicht aus, zumal verletzungsbedingt einige Umstellungen n\u00f6tig waren und die St\u00fcrmer Marcus Kreckel und Oliver Solarz auf der Bank Platz nahmen. Die Hausherren waren zun\u00e4chst spielbestimmend und wurden mit dem 1:0 belohnt. Auf Zuspiel von Sebhat Kahsay traf der ehemalige Oberliga-Spieler Yilmaz Kilic (20.).<\/p>\n<p>Bis zur Pause k\u00e4mpften sich die Heddernheimer in das \u00fcberraschend gut besuchte Pokalspiel. Tomislav Cudina mit seinem Lattenschuss hatte Pech kurz vor dem Halbzeitpfiff (44.). Nach dem Seitenwechsel avancierte der in den letzten Jahren wegen Verletzungen nur wenig eingesetzte Nikita Mitto zum &#8222;Man of the match&#8220;. Zun\u00e4chst feuerte der seit seiner Jugend f\u00fcr den Verein spielende Mitto einen fulminanten Schuss an die Latte (51.), dann \u00fcbernahm er Verantwortung und verwandelte den Foulelfmeter zum 2:2 (65.). Und dann f\u00fchrte sein \u00f6ffnender Pass auf die linke Seite zu Deniz Yatci zur G\u00e4stef\u00fchrung. Yatci lief in den Strafraum, behielt die \u00dcbersicht und seinen Pass nach innen verwertete Luka Filip Brnas (67.). Der BSC schlug jedoch zur\u00fcck, bekam einen Handelfmeter zugesprochen, den der routinierte Kahsay zum 2:2 verwandelte (71.).<\/p>\n<blockquote>\n<h4>Heddernheim \u00fcbersteht in Unterzahl die Nachspielzeit schadlos<\/h4>\n<\/blockquote>\n<p>Jetzt war es ein Klasse Pokalfight mit Chancen auf beiden Seiten. Mit Solarz und Sean Lynch aus der Reserve, der sich den Einsatz durch gute Leistungen verdiente, kamen frische Kr\u00e4fte ins Spiel. Die drohende Verl\u00e4ngerung umgingen die Heddernheimer nach einer Ecke von Cudina, als der aus der A-Jugend aufger\u00fcckte Masrur Paul Katamian aus kurzer Distanz einschob (87.). Die Nachspielzeit \u00fcberstanden die G\u00e4ste in Unterzahl nach der Zeitstrafe gegen Berke Cadir (90.\/+2) trotz permanenter Angriffe des BSC schadlos. Co-Trainer Gerardo de Maria erkannte an: &#8222;Die ersten 35 Minuten war das eine ordentliche Leistung von uns, da lagen wir verdient in F\u00fchrung. Zweite Halbzeit konnten wir dem Druck der Heddernheimer nicht stand halten. Da hatten wir nach dem R\u00fcckstand trotz des zwischenzeitlichen Ausgleichs nicht mehr viel vom Spiel und haben unsere Chancen nicht genutzt. Am Ende ist das Weiterkommen von Heddernheim verdient, die haben gut gek\u00e4mpft und wollten den Sieg mehr.&#8220;<\/p>\n<p>SVH-Trainer Andreas Berggold war froh \u00fcber das Erfolgserlebnis im Pokal: &#8222;Das nehmen wir gerne mit. So haben wir etwas f\u00fcr unser Selbstvertrauen gemacht. Die erste Halbzeit ging an den BSC, aber unsere Spieler haben das super gemacht. Aufgrund der zweiten Halbzeit geht der Sieg absolut in Ordnung, l\u00e4uferisch und spielerisch waren wir die klar bessere Mannschaft. Auch k\u00e4mpferisch war das toll, wir haben auch tolle Spielz\u00fcge gesehen. Jeder hat den anderen gepusht, das war eine gute Leistung.&#8220; Diese gelte es am Sonntag an Ort und Stelle im Ligaspiel bei Concodia Eschersheim fortzusetzen (15 Uhr). Der BSC spielt bereits zwei Stunden vorher um 13 Uhr bei der SG Bornheim\/Gr\u00fcn-Wei\u00df II.<\/p>\n<blockquote>\n<h4>Schiedsrichter: Bartosz Budzinski (SC Polonia Wiesbaden). Zuschauer: 117.<\/h4>\n<h4>Tore: 1:0 Yilmaz Kilic (20.), 1:1 Nikita Mitto (65.\/Foulelfmeter), 1:2 Luka Filip Brnas (67.), 2:2 Sebhat Kahsay (71.\/Handelfmeter), 2:3 Masrur Paul Katamian (87.).<\/h4>\n<\/blockquote>\n","protected":false},"excerpt":{"rendered":"<p>In einem packenden Pokalfight setzte sich der SV 07 Heddernheim mit 3:2 beim Ligakonkurrenten BSC Schwarz-Wei\u00df 19 und tankte Selbstvertrauen f\u00fcr die kommenden Ligaspiele. Im Achtelfinale haben die Gr\u00fcn-Wei\u00dfen ein Heimspiel gegen Gruppenligist FG Seckbach oder Verbandsligist Rot-Weiss Frankfurt, die erst am 17. Oktober gegeneinander spielen. BSC Schwarz-Wei\u00df 19 &#8211; SV 07 Heddernheim 2:3 (1:0) [&hellip;]<\/p>\n","protected":false},"author":1,"featured_media":21290,"comment_status":"closed","ping_status":"closed","sticky":true,"template":"","format":"standard","meta":{"footnotes":""},"categories":[9],"tags":[],"class_list":["post-21289","post","type-post","status-publish","format-standard","has-post-thumbnail","hentry","category-kreispokal"],"_links":{"self":[{"href":"https:\/\/insideamateurfussball-ffm.de\/index.php?rest_route=\/wp\/v2\/posts\/21289","targetHints":{"allow":["GET"]}}],"collection":[{"href":"https:\/\/insideamateurfussball-ffm.de\/index.php?rest_route=\/wp\/v2\/posts"}],"about":[{"href":"https:\/\/insideamateurfussball-ffm.de\/index.php?rest_route=\/wp\/v2\/types\/post"}],"author":[{"embeddable":true,"href":"https:\/\/insideamateurfussball-ffm.de\/index.php?rest_route=\/wp\/v2\/users\/1"}],"replies":[{"embeddable":true,"href":"https:\/\/insideamateurfussball-ffm.de\/index.php?rest_route=%2Fwp%2Fv2%2Fcomments&post=21289"}],"version-history":[{"count":1,"href":"https:\/\/insideamateurfussball-ffm.de\/index.php?rest_route=\/wp\/v2\/posts\/21289\/revisions"}],"predecessor-version":[{"id":21291,"href":"https:\/\/insideamateurfussball-ffm.de\/index.php?rest_route=\/wp\/v2\/posts\/21289\/revisions\/21291"}],"wp:featuredmedia":[{"embeddable":true,"href":"https:\/\/insideamateurfussball-ffm.de\/index.php?rest_route=\/wp\/v2\/media\/21290"}],"wp:attachment":[{"href":"https:\/\/insideamateurfussball-ffm.de\/index.php?rest_route=%2Fwp%2Fv2%2Fmedia&parent=21289"}],"wp:term":[{"taxonomy":"category","embeddable":true,"href":"https:\/\/insideamateurfussball-ffm.de\/index.php?rest_route=%2Fwp%2Fv2%2Fcategories&post=21289"},{"taxonomy":"post_tag","embeddable":true,"href":"https:\/\/insideamateurfussball-ffm.de\/index.php?rest_route=%2Fwp%2Fv2%2Ftags&post=21289"}],"curies":[{"name":"wp","href":"https:\/\/api.w.org\/{rel}","templated":true}]}}