{"id":21282,"date":"2024-09-26T15:10:00","date_gmt":"2024-09-26T13:10:00","guid":{"rendered":"https:\/\/insideamateurfussball-ffm.de\/?p=21282"},"modified":"2024-09-26T18:30:34","modified_gmt":"2024-09-26T16:30:34","slug":"ginnheim-freut-sich-auf-platzderby-gegen-tempo","status":"publish","type":"post","link":"https:\/\/insideamateurfussball-ffm.de\/?p=21282","title":{"rendered":"Ginnheim freut sich auf Platzderby gegen Tempo"},"content":{"rendered":"<h4>In einem A-Liga-Duell aus der gleichen Staffel schaltete Germania Ginnheim den SV Niederursel mit 5:3 aus und freut sich im Achtelfinale auf das Platzderby gegen den Gruppenligisten FC Tempo.<\/h4>\n<figure id=\"attachment_21283\" aria-describedby=\"caption-attachment-21283\" style=\"width: 2048px\" class=\"wp-caption alignnone\"><img loading=\"lazy\" decoding=\"async\" class=\"wp-image-21283 size-full\" src=\"http:\/\/insideamateurfussball-ffm.de\/wp-content\/uploads\/2024\/09\/GGINN.jpg\" alt=\"\" width=\"2048\" height=\"1536\" srcset=\"https:\/\/insideamateurfussball-ffm.de\/wp-content\/uploads\/2024\/09\/GGINN.jpg 2048w, https:\/\/insideamateurfussball-ffm.de\/wp-content\/uploads\/2024\/09\/GGINN-300x225.jpg 300w, https:\/\/insideamateurfussball-ffm.de\/wp-content\/uploads\/2024\/09\/GGINN-1024x768.jpg 1024w, https:\/\/insideamateurfussball-ffm.de\/wp-content\/uploads\/2024\/09\/GGINN-768x576.jpg 768w, https:\/\/insideamateurfussball-ffm.de\/wp-content\/uploads\/2024\/09\/GGINN-1536x1152.jpg 1536w\" sizes=\"auto, (max-width: 2048px) 100vw, 2048px\" \/><figcaption id=\"caption-attachment-21283\" class=\"wp-caption-text\">Traditionsclub Germania Ginnheim steht im Achtelfinale. Foto: Archiv PA.<\/figcaption><\/figure>\n<h4>Germania Ginnheim &#8211; SV Niederursel 5:3 (2:1)<\/h4>\n<p><img loading=\"lazy\" decoding=\"async\" class=\"alignnone size-full wp-image-3205\" src=\"http:\/\/insideamateurfussball-ffm.de\/wp-content\/uploads\/2022\/10\/Ginnheim.jpg\" alt=\"\" width=\"80\" height=\"80\" \/><img loading=\"lazy\" decoding=\"async\" class=\"alignnone size-full wp-image-2580\" src=\"http:\/\/insideamateurfussball-ffm.de\/wp-content\/uploads\/2022\/09\/Niederursel.png\" alt=\"\" width=\"63\" height=\"80\" \/><\/p>\n<p>&#8222;Das Spiel war genauso ausgeglichen wie das 0:0 im Ligaspiel vor zwei Wochen in Niederursel. Wir hatten durch Ballbesitz optische Vorteile. Der Sieg war verdient, aber Niederursel war genauso stark&#8220;, sagte Ginnheims Alterspr\u00e4sident Tony Gering. Es spielte der Dritte gegen den Zweiten der A-Klasse Gruppe 1 und diese Konstellation lie\u00df ein gutes Spiel erwarten.<\/p>\n<p>Marvin Sean Gering brachte die Gastgeber in F\u00fchrung (8.), f\u00fcr die G\u00e4ste glich Khaled Eltayeb aus (25.). Die Pausenf\u00fchrung der Ginnheimer markierte Jamil Slater (35.). Nach dem Seitenwechsel drehte Niederursel auf, glich mit Routinier Marek Wiechula aus (58.) und erzielte durch Samir Fejzovic die 3:2-F\u00fchrung (62.).<\/p>\n<blockquote>\n<h4>&#8222;Daf\u00fcr haben wir uns ganz gut verkauft und ohne den Platzverweis w\u00e4ren wir wohl auch weiter gekommen&#8220; (Niederursels Trainer Artur Rissling)<\/h4>\n<\/blockquote>\n<p>Kurz darauf gerieten die G\u00e4ste jedoch nach der Roten Karte gegen Wiechula in Unterzahl (64.), f\u00fcr G\u00e4stecoach Artur Rissling die Schl\u00fcsselszene: &#8222;Bis dahin hatten wir alles im Griff, der Platzverweis hat Ginnheim in die Karten gespielt.&#8220; Die Hausherren nutzten die \u00dcberzahl, trafen mit mit Kurosch Alimoradian (67.), Gering (72.) und Bastian Ulrich (76.) noch dreimal und freuten sich \u00fcber den Einzug ins Achtelfinale.<\/p>\n<p>&#8222;Ich habe acht Leute geschont, denn die Liga ist uns wichtiger. Daf\u00fcr haben wir uns ganz gut verkauft und ohne den Platzverweis w\u00e4ren wir wohl auch weiter gekommen&#8220;, f\u00fcgte Rissling hinzu. In der A-Klasse geht es f\u00fcr Ginnheim am Sonntag zum FV 09 Eschersheim, Niederursel spielt beim SV Bonames.<\/p>\n<blockquote>\n<h4>Schiedsrichter: Ian Plenderleith (VfR Bockenheim). Zuschauer: 80.<\/h4>\n<h4>Tore: 1:0 Marvin Sean Gering (8.), 1:1 Khaled Eltayeb (25.), 2:1 Jamil Slater (35.), 2:2 Marek Wiechula (58.), 2:3 Samir Fejzovic (62.), 3:3 Kurosch Alimoradian (67.), 4:3 Marvin Sean Gering (72.), 5:3 Bastian Ulreich (76.).<\/h4>\n<\/blockquote>\n","protected":false},"excerpt":{"rendered":"<p>In einem A-Liga-Duell aus der gleichen Staffel schaltete Germania Ginnheim den SV Niederursel mit 5:3 aus und freut sich im Achtelfinale auf das Platzderby gegen den Gruppenligisten FC Tempo. Germania Ginnheim &#8211; SV Niederursel 5:3 (2:1) &#8222;Das Spiel war genauso ausgeglichen wie das 0:0 im Ligaspiel vor zwei Wochen in Niederursel. Wir hatten durch Ballbesitz [&hellip;]<\/p>\n","protected":false},"author":1,"featured_media":21283,"comment_status":"closed","ping_status":"closed","sticky":true,"template":"","format":"standard","meta":{"footnotes":""},"categories":[9],"tags":[],"class_list":["post-21282","post","type-post","status-publish","format-standard","has-post-thumbnail","hentry","category-kreispokal"],"_links":{"self":[{"href":"https:\/\/insideamateurfussball-ffm.de\/index.php?rest_route=\/wp\/v2\/posts\/21282","targetHints":{"allow":["GET"]}}],"collection":[{"href":"https:\/\/insideamateurfussball-ffm.de\/index.php?rest_route=\/wp\/v2\/posts"}],"about":[{"href":"https:\/\/insideamateurfussball-ffm.de\/index.php?rest_route=\/wp\/v2\/types\/post"}],"author":[{"embeddable":true,"href":"https:\/\/insideamateurfussball-ffm.de\/index.php?rest_route=\/wp\/v2\/users\/1"}],"replies":[{"embeddable":true,"href":"https:\/\/insideamateurfussball-ffm.de\/index.php?rest_route=%2Fwp%2Fv2%2Fcomments&post=21282"}],"version-history":[{"count":1,"href":"https:\/\/insideamateurfussball-ffm.de\/index.php?rest_route=\/wp\/v2\/posts\/21282\/revisions"}],"predecessor-version":[{"id":21284,"href":"https:\/\/insideamateurfussball-ffm.de\/index.php?rest_route=\/wp\/v2\/posts\/21282\/revisions\/21284"}],"wp:featuredmedia":[{"embeddable":true,"href":"https:\/\/insideamateurfussball-ffm.de\/index.php?rest_route=\/wp\/v2\/media\/21283"}],"wp:attachment":[{"href":"https:\/\/insideamateurfussball-ffm.de\/index.php?rest_route=%2Fwp%2Fv2%2Fmedia&parent=21282"}],"wp:term":[{"taxonomy":"category","embeddable":true,"href":"https:\/\/insideamateurfussball-ffm.de\/index.php?rest_route=%2Fwp%2Fv2%2Fcategories&post=21282"},{"taxonomy":"post_tag","embeddable":true,"href":"https:\/\/insideamateurfussball-ffm.de\/index.php?rest_route=%2Fwp%2Fv2%2Ftags&post=21282"}],"curies":[{"name":"wp","href":"https:\/\/api.w.org\/{rel}","templated":true}]}}