{"id":21278,"date":"2024-09-26T15:00:00","date_gmt":"2024-09-26T13:00:00","guid":{"rendered":"https:\/\/insideamateurfussball-ffm.de\/?p=21278"},"modified":"2024-09-26T19:00:14","modified_gmt":"2024-09-26T17:00:14","slug":"hausen-gewinnt-a-liga-duell-bei-heisenrath","status":"publish","type":"post","link":"https:\/\/insideamateurfussball-ffm.de\/?p=21278","title":{"rendered":"Hausen gewinnt A-Liga-Duell bei Heisenrath"},"content":{"rendered":"<h4>In einem Quervergleich zweier A-Ligisten aus unterschiedlichen Staffeln setzte sich KOL-Absteiger FV Hausen beim FC Heisenrath Goldstein mit 3:2 durch und erreichte damit das Achtelfinale. In diesem treffen die Lila-Wei\u00dfen auf den Kreisoberligisten SG Harheim.<\/h4>\n<figure id=\"attachment_21279\" aria-describedby=\"caption-attachment-21279\" style=\"width: 1006px\" class=\"wp-caption alignnone\"><img loading=\"lazy\" decoding=\"async\" class=\"wp-image-21279\" src=\"http:\/\/insideamateurfussball-ffm.de\/wp-content\/uploads\/2024\/09\/DSC_5949-2.jpg\" alt=\"\" width=\"1006\" height=\"755\" srcset=\"https:\/\/insideamateurfussball-ffm.de\/wp-content\/uploads\/2024\/09\/DSC_5949-2.jpg 997w, https:\/\/insideamateurfussball-ffm.de\/wp-content\/uploads\/2024\/09\/DSC_5949-2-300x225.jpg 300w, https:\/\/insideamateurfussball-ffm.de\/wp-content\/uploads\/2024\/09\/DSC_5949-2-768x576.jpg 768w\" sizes=\"auto, (max-width: 1006px) 100vw, 1006px\" \/><figcaption id=\"caption-attachment-21279\" class=\"wp-caption-text\">Der FV Hausen hat das Achtelfinale im Kreispokal erreicht. Foto: Archiv J\u00f6rg Schulz.<\/figcaption><\/figure>\n<h4>FC Heisenrath Goldstein &#8211; FV Hausen 2:3 (1:1)<\/h4>\n<p><img loading=\"lazy\" decoding=\"async\" class=\"alignnone size-full wp-image-761\" src=\"http:\/\/insideamateurfussball-ffm.de\/wp-content\/uploads\/2022\/06\/Heisen.jpg\" alt=\"\" width=\"80\" height=\"73\" \/><img loading=\"lazy\" decoding=\"async\" class=\"alignnone size-full wp-image-28\" src=\"http:\/\/insideamateurfussball-ffm.de\/wp-content\/uploads\/2021\/11\/Hausen.jpg\" alt=\"\" width=\"80\" height=\"60\" \/><\/p>\n<p>Die Partie war gedreht worden, da der Kunstrasenplatz der Hausener derzeit wie einige andere erneuert wird und noch nicht bespielbar ist. Die Ausweichst\u00e4tte in Niederursel stand wegen Trainingsbelegungen nicht zur Verf\u00fcgung. Von den aktuellen Platzierungen her war zwischen dem Siebten der Gruppe 2 und dem Siebten der Gruppe 1 kein Favorit im Vorfeld auszumachen und so entwickelte sich in Goldstein ein typisches Pokalspiel zweier Mannschaften auf Augenh\u00f6he.<\/p>\n<p>Die G\u00e4ste von der M\u00fchlwiese, die nach dem KOL-Abstieg sich erstmal in der A-Klasse konsolidieren wollen, gingen mit Shion Tsuji per Distanzschuss in F\u00fchrung (20.).<\/p>\n<blockquote>\n<h4>Hausen \u00fcbersteht Nachspielzeit in \u00dcberzahl<\/h4>\n<\/blockquote>\n<p>Anas Ahzaoui glich f\u00fcr Heisenrath aus (37.). Nach dem Seitenwechsel brachte erneut Tsuji die G\u00e4ste nach vorne (57.), doch Paul Figenser glich f\u00fcr die Gastgeber per Freisto\u00df erneut aus (70.). Letztlich brachte der Siegtreffer von Mark Scherpf die Hausener in Runde 3 (85.). Die f\u00fcnf Minuten dauernde Nachspielzeit \u00fcberstand der FVH nach einer Zeitstrafe gegen einen FCH-Kapit\u00e4n Haydar Dugan (89.) unbeschadet.<\/p>\n<p>&#8222;Das war ein Fifty-Fifty-Game. Wir haben die Tore zum richtigen Zeitpunkt erzielt und freuen uns \u00fcber das Weiterkommen&#8220;, sagte FVH-Kapit\u00e4n Tobias Neugebauer. F\u00fcr Heisenrath geht es am Sonntag im Ligabetrieb beim SV Sachsenhausen weiter. Hausen erwartet Tabellenf\u00fchrer SG Westend, wo im Sommer nach dem Abstieg einige Hausener Spieler hingewechselt sind.<\/p>\n<blockquote>\n<h4>Schiedsrichter: Florian M\u00f6ller (FC Union Niederrad). Zuschauer: 50.<\/h4>\n<h4>Tore: 0:1 Shion Tsuji (20.), 1:1 Anas Ahzaoui (37.), 1:2 Shion Tsuji (57.), 2:2 Paul Figenser (75.), 2:3 Mark Scherpf (85.).<\/h4>\n<\/blockquote>\n","protected":false},"excerpt":{"rendered":"<p>In einem Quervergleich zweier A-Ligisten aus unterschiedlichen Staffeln setzte sich KOL-Absteiger FV Hausen beim FC Heisenrath Goldstein mit 3:2 durch und erreichte damit das Achtelfinale. In diesem treffen die Lila-Wei\u00dfen auf den Kreisoberligisten SG Harheim. FC Heisenrath Goldstein &#8211; FV Hausen 2:3 (1:1) Die Partie war gedreht worden, da der Kunstrasenplatz der Hausener derzeit wie [&hellip;]<\/p>\n","protected":false},"author":1,"featured_media":21279,"comment_status":"closed","ping_status":"closed","sticky":true,"template":"","format":"standard","meta":{"footnotes":""},"categories":[9],"tags":[],"class_list":["post-21278","post","type-post","status-publish","format-standard","has-post-thumbnail","hentry","category-kreispokal"],"_links":{"self":[{"href":"https:\/\/insideamateurfussball-ffm.de\/index.php?rest_route=\/wp\/v2\/posts\/21278","targetHints":{"allow":["GET"]}}],"collection":[{"href":"https:\/\/insideamateurfussball-ffm.de\/index.php?rest_route=\/wp\/v2\/posts"}],"about":[{"href":"https:\/\/insideamateurfussball-ffm.de\/index.php?rest_route=\/wp\/v2\/types\/post"}],"author":[{"embeddable":true,"href":"https:\/\/insideamateurfussball-ffm.de\/index.php?rest_route=\/wp\/v2\/users\/1"}],"replies":[{"embeddable":true,"href":"https:\/\/insideamateurfussball-ffm.de\/index.php?rest_route=%2Fwp%2Fv2%2Fcomments&post=21278"}],"version-history":[{"count":2,"href":"https:\/\/insideamateurfussball-ffm.de\/index.php?rest_route=\/wp\/v2\/posts\/21278\/revisions"}],"predecessor-version":[{"id":21288,"href":"https:\/\/insideamateurfussball-ffm.de\/index.php?rest_route=\/wp\/v2\/posts\/21278\/revisions\/21288"}],"wp:featuredmedia":[{"embeddable":true,"href":"https:\/\/insideamateurfussball-ffm.de\/index.php?rest_route=\/wp\/v2\/media\/21279"}],"wp:attachment":[{"href":"https:\/\/insideamateurfussball-ffm.de\/index.php?rest_route=%2Fwp%2Fv2%2Fmedia&parent=21278"}],"wp:term":[{"taxonomy":"category","embeddable":true,"href":"https:\/\/insideamateurfussball-ffm.de\/index.php?rest_route=%2Fwp%2Fv2%2Fcategories&post=21278"},{"taxonomy":"post_tag","embeddable":true,"href":"https:\/\/insideamateurfussball-ffm.de\/index.php?rest_route=%2Fwp%2Fv2%2Ftags&post=21278"}],"curies":[{"name":"wp","href":"https:\/\/api.w.org\/{rel}","templated":true}]}}