{"id":21265,"date":"2024-09-26T15:43:11","date_gmt":"2024-09-26T13:43:11","guid":{"rendered":"https:\/\/insideamateurfussball-ffm.de\/?p=21265"},"modified":"2024-09-26T15:43:11","modified_gmt":"2024-09-26T13:43:11","slug":"suleiman-bringt-kalbach-mit-3-toren-eine-runde-weiter","status":"publish","type":"post","link":"https:\/\/insideamateurfussball-ffm.de\/?p=21265","title":{"rendered":"Suleiman bringt Kalbach mit 3 Toren eine Runde weiter"},"content":{"rendered":"<h4>Ihab Suleiman konnte auch in der zweiten Runde des Kreispokals gl\u00e4nzen, beim Kreisoberligisten FC Croatia erzielte er drei Treffer zum 4:0-Sieg. Kalbach trifft jetzt im Achtelfinale auf den A-Ligisten DJK SW Griesheim.<\/h4>\n<figure id=\"attachment_21268\" aria-describedby=\"caption-attachment-21268\" style=\"width: 2016px\" class=\"wp-caption alignnone\"><img loading=\"lazy\" decoding=\"async\" class=\"wp-image-21268 size-full\" src=\"http:\/\/insideamateurfussball-ffm.de\/wp-content\/uploads\/2024\/09\/croatiakalbach02.jpg\" alt=\"\" width=\"2016\" height=\"1512\" srcset=\"https:\/\/insideamateurfussball-ffm.de\/wp-content\/uploads\/2024\/09\/croatiakalbach02.jpg 2016w, https:\/\/insideamateurfussball-ffm.de\/wp-content\/uploads\/2024\/09\/croatiakalbach02-300x225.jpg 300w, https:\/\/insideamateurfussball-ffm.de\/wp-content\/uploads\/2024\/09\/croatiakalbach02-1024x768.jpg 1024w, https:\/\/insideamateurfussball-ffm.de\/wp-content\/uploads\/2024\/09\/croatiakalbach02-768x576.jpg 768w, https:\/\/insideamateurfussball-ffm.de\/wp-content\/uploads\/2024\/09\/croatiakalbach02-1536x1152.jpg 1536w\" sizes=\"auto, (max-width: 2016px) 100vw, 2016px\" \/><figcaption id=\"caption-attachment-21268\" class=\"wp-caption-text\">Beide Mannschaften kurz vor dem Einlaufen. Foto: MZ<\/figcaption><\/figure>\n<h4>FC Croatia &#8211; FC Kalbach 0:4 (0:1)<\/h4>\n<p><img loading=\"lazy\" decoding=\"async\" class=\"alignnone size-full wp-image-29\" src=\"http:\/\/insideamateurfussball-ffm.de\/wp-content\/uploads\/2021\/11\/croatia.jpg\" alt=\"\" width=\"63\" height=\"80\" \/><img loading=\"lazy\" decoding=\"async\" class=\"alignnone size-full wp-image-16\" src=\"http:\/\/insideamateurfussball-ffm.de\/wp-content\/uploads\/2021\/11\/kalbach-wappen.jpg\" alt=\"\" width=\"80\" height=\"80\" \/><\/p>\n<p>Der ungeschlagene Tabellenf\u00fchrer der Gruppenliga war in der zweiten Runde des Kreispokals zu Gast beim Tabellenf\u00fcnfzehnten der Kreisoberliga, dem FC Croatia, die die letzten 4 Spiele verloren hatten, die beiden letzten sogar mit 0:6. Und der Favorit gab sich keine Bl\u00f6\u00dfe und gewann souver\u00e4n mit 4:0 gegen eine Mannschaft, die sich tapfer wehrte und defensiv eine gute Leistung brachte.<\/p>\n<p>Die Kalbacher lie\u00dfen in der ersten Halbzeit einige gute Chancen ungenutzt, in der 7.Minute scheiterte Ihab Suleiman mit einer Direktabnahme am stark parierenden Croatia-Torwart Veselko Pejakovic, der auch in der 17.Minute einen Schuss von Jonas L\u00f6ffler entsch\u00e4rfte. Die Gastgeber kamen in der 20.Minute zu einer Gelegenheit, nach einem Eckball f\u00fcr Kalbach konterte Croatia, doch der Schuss von Marcel Ladan war zu zentral auf den Torwart. In der 40.Minute belohnte sich Kalbach f\u00fcr seine Offensivbem\u00fchungen, nach einem Angriff wieder \u00fcber links und einer Flanke von Philipp Siebert war am langen Pfosten Ihab Suleiman zur Stelle und erzielte die 1:0-Pausenf\u00fchrung f\u00fcr die G\u00e4ste.<\/p>\n<p>\u00a0Am Anfang der zweiten Halbzeit wurde Croatia etwas offensiver, doch die Kalbacher nutzten die entstehenden R\u00e4ume und erzielten innerhalb von 6 Minuten drei Tore. In der 60.Minute stand Jonas L\u00f6ffler in der Mitte des Strafraums ungedeckt und vollendete zum 2:0, ehe Ihab Suleiman mit einem Doppelpack in der 64. und 66.Minute noch zwei Tore zum 4:0 folgen lie\u00df. Danach tat sich ergebnistechnisch nichts mehr und Kalbach zog ins Achtelfinale ein, in dem es jetzt gegen den A-Ligisten DJK SW Griesheim geht.<\/p>\n<p>Croatias Sportdirektor Darko Krolo zum Spiel: \u201enach zwei 0:6-Niederlagen m\u00fcssen wir heute sehen, dass es eine Steigerung war, dass wir es auch taktisch sehr gut gemacht haben und kompakt gestanden sind. Uns hat ein Leistungstr\u00e4ger mit Josip Romic gefehlt, weil er sich gegen Posavina verletzt hat, aber die Jungs, die heute die Chance bekommen haben, haben Charakter gezeigt. Es ist ein besseres Training f\u00fcr uns gewesen, wir wollten lernen, und das hat seinen Zweck erf\u00fcllt gegen eine sehr gute Mannschaft. F\u00fcr Sonntag m\u00fcssen wir uns offensiv steigern, das war heute mehr Defensivarbeit, wir haben taktisch auch ein bisschen umgestellt, ich denke, am Sonntag gegen Union Niederrad m\u00fcssen wir offensiver mehr tun. Aber ich bin trotz des 0:4 sehr zufrieden, keiner hat sich verletzt, keiner hat eine rote Karte bekommen, so stelle ich mir das vor gegen meinen Ex-Verein.\u201c<\/p>\n<p>Kalbachs Vorstandsmitglied Manni Meyer: \u201e Gutes Pokalspiel, der Gegner Croatia hat sich bem\u00fcht und hat viel investiert, sind auch richtig gefordert worden, das Ergebnis ist standesgem\u00e4\u00df, weil Kalbach halt die besseren Spieler, die bessere Mannschaft hatte, und deswegen ein verdienter Sieg.\u201c<\/p>\n<p>Am n\u00e4chsten Wochenende empf\u00e4ngt der FC Croatia Union Niederrad, w\u00e4hrend der FC Kalbach auf den SV Bosnien\/Herzegowina trifft.<\/p>\n<h4>Schiedsrichter: Sebastian Wiesner (Eintracht Frankfurt). Zuschauer: 80.<\/h4>\n<h4>Tore: 0:1 Ihab Suleiman (40.), 0:2 Jonas L\u00f6ffler (60.), 0:3 Ihab Suleiman (64.), 0:4 Ihab Suleiman (66.)<\/h4>\n\n\n<figure class=\"wp-block-image size-large\"><img loading=\"lazy\" decoding=\"async\" width=\"1024\" height=\"768\" src=\"http:\/\/insideamateurfussball-ffm.de\/wp-content\/uploads\/2024\/09\/croatiakalbach00-1024x768.jpg\" alt=\"\" class=\"wp-image-21266\" srcset=\"https:\/\/insideamateurfussball-ffm.de\/wp-content\/uploads\/2024\/09\/croatiakalbach00-1024x768.jpg 1024w, https:\/\/insideamateurfussball-ffm.de\/wp-content\/uploads\/2024\/09\/croatiakalbach00-300x225.jpg 300w, https:\/\/insideamateurfussball-ffm.de\/wp-content\/uploads\/2024\/09\/croatiakalbach00-768x576.jpg 768w, https:\/\/insideamateurfussball-ffm.de\/wp-content\/uploads\/2024\/09\/croatiakalbach00-1536x1152.jpg 1536w, https:\/\/insideamateurfussball-ffm.de\/wp-content\/uploads\/2024\/09\/croatiakalbach00.jpg 2016w\" sizes=\"auto, (max-width: 1024px) 100vw, 1024px\" \/><\/figure>\n\n\n\n<figure class=\"wp-block-image size-large\"><img loading=\"lazy\" decoding=\"async\" width=\"1024\" height=\"768\" src=\"http:\/\/insideamateurfussball-ffm.de\/wp-content\/uploads\/2024\/09\/croatiakalbach01-1024x768.jpg\" alt=\"\" class=\"wp-image-21267\" srcset=\"https:\/\/insideamateurfussball-ffm.de\/wp-content\/uploads\/2024\/09\/croatiakalbach01-1024x768.jpg 1024w, https:\/\/insideamateurfussball-ffm.de\/wp-content\/uploads\/2024\/09\/croatiakalbach01-300x225.jpg 300w, https:\/\/insideamateurfussball-ffm.de\/wp-content\/uploads\/2024\/09\/croatiakalbach01-768x576.jpg 768w, https:\/\/insideamateurfussball-ffm.de\/wp-content\/uploads\/2024\/09\/croatiakalbach01-1536x1152.jpg 1536w, https:\/\/insideamateurfussball-ffm.de\/wp-content\/uploads\/2024\/09\/croatiakalbach01.jpg 2016w\" sizes=\"auto, (max-width: 1024px) 100vw, 1024px\" \/><\/figure>\n\n\n\n<figure class=\"wp-block-image size-large\"><img loading=\"lazy\" decoding=\"async\" width=\"1024\" height=\"768\" src=\"http:\/\/insideamateurfussball-ffm.de\/wp-content\/uploads\/2024\/09\/croatiakalbach03-1024x768.jpg\" alt=\"\" class=\"wp-image-21269\" srcset=\"https:\/\/insideamateurfussball-ffm.de\/wp-content\/uploads\/2024\/09\/croatiakalbach03-1024x768.jpg 1024w, https:\/\/insideamateurfussball-ffm.de\/wp-content\/uploads\/2024\/09\/croatiakalbach03-300x225.jpg 300w, https:\/\/insideamateurfussball-ffm.de\/wp-content\/uploads\/2024\/09\/croatiakalbach03-768x576.jpg 768w, https:\/\/insideamateurfussball-ffm.de\/wp-content\/uploads\/2024\/09\/croatiakalbach03-1536x1152.jpg 1536w, https:\/\/insideamateurfussball-ffm.de\/wp-content\/uploads\/2024\/09\/croatiakalbach03.jpg 2016w\" sizes=\"auto, (max-width: 1024px) 100vw, 1024px\" \/><\/figure>\n\n\n\n<figure class=\"wp-block-image size-large is-resized\"><img loading=\"lazy\" decoding=\"async\" width=\"1024\" height=\"768\" src=\"http:\/\/insideamateurfussball-ffm.de\/wp-content\/uploads\/2024\/09\/croatiakalbach04-1024x768.jpg\" alt=\"\" class=\"wp-image-21270\" style=\"width:843px;height:auto\" srcset=\"https:\/\/insideamateurfussball-ffm.de\/wp-content\/uploads\/2024\/09\/croatiakalbach04-1024x768.jpg 1024w, https:\/\/insideamateurfussball-ffm.de\/wp-content\/uploads\/2024\/09\/croatiakalbach04-300x225.jpg 300w, https:\/\/insideamateurfussball-ffm.de\/wp-content\/uploads\/2024\/09\/croatiakalbach04-768x576.jpg 768w, https:\/\/insideamateurfussball-ffm.de\/wp-content\/uploads\/2024\/09\/croatiakalbach04-1536x1152.jpg 1536w, https:\/\/insideamateurfussball-ffm.de\/wp-content\/uploads\/2024\/09\/croatiakalbach04.jpg 2016w\" sizes=\"auto, (max-width: 1024px) 100vw, 1024px\" \/><\/figure>\n\n\n\n<figure class=\"wp-block-image size-large\"><img loading=\"lazy\" decoding=\"async\" width=\"1024\" height=\"768\" src=\"http:\/\/insideamateurfussball-ffm.de\/wp-content\/uploads\/2024\/09\/croatiakalbach05-1024x768.jpg\" alt=\"\" class=\"wp-image-21271\" srcset=\"https:\/\/insideamateurfussball-ffm.de\/wp-content\/uploads\/2024\/09\/croatiakalbach05-1024x768.jpg 1024w, https:\/\/insideamateurfussball-ffm.de\/wp-content\/uploads\/2024\/09\/croatiakalbach05-300x225.jpg 300w, https:\/\/insideamateurfussball-ffm.de\/wp-content\/uploads\/2024\/09\/croatiakalbach05-768x576.jpg 768w, https:\/\/insideamateurfussball-ffm.de\/wp-content\/uploads\/2024\/09\/croatiakalbach05-1536x1152.jpg 1536w, https:\/\/insideamateurfussball-ffm.de\/wp-content\/uploads\/2024\/09\/croatiakalbach05.jpg 2016w\" sizes=\"auto, (max-width: 1024px) 100vw, 1024px\" \/><\/figure>\n\n\n\n<figure class=\"wp-block-image size-large\"><img loading=\"lazy\" decoding=\"async\" width=\"1024\" height=\"768\" src=\"http:\/\/insideamateurfussball-ffm.de\/wp-content\/uploads\/2024\/09\/croatiakalbach06-1024x768.jpg\" alt=\"\" class=\"wp-image-21272\" srcset=\"https:\/\/insideamateurfussball-ffm.de\/wp-content\/uploads\/2024\/09\/croatiakalbach06-1024x768.jpg 1024w, https:\/\/insideamateurfussball-ffm.de\/wp-content\/uploads\/2024\/09\/croatiakalbach06-300x225.jpg 300w, https:\/\/insideamateurfussball-ffm.de\/wp-content\/uploads\/2024\/09\/croatiakalbach06-768x576.jpg 768w, https:\/\/insideamateurfussball-ffm.de\/wp-content\/uploads\/2024\/09\/croatiakalbach06-1536x1152.jpg 1536w, https:\/\/insideamateurfussball-ffm.de\/wp-content\/uploads\/2024\/09\/croatiakalbach06.jpg 2016w\" sizes=\"auto, (max-width: 1024px) 100vw, 1024px\" \/><\/figure>\n\n\n\n<figure class=\"wp-block-image size-large\"><img loading=\"lazy\" decoding=\"async\" width=\"1024\" height=\"768\" src=\"http:\/\/insideamateurfussball-ffm.de\/wp-content\/uploads\/2024\/09\/croatiakalbach08-1024x768.jpg\" alt=\"\" class=\"wp-image-21274\" srcset=\"https:\/\/insideamateurfussball-ffm.de\/wp-content\/uploads\/2024\/09\/croatiakalbach08-1024x768.jpg 1024w, https:\/\/insideamateurfussball-ffm.de\/wp-content\/uploads\/2024\/09\/croatiakalbach08-300x225.jpg 300w, https:\/\/insideamateurfussball-ffm.de\/wp-content\/uploads\/2024\/09\/croatiakalbach08-768x576.jpg 768w, https:\/\/insideamateurfussball-ffm.de\/wp-content\/uploads\/2024\/09\/croatiakalbach08-1536x1152.jpg 1536w, https:\/\/insideamateurfussball-ffm.de\/wp-content\/uploads\/2024\/09\/croatiakalbach08.jpg 2016w\" sizes=\"auto, (max-width: 1024px) 100vw, 1024px\" \/><\/figure>\n\n\n\n<figure class=\"wp-block-image size-large\"><img loading=\"lazy\" decoding=\"async\" width=\"1024\" height=\"768\" src=\"http:\/\/insideamateurfussball-ffm.de\/wp-content\/uploads\/2024\/09\/croatiakalbach09-1024x768.jpg\" alt=\"\" class=\"wp-image-21275\" srcset=\"https:\/\/insideamateurfussball-ffm.de\/wp-content\/uploads\/2024\/09\/croatiakalbach09-1024x768.jpg 1024w, https:\/\/insideamateurfussball-ffm.de\/wp-content\/uploads\/2024\/09\/croatiakalbach09-300x225.jpg 300w, https:\/\/insideamateurfussball-ffm.de\/wp-content\/uploads\/2024\/09\/croatiakalbach09-768x576.jpg 768w, https:\/\/insideamateurfussball-ffm.de\/wp-content\/uploads\/2024\/09\/croatiakalbach09-1536x1152.jpg 1536w, https:\/\/insideamateurfussball-ffm.de\/wp-content\/uploads\/2024\/09\/croatiakalbach09.jpg 2016w\" sizes=\"auto, (max-width: 1024px) 100vw, 1024px\" \/><\/figure>\n","protected":false},"excerpt":{"rendered":"<p>Ihab Suleiman konnte auch in der zweiten Runde des Kreispokals gl\u00e4nzen, beim Kreisoberligisten FC Croatia erzielte er drei Treffer zum 4:0-Sieg. Kalbach trifft jetzt im Achtelfinale auf den A-Ligisten DJK SW Griesheim. FC Croatia &#8211; FC Kalbach 0:4 (0:1) Der ungeschlagene Tabellenf\u00fchrer der Gruppenliga war in der zweiten Runde des Kreispokals zu Gast beim Tabellenf\u00fcnfzehnten [&hellip;]<\/p>\n","protected":false},"author":3,"featured_media":21268,"comment_status":"closed","ping_status":"open","sticky":true,"template":"","format":"standard","meta":{"footnotes":""},"categories":[9],"tags":[],"class_list":["post-21265","post","type-post","status-publish","format-standard","has-post-thumbnail","hentry","category-kreispokal"],"_links":{"self":[{"href":"https:\/\/insideamateurfussball-ffm.de\/index.php?rest_route=\/wp\/v2\/posts\/21265","targetHints":{"allow":["GET"]}}],"collection":[{"href":"https:\/\/insideamateurfussball-ffm.de\/index.php?rest_route=\/wp\/v2\/posts"}],"about":[{"href":"https:\/\/insideamateurfussball-ffm.de\/index.php?rest_route=\/wp\/v2\/types\/post"}],"author":[{"embeddable":true,"href":"https:\/\/insideamateurfussball-ffm.de\/index.php?rest_route=\/wp\/v2\/users\/3"}],"replies":[{"embeddable":true,"href":"https:\/\/insideamateurfussball-ffm.de\/index.php?rest_route=%2Fwp%2Fv2%2Fcomments&post=21265"}],"version-history":[{"count":2,"href":"https:\/\/insideamateurfussball-ffm.de\/index.php?rest_route=\/wp\/v2\/posts\/21265\/revisions"}],"predecessor-version":[{"id":21277,"href":"https:\/\/insideamateurfussball-ffm.de\/index.php?rest_route=\/wp\/v2\/posts\/21265\/revisions\/21277"}],"wp:featuredmedia":[{"embeddable":true,"href":"https:\/\/insideamateurfussball-ffm.de\/index.php?rest_route=\/wp\/v2\/media\/21268"}],"wp:attachment":[{"href":"https:\/\/insideamateurfussball-ffm.de\/index.php?rest_route=%2Fwp%2Fv2%2Fmedia&parent=21265"}],"wp:term":[{"taxonomy":"category","embeddable":true,"href":"https:\/\/insideamateurfussball-ffm.de\/index.php?rest_route=%2Fwp%2Fv2%2Fcategories&post=21265"},{"taxonomy":"post_tag","embeddable":true,"href":"https:\/\/insideamateurfussball-ffm.de\/index.php?rest_route=%2Fwp%2Fv2%2Ftags&post=21265"}],"curies":[{"name":"wp","href":"https:\/\/api.w.org\/{rel}","templated":true}]}}