{"id":21262,"date":"2024-09-26T15:33:06","date_gmt":"2024-09-26T13:33:06","guid":{"rendered":"https:\/\/insideamateurfussball-ffm.de\/?p=21262"},"modified":"2024-09-26T15:33:06","modified_gmt":"2024-09-26T13:33:06","slug":"tuerkguecue-nach-elfer-krimi-eine-runde-weiter","status":"publish","type":"post","link":"https:\/\/insideamateurfussball-ffm.de\/?p=21262","title":{"rendered":"T\u00fcrkg\u00fcc\u00fc nach Elfer-Krimi eine Runde weiter"},"content":{"rendered":"<h4>Gruppenligist T\u00fcrkg\u00fcc\u00fc Frankfurt setzte sich im Kreispokal in der zweiten Runde beim Kreisoberligisten VfL Germania 94 mit 7:6 nach Elfmeterschie\u00dfen durch und trifft in der n\u00e4chsten Runde auf den Ligakonkurrenten Spvgg. 03 Fechenheim.<\/h4>\n<figure id=\"attachment_21118\" aria-describedby=\"caption-attachment-21118\" style=\"width: 2000px\" class=\"wp-caption alignnone\"><img loading=\"lazy\" decoding=\"async\" class=\"wp-image-21118 size-full\" src=\"http:\/\/insideamateurfussball-ffm.de\/wp-content\/uploads\/2024\/09\/bomber-tuerkguecue08.jpg\" alt=\"\" width=\"2000\" height=\"1500\" srcset=\"https:\/\/insideamateurfussball-ffm.de\/wp-content\/uploads\/2024\/09\/bomber-tuerkguecue08.jpg 2000w, https:\/\/insideamateurfussball-ffm.de\/wp-content\/uploads\/2024\/09\/bomber-tuerkguecue08-300x225.jpg 300w, https:\/\/insideamateurfussball-ffm.de\/wp-content\/uploads\/2024\/09\/bomber-tuerkguecue08-1024x768.jpg 1024w, https:\/\/insideamateurfussball-ffm.de\/wp-content\/uploads\/2024\/09\/bomber-tuerkguecue08-768x576.jpg 768w, https:\/\/insideamateurfussball-ffm.de\/wp-content\/uploads\/2024\/09\/bomber-tuerkguecue08-1536x1152.jpg 1536w\" sizes=\"auto, (max-width: 2000px) 100vw, 2000px\" \/><figcaption id=\"caption-attachment-21118\" class=\"wp-caption-text\">Die Mannschaft von T\u00fcrkg\u00fcc\u00fc Frankfurt konnte sich im Pokal f\u00fcr das Achtelfinale qualifizieren. Foto: Archiv T\u00fcrkg\u00fcc\u00fc<\/figcaption><\/figure>\n<h4>VfL Germania 94 &#8211; T\u00fcrkg\u00fcc\u00fc Frankfurt 6:7 n.E. (3:3; 2:2)<\/h4>\n<p><img loading=\"lazy\" decoding=\"async\" class=\"alignnone size-full wp-image-508\" src=\"http:\/\/insideamateurfussball-ffm.de\/wp-content\/uploads\/2022\/05\/Germania-94.jpg\" alt=\"\" width=\"80\" height=\"80\" \/><img loading=\"lazy\" decoding=\"async\" class=\"alignnone size-full wp-image-17\" src=\"http:\/\/insideamateurfussball-ffm.de\/wp-content\/uploads\/2021\/11\/Tuerkguecue.jpg\" alt=\"\" width=\"72\" height=\"80\" \/><\/p>\n<p>Nach den Worten von T\u00fcrkg\u00fcc\u00fcs Vorstandsmitglied Duran G\u00fcng\u00f6r hat \u201ef\u00fcr uns die Liga Priorit\u00e4t, deshalb haben bei uns Spieler aus dem erweiterten Kader und der 2.Mannschaft gespielt\u201c. Der Kreisoberligist VfL Germania, derzeit Dritter in der KOL, kam schlecht ins Spiel, nach zwei individuellen Fehlern ging der Gast durch einen Doppelschlag von Hidetoshi Hatano in der 30. Minute und Ertap Turgut in der 32.Minute in F\u00fchrung. Germania-Trainer Siar Daudi wechselte dann bereits zweimal: \u201eich h\u00e4tte auch mehr wechseln k\u00f6nnen, wir haben die ersten 30 Minuten verschlafen und T\u00fcrkg\u00fcc\u00fc hat die Zweik\u00e4mpfe gewonnen. Aber die Wechsel haben dann gefruchtet.\u201c Und der Gastgeber kam noch vor dem Seitenwechsel zum Ausgleich, Ahmed Reshad Daudi in der 33.Minute und Ertugrul G\u00fcng\u00f6r in der 39.Minute machten das 2:2 zur Halbzeit perfekt.<\/p>\n<p>Trainer Daudi: \u201enach dem 2:2 haben wir das Spiel dominiert, aber wieder durch einen individuellen Fehler das Gegentor bekommen, auch nach dem 3:3 hatten wir noch Chancen, die wir leider nicht genutzt haben.\u201c Die erneute F\u00fchrung f\u00fcr T\u00fcrkg\u00fcc\u00fc durch Hidetoshi Hatano in der 50.Minute konnte Okan G\u00f6t\u00fcrmen bereits in der 56.Minute zum 3:3 egalisieren, dabei bleib es trotz aller Bem\u00fchungen bis zum Schlusspfiff. Im Elfmeterschie\u00dfen verschoss zuerst ein Spieler des Gruppenligisten, aber am Ende scheiterten die letzten zwei Sch\u00fctzen von Germania 94 und so konnte T\u00fcrkg\u00fcc\u00fc den Einzug ins Achtelfinale feiern, wo sie auf den Ligakonkurrenten Spvgg. 03 Fechenheim treffen werden.<\/p>\n<p>Duran G\u00fcng\u00f6r: \u201eunsere neu formatierte Mannschaft hat das gegen einen guten Gegner richtig gut gemacht, bis auf 2-3 individuelle Fehler, die zu Gegentoren gef\u00fchrt haben, aber sch\u00f6ne Tore geschossen. Am Ende sind wir eine Runde weitergekommen, wenn auch erst im Elfmeterschie\u00dfen.\u201c Trainer Daudi: \u201ees war ein intensives Spiel, wir sind wieder mal an unserer Chancenauswertung gescheitert.\u201c<\/p>\n<p>Am kommenden Wochenende ist VfL Germania 94 in der KOL spielfrei, w\u00e4hrend T\u00fcrkg\u00fcc\u00fc Frankfurt im emotionsgeladenen Duell auf den T\u00fcrkischen SV Bad Nauheim trifft.<\/p>\n<h4>Schiedsrichter: Lasse Braun (FC Fortuna Frankfurt). Zuschauer: 70.<\/h4>\n<h4>Tore: 0:1 Hidetoshi Hatano (30.), 0:2 Ertap Turgut (32.), 1:2 Ahmed Reshad Daudi (33.), 2:2 Ertugrul G\u00fcng\u00f6r (39.), 2:3 Hidetoshi Hatano (50.), 3:3 Okan G\u00f6t\u00fcrmen (56.)<\/h4>\n","protected":false},"excerpt":{"rendered":"<p>Gruppenligist T\u00fcrkg\u00fcc\u00fc Frankfurt setzte sich im Kreispokal in der zweiten Runde beim Kreisoberligisten VfL Germania 94 mit 7:6 nach Elfmeterschie\u00dfen durch und trifft in der n\u00e4chsten Runde auf den Ligakonkurrenten Spvgg. 03 Fechenheim. VfL Germania 94 &#8211; T\u00fcrkg\u00fcc\u00fc Frankfurt 6:7 n.E. (3:3; 2:2) Nach den Worten von T\u00fcrkg\u00fcc\u00fcs Vorstandsmitglied Duran G\u00fcng\u00f6r hat \u201ef\u00fcr uns die [&hellip;]<\/p>\n","protected":false},"author":3,"featured_media":21118,"comment_status":"closed","ping_status":"open","sticky":true,"template":"","format":"standard","meta":{"footnotes":""},"categories":[9],"tags":[],"class_list":["post-21262","post","type-post","status-publish","format-standard","has-post-thumbnail","hentry","category-kreispokal"],"_links":{"self":[{"href":"https:\/\/insideamateurfussball-ffm.de\/index.php?rest_route=\/wp\/v2\/posts\/21262","targetHints":{"allow":["GET"]}}],"collection":[{"href":"https:\/\/insideamateurfussball-ffm.de\/index.php?rest_route=\/wp\/v2\/posts"}],"about":[{"href":"https:\/\/insideamateurfussball-ffm.de\/index.php?rest_route=\/wp\/v2\/types\/post"}],"author":[{"embeddable":true,"href":"https:\/\/insideamateurfussball-ffm.de\/index.php?rest_route=\/wp\/v2\/users\/3"}],"replies":[{"embeddable":true,"href":"https:\/\/insideamateurfussball-ffm.de\/index.php?rest_route=%2Fwp%2Fv2%2Fcomments&post=21262"}],"version-history":[{"count":2,"href":"https:\/\/insideamateurfussball-ffm.de\/index.php?rest_route=\/wp\/v2\/posts\/21262\/revisions"}],"predecessor-version":[{"id":21264,"href":"https:\/\/insideamateurfussball-ffm.de\/index.php?rest_route=\/wp\/v2\/posts\/21262\/revisions\/21264"}],"wp:featuredmedia":[{"embeddable":true,"href":"https:\/\/insideamateurfussball-ffm.de\/index.php?rest_route=\/wp\/v2\/media\/21118"}],"wp:attachment":[{"href":"https:\/\/insideamateurfussball-ffm.de\/index.php?rest_route=%2Fwp%2Fv2%2Fmedia&parent=21262"}],"wp:term":[{"taxonomy":"category","embeddable":true,"href":"https:\/\/insideamateurfussball-ffm.de\/index.php?rest_route=%2Fwp%2Fv2%2Fcategories&post=21262"},{"taxonomy":"post_tag","embeddable":true,"href":"https:\/\/insideamateurfussball-ffm.de\/index.php?rest_route=%2Fwp%2Fv2%2Ftags&post=21262"}],"curies":[{"name":"wp","href":"https:\/\/api.w.org\/{rel}","templated":true}]}}