{"id":21253,"date":"2024-09-25T17:51:05","date_gmt":"2024-09-25T15:51:05","guid":{"rendered":"https:\/\/insideamateurfussball-ffm.de\/?p=21253"},"modified":"2024-09-25T17:51:05","modified_gmt":"2024-09-25T15:51:05","slug":"oberrad-siegt-bei-westend-nach-hartem-kampf","status":"publish","type":"post","link":"https:\/\/insideamateurfussball-ffm.de\/?p=21253","title":{"rendered":"Oberrad siegt bei Westend nach hartem Kampf"},"content":{"rendered":"<h4>Zwei Klassen Unterschied war im Duell zwischen A-Ligist SG Westend und Gruppenligist Spvgg. 05 Oberrad nie zu erkennen, am Ende setzte sich der Favorit mit 2:0 durch und trifft nun im Achtelfinale auf den Sieger aus FC Fortuna gegen TuS Nieder-Eschbach.<\/h4>\n<figure id=\"attachment_20454\" aria-describedby=\"caption-attachment-20454\" style=\"width: 1027px\" class=\"wp-caption alignnone\"><img loading=\"lazy\" decoding=\"async\" class=\"wp-image-20454 size-full\" src=\"http:\/\/insideamateurfussball-ffm.de\/wp-content\/uploads\/2024\/08\/sp6-2.jpg\" alt=\"\" width=\"1027\" height=\"692\" srcset=\"https:\/\/insideamateurfussball-ffm.de\/wp-content\/uploads\/2024\/08\/sp6-2.jpg 1027w, https:\/\/insideamateurfussball-ffm.de\/wp-content\/uploads\/2024\/08\/sp6-2-300x202.jpg 300w, https:\/\/insideamateurfussball-ffm.de\/wp-content\/uploads\/2024\/08\/sp6-2-1024x690.jpg 1024w, https:\/\/insideamateurfussball-ffm.de\/wp-content\/uploads\/2024\/08\/sp6-2-768x517.jpg 768w\" sizes=\"auto, (max-width: 1027px) 100vw, 1027px\" \/><figcaption id=\"caption-attachment-20454\" class=\"wp-caption-text\">Oberrad erreicht im Kreispokal das Achtelfinale. Foto: Archiv Mithat G\u00fcrser<\/figcaption><\/figure>\n<h4>SG Westend &#8211; Spvgg. 05 Oberrad 0:2 (0:0)<\/h4>\n<p><img loading=\"lazy\" decoding=\"async\" class=\"alignnone size-full wp-image-611\" src=\"http:\/\/insideamateurfussball-ffm.de\/wp-content\/uploads\/2022\/06\/Westend.png\" alt=\"\" width=\"69\" height=\"80\" \/><img loading=\"lazy\" decoding=\"async\" class=\"alignnone size-full wp-image-137\" src=\"http:\/\/insideamateurfussball-ffm.de\/wp-content\/uploads\/2022\/05\/Oberrad05.jpg\" alt=\"\" width=\"79\" height=\"80\" \/><\/p>\n<p>Der Tabellenf\u00fchrer der Kreisliga A, die SG Westend, ging optimistisch in die Pokalpartie gegen den Gruppenligisten Spvgg. 05 Oberrad, der am letzten Wochenende beim FC Karben seine erste Saisonniederlage einstecken musste. Schlie\u00dflich hatte man alle bisherigen Spiele in der Kreisliga gewonnen. Und um es vorwegzusagen: die besten Spieler beider Mannschaften standen jeweils im Tor. Oberrads Trainer Gabriel Bernstein lie\u00df im Pokal Spieler ran, die noch nicht so viel Einsatzzeiten sammeln konnten, und die machten es aus Sicht des Trainers \u201erichtig gut\u201c.<\/p>\n<p>Die ersten Chancen hatte allerdings der Kreisligist, der 4 wichtige Spieler ersetzen musste, doch Oberrads Torwart Tim Mattick konnte zwei gro\u00dfe Chancen der Gastgeber zunichtemachen. Danach hatte Oberrad zwei Pfostensch\u00fcsse zu verzeichnen, und einmal musste SG-Torh\u00fcter Bennet Karrer einen Ball entsch\u00e4rfen, sodass es mit dem 0:0 in die Pause ging. Westends Trainer Vait Arslanowski: \u201ewir hatten das Spiel im Griff, es war ausgeglichen und ein Klassenunterschied war nicht zu erkennen.\u201c<\/p>\n<p>Auch in der zweiten Halbzeit hatten die Gastgeber die ersten gro\u00dfen Chancen, die aber alle vom guten Torwart der Oberr\u00e4der entsch\u00e4rft wurden. In der 71.Minute kam der Gast dann zur 1:0-F\u00fchrung, nach einem schnell ausgef\u00fchrten Standard wurde Stanislav Druga angespielt, der die G\u00e4ste in Front brachte. Danach warf Westend alles nach vorne und hatte zwei Riesenchancen, bei der ersten parierte Mattick mit Fu\u00dfabwehr nach einem Schuss von Romal Naziri, bei der zweiten war der Torwart bereits schlagen, als der Schuss von Amin Anedam aus spitzem Winkel vom Innenpfosten wieder zur\u00fccksprang. Die Gastgeber wurden dann ausgekontert und Alessio Ruben de Filippis machte mit dem 2:0 in fer ersten Minute der Nachspielzeit den Deckel drauf.<\/p>\n<p>Arslamowski: \u201ewir haben sehr gut gespielt, eine hohe Laufleistung und auch konditionell waren wir gut drauf. Wir haben guten Fu\u00dfball gespielt und ich bin sehr stolz auf die Mannschaft.\u201c Gabriel Bernstein: \u201eWestend ist keine Klasse A-Mannschaft, sie haben von der Qualit\u00e4t eine gute Truppe. Es war ein gutes Spiel und hat richtig Spa\u00df gemacht.\u201c Beide Trainer hoben die gute Leistung des Schiedsrichters Emrah Ertem hervor, der das Spiel sicher leitete.<\/p>\n<p>Am Wochenende muss die Spvgg. 05 Oberrad zum FV Stierstadt, w\u00e4hrend die SG Westend zum FV 1920 Hausen reist.<\/p>\n<h4>Schiedsrichter: Emrah Ertem (SC Goldstein). Zuschauer: 60.<\/h4>\n<h4>Tore: 0:1 Stanislav Druga (71.), 0:2 Alessio Ruben de Filippis (90.+1)<\/h4>\n","protected":false},"excerpt":{"rendered":"<p>Zwei Klassen Unterschied war im Duell zwischen A-Ligist SG Westend und Gruppenligist Spvgg. 05 Oberrad nie zu erkennen, am Ende setzte sich der Favorit mit 2:0 durch und trifft nun im Achtelfinale auf den Sieger aus FC Fortuna gegen TuS Nieder-Eschbach. SG Westend &#8211; Spvgg. 05 Oberrad 0:2 (0:0) Der Tabellenf\u00fchrer der Kreisliga A, die [&hellip;]<\/p>\n","protected":false},"author":3,"featured_media":20454,"comment_status":"closed","ping_status":"open","sticky":true,"template":"","format":"standard","meta":{"footnotes":""},"categories":[9],"tags":[],"class_list":["post-21253","post","type-post","status-publish","format-standard","has-post-thumbnail","hentry","category-kreispokal"],"_links":{"self":[{"href":"https:\/\/insideamateurfussball-ffm.de\/index.php?rest_route=\/wp\/v2\/posts\/21253","targetHints":{"allow":["GET"]}}],"collection":[{"href":"https:\/\/insideamateurfussball-ffm.de\/index.php?rest_route=\/wp\/v2\/posts"}],"about":[{"href":"https:\/\/insideamateurfussball-ffm.de\/index.php?rest_route=\/wp\/v2\/types\/post"}],"author":[{"embeddable":true,"href":"https:\/\/insideamateurfussball-ffm.de\/index.php?rest_route=\/wp\/v2\/users\/3"}],"replies":[{"embeddable":true,"href":"https:\/\/insideamateurfussball-ffm.de\/index.php?rest_route=%2Fwp%2Fv2%2Fcomments&post=21253"}],"version-history":[{"count":3,"href":"https:\/\/insideamateurfussball-ffm.de\/index.php?rest_route=\/wp\/v2\/posts\/21253\/revisions"}],"predecessor-version":[{"id":21258,"href":"https:\/\/insideamateurfussball-ffm.de\/index.php?rest_route=\/wp\/v2\/posts\/21253\/revisions\/21258"}],"wp:featuredmedia":[{"embeddable":true,"href":"https:\/\/insideamateurfussball-ffm.de\/index.php?rest_route=\/wp\/v2\/media\/20454"}],"wp:attachment":[{"href":"https:\/\/insideamateurfussball-ffm.de\/index.php?rest_route=%2Fwp%2Fv2%2Fmedia&parent=21253"}],"wp:term":[{"taxonomy":"category","embeddable":true,"href":"https:\/\/insideamateurfussball-ffm.de\/index.php?rest_route=%2Fwp%2Fv2%2Fcategories&post=21253"},{"taxonomy":"post_tag","embeddable":true,"href":"https:\/\/insideamateurfussball-ffm.de\/index.php?rest_route=%2Fwp%2Fv2%2Ftags&post=21253"}],"curies":[{"name":"wp","href":"https:\/\/api.w.org\/{rel}","templated":true}]}}