{"id":21224,"date":"2024-09-24T16:34:53","date_gmt":"2024-09-24T14:34:53","guid":{"rendered":"https:\/\/insideamateurfussball-ffm.de\/?p=21224"},"modified":"2024-09-25T16:40:40","modified_gmt":"2024-09-25T14:40:40","slug":"ueberblick-ueber-die-2-pokalrunde","status":"publish","type":"post","link":"https:\/\/insideamateurfussball-ffm.de\/?p=21224","title":{"rendered":"\u00dcberblick \u00fcber die 2. Pokalrunde"},"content":{"rendered":"<h3>Die laufende Woche steht im Kreis Frankfurt im Zeichen der 2. Pokalrunde. 13 Begegnungen gehen von Dienstag bis Donnerstag \u00fcber die B\u00fchne, Absagen gibt es bisher nur eine. Die Partie zwischen der FG Seckbach und Rot-Weiss Frankfurt wurde auf 17. Oktober (20 Uhr) verlegt. Bereits die 3. Runde per Freilos erreicht haben Gruppenligist Spvgg. 03 Fechenheim und der Finalist aus der Vorsaison SC Riedberg, der jetzt in der A-Klasse spielt.<\/h3>\n<figure id=\"attachment_21225\" aria-describedby=\"caption-attachment-21225\" style=\"width: 976px\" class=\"wp-caption alignnone\"><img loading=\"lazy\" decoding=\"async\" class=\"wp-image-21225 size-full\" src=\"http:\/\/insideamateurfussball-ffm.de\/wp-content\/uploads\/2024\/09\/pokal.jpg\" alt=\"\" width=\"976\" height=\"749\" srcset=\"https:\/\/insideamateurfussball-ffm.de\/wp-content\/uploads\/2024\/09\/pokal.jpg 976w, https:\/\/insideamateurfussball-ffm.de\/wp-content\/uploads\/2024\/09\/pokal-300x230.jpg 300w, https:\/\/insideamateurfussball-ffm.de\/wp-content\/uploads\/2024\/09\/pokal-768x589.jpg 768w\" sizes=\"auto, (max-width: 976px) 100vw, 976px\" \/><figcaption id=\"caption-attachment-21225\" class=\"wp-caption-text\">Grafik: Mithat G\u00fcrser.<\/figcaption><\/figure>\n<h3>FC Tempo &#8211; SG Bornheim\/Gr\u00fcn-Wei\u00df (Dienstag, 20 Uhr)<\/h3>\n<p><img loading=\"lazy\" decoding=\"async\" class=\"alignnone size-full wp-image-31\" src=\"http:\/\/insideamateurfussball-ffm.de\/wp-content\/uploads\/2021\/11\/Tempo.jpg\" alt=\"\" width=\"80\" height=\"80\" \/><img loading=\"lazy\" decoding=\"async\" class=\"alignnone size-full wp-image-119\" src=\"http:\/\/insideamateurfussball-ffm.de\/wp-content\/uploads\/2022\/05\/Bornheim.jpg\" alt=\"\" width=\"80\" height=\"80\" \/><\/p>\n<h3>DJK Schwarz-Wei\u00df Griesheim &#8211; FC Gudesding (Dienstag, 20 Uhr)<\/h3>\n<p><img loading=\"lazy\" decoding=\"async\" class=\"alignnone size-full wp-image-172\" src=\"http:\/\/insideamateurfussball-ffm.de\/wp-content\/uploads\/2022\/05\/DJK-SW-G.jpg\" alt=\"\" width=\"80\" height=\"80\" \/><img loading=\"lazy\" decoding=\"async\" class=\"alignnone size-full wp-image-10\" src=\"http:\/\/insideamateurfussball-ffm.de\/wp-content\/uploads\/2021\/11\/Gudesding.jpg\" alt=\"\" width=\"64\" height=\"80\" \/><\/p>\n<h3>SG Westend &#8211; Spvgg. 05 Oberrad (Dienstag, 20 Uhr\/Sandh\u00f6fer Wiesen)<\/h3>\n<p><img loading=\"lazy\" decoding=\"async\" class=\"alignnone size-full wp-image-611\" src=\"http:\/\/insideamateurfussball-ffm.de\/wp-content\/uploads\/2022\/06\/Westend.png\" alt=\"\" width=\"69\" height=\"80\" \/><img loading=\"lazy\" decoding=\"async\" class=\"alignnone size-full wp-image-137\" src=\"http:\/\/insideamateurfussball-ffm.de\/wp-content\/uploads\/2022\/05\/Oberrad05.jpg\" alt=\"\" width=\"79\" height=\"80\" \/><\/p>\n<h3>1. R\u00f6delheimer FC 02 &#8211; FC Kosova (Dienstag, 20 Uhr)<\/h3>\n<p><img loading=\"lazy\" decoding=\"async\" class=\"alignnone size-full wp-image-932\" src=\"http:\/\/insideamateurfussball-ffm.de\/wp-content\/uploads\/2022\/06\/Roedelheim.jpg\" alt=\"\" width=\"80\" height=\"73\" \/><img loading=\"lazy\" decoding=\"async\" class=\"alignnone size-full wp-image-9\" src=\"http:\/\/insideamateurfussball-ffm.de\/wp-content\/uploads\/2021\/11\/Kosova.jpg\" alt=\"\" width=\"65\" height=\"80\" \/><\/p>\n<h3>FC Germania Enkheim &#8211; FFV Sportfreunde 04 (Dienstag, 20 Uhr)<\/h3>\n<p><img loading=\"lazy\" decoding=\"async\" class=\"alignnone size-full wp-image-1748\" src=\"http:\/\/insideamateurfussball-ffm.de\/wp-content\/uploads\/2022\/07\/Enkheim-1.jpg\" alt=\"\" width=\"63\" height=\"80\" \/><img loading=\"lazy\" decoding=\"async\" class=\"alignnone size-full wp-image-141\" src=\"http:\/\/insideamateurfussball-ffm.de\/wp-content\/uploads\/2022\/05\/Speuzer.jpg\" alt=\"\" width=\"80\" height=\"80\" \/><\/p>\n<h3>FC Heisenrath Goldstein &#8211; FV Hausen (Mittwoch, 19.30 Uhr)<\/h3>\n<p><img loading=\"lazy\" decoding=\"async\" class=\"alignnone size-full wp-image-4914\" src=\"http:\/\/insideamateurfussball-ffm.de\/wp-content\/uploads\/2023\/01\/Heisen.jpg\" alt=\"\" width=\"80\" height=\"73\" \/><img loading=\"lazy\" decoding=\"async\" class=\"alignnone size-full wp-image-283\" src=\"http:\/\/insideamateurfussball-ffm.de\/wp-content\/uploads\/2022\/05\/Hausen.jpg\" alt=\"\" width=\"80\" height=\"60\" \/><\/p>\n<h3>FC Germania Ginnheim &#8211; SV Niederursel (Mittwoch, 20 Uhr)<\/h3>\n<p><img loading=\"lazy\" decoding=\"async\" class=\"alignnone size-full wp-image-3205\" src=\"http:\/\/insideamateurfussball-ffm.de\/wp-content\/uploads\/2022\/10\/Ginnheim.jpg\" alt=\"\" width=\"80\" height=\"80\" \/><img loading=\"lazy\" decoding=\"async\" class=\"alignnone size-full wp-image-2580\" src=\"http:\/\/insideamateurfussball-ffm.de\/wp-content\/uploads\/2022\/09\/Niederursel.png\" alt=\"\" width=\"63\" height=\"80\" \/><\/p>\n<h3>SG Harheim &#8211; Spvgg. Kickers 16 (Mittwoch, 20 Uhr)<\/h3>\n<p><img loading=\"lazy\" decoding=\"async\" class=\"alignnone size-full wp-image-284\" src=\"http:\/\/insideamateurfussball-ffm.de\/wp-content\/uploads\/2022\/05\/Harheim.jpg\" alt=\"\" width=\"78\" height=\"80\" \/><img loading=\"lazy\" decoding=\"async\" class=\"alignnone size-full wp-image-4340\" src=\"http:\/\/insideamateurfussball-ffm.de\/wp-content\/uploads\/2022\/12\/kickers-16.jpg\" alt=\"\" width=\"69\" height=\"80\" \/><\/p>\n<h3>BSC Schwarz-Wei\u00df 19 &#8211; SV 07 Heddernheim (Mittwoch, 20 Uhr)<\/h3>\n<p><img loading=\"lazy\" decoding=\"async\" class=\"alignnone size-full wp-image-285\" src=\"http:\/\/insideamateurfussball-ffm.de\/wp-content\/uploads\/2022\/05\/BSC-19.jpg\" alt=\"\" width=\"80\" height=\"61\" \/><img loading=\"lazy\" decoding=\"async\" class=\"alignnone size-full wp-image-302\" src=\"http:\/\/insideamateurfussball-ffm.de\/wp-content\/uploads\/2022\/05\/1sv07_news2_4511-1.jpg\" alt=\"\" width=\"80\" height=\"80\" \/><\/p>\n<h3>VfL Germania 94 &#8211; TSKV T\u00fcrkg\u00fcc\u00fc (Mittwoch, 20 Uhr)<\/h3>\n<p><img loading=\"lazy\" decoding=\"async\" class=\"alignnone size-full wp-image-11577\" src=\"http:\/\/insideamateurfussball-ffm.de\/wp-content\/uploads\/2023\/08\/Germania-94.jpg\" alt=\"\" width=\"80\" height=\"80\" \/><img loading=\"lazy\" decoding=\"async\" class=\"alignnone size-full wp-image-17\" src=\"http:\/\/insideamateurfussball-ffm.de\/wp-content\/uploads\/2021\/11\/Tuerkguecue.jpg\" alt=\"\" width=\"72\" height=\"80\" \/><\/p>\n<h3>FC Croatia &#8211; FC Kalbach (Mittwoch, 20.15 Uhr)<\/h3>\n<p><img loading=\"lazy\" decoding=\"async\" class=\"alignnone size-full wp-image-29\" src=\"http:\/\/insideamateurfussball-ffm.de\/wp-content\/uploads\/2021\/11\/croatia.jpg\" alt=\"\" width=\"63\" height=\"80\" \/><img loading=\"lazy\" decoding=\"async\" class=\"alignnone size-full wp-image-16\" src=\"http:\/\/insideamateurfussball-ffm.de\/wp-content\/uploads\/2021\/11\/kalbach-wappen.jpg\" alt=\"\" width=\"80\" height=\"80\" \/><\/p>\n<h3>FC Fortuna &#8211; TuS Nieder-Eschbach (Donnerstag, 20 Uhr)<\/h3>\n<p><img loading=\"lazy\" decoding=\"async\" class=\"alignnone size-full wp-image-19823\" src=\"http:\/\/insideamateurfussball-ffm.de\/wp-content\/uploads\/2024\/07\/fortuna-neu.png\" alt=\"\" width=\"80\" height=\"80\" \/><img loading=\"lazy\" decoding=\"async\" class=\"alignnone size-full wp-image-3202\" src=\"http:\/\/insideamateurfussball-ffm.de\/wp-content\/uploads\/2022\/10\/nieder-eschb.png\" alt=\"\" width=\"57\" height=\"80\" \/><\/p>\n<h3>TSG Nieder-Erlenbach &#8211; VfR Bockenheim Nichtantritt Heim 0:3 kampflos<\/h3>\n<p><img loading=\"lazy\" decoding=\"async\" class=\"alignnone size-full wp-image-21\" src=\"http:\/\/insideamateurfussball-ffm.de\/wp-content\/uploads\/2021\/11\/Nieder-Erlenbach.jpg\" alt=\"\" width=\"80\" height=\"80\" \/><img loading=\"lazy\" decoding=\"async\" class=\"alignnone size-full wp-image-334\" src=\"http:\/\/insideamateurfussball-ffm.de\/wp-content\/uploads\/2022\/05\/Bockenheim.jpg\" alt=\"\" width=\"78\" height=\"80\" \/><\/p>\n<h3>FG Seckbach &#8211; Rot-Weiss Frankfurt (17. Oktober, 20 Uhr)<\/h3>\n<p><img loading=\"lazy\" decoding=\"async\" class=\"alignnone size-full wp-image-544\" src=\"http:\/\/insideamateurfussball-ffm.de\/wp-content\/uploads\/2022\/06\/Seckbach.jpg\" alt=\"\" width=\"80\" height=\"80\" \/><img loading=\"lazy\" decoding=\"async\" class=\"alignnone size-full wp-image-4032\" src=\"http:\/\/insideamateurfussball-ffm.de\/wp-content\/uploads\/2022\/11\/rot-weiss.png\" alt=\"\" width=\"80\" height=\"70\" \/><\/p>\n<h3>Freilose: Spvgg. 03 Fechenheim, SC Riedberg<\/h3>\n<p><img loading=\"lazy\" decoding=\"async\" class=\"alignnone size-full wp-image-603\" src=\"http:\/\/insideamateurfussball-ffm.de\/wp-content\/uploads\/2022\/06\/Fech03.jpg\" alt=\"\" width=\"52\" height=\"80\" \/><img loading=\"lazy\" decoding=\"async\" class=\"alignnone size-full wp-image-16632\" src=\"http:\/\/insideamateurfussball-ffm.de\/wp-content\/uploads\/2024\/02\/SC-Riedberg-neu.png\" alt=\"\" width=\"80\" height=\"80\" \/><\/p>\n","protected":false},"excerpt":{"rendered":"<p>Die laufende Woche steht im Kreis Frankfurt im Zeichen der 2. Pokalrunde. 13 Begegnungen gehen von Dienstag bis Donnerstag \u00fcber die B\u00fchne, Absagen gibt es bisher nur eine. Die Partie zwischen der FG Seckbach und Rot-Weiss Frankfurt wurde auf 17. Oktober (20 Uhr) verlegt. Bereits die 3. Runde per Freilos erreicht haben Gruppenligist Spvgg. 03 [&hellip;]<\/p>\n","protected":false},"author":1,"featured_media":21225,"comment_status":"closed","ping_status":"closed","sticky":true,"template":"","format":"standard","meta":{"footnotes":""},"categories":[9],"tags":[],"class_list":["post-21224","post","type-post","status-publish","format-standard","has-post-thumbnail","hentry","category-kreispokal"],"_links":{"self":[{"href":"https:\/\/insideamateurfussball-ffm.de\/index.php?rest_route=\/wp\/v2\/posts\/21224","targetHints":{"allow":["GET"]}}],"collection":[{"href":"https:\/\/insideamateurfussball-ffm.de\/index.php?rest_route=\/wp\/v2\/posts"}],"about":[{"href":"https:\/\/insideamateurfussball-ffm.de\/index.php?rest_route=\/wp\/v2\/types\/post"}],"author":[{"embeddable":true,"href":"https:\/\/insideamateurfussball-ffm.de\/index.php?rest_route=\/wp\/v2\/users\/1"}],"replies":[{"embeddable":true,"href":"https:\/\/insideamateurfussball-ffm.de\/index.php?rest_route=%2Fwp%2Fv2%2Fcomments&post=21224"}],"version-history":[{"count":3,"href":"https:\/\/insideamateurfussball-ffm.de\/index.php?rest_route=\/wp\/v2\/posts\/21224\/revisions"}],"predecessor-version":[{"id":21231,"href":"https:\/\/insideamateurfussball-ffm.de\/index.php?rest_route=\/wp\/v2\/posts\/21224\/revisions\/21231"}],"wp:featuredmedia":[{"embeddable":true,"href":"https:\/\/insideamateurfussball-ffm.de\/index.php?rest_route=\/wp\/v2\/media\/21225"}],"wp:attachment":[{"href":"https:\/\/insideamateurfussball-ffm.de\/index.php?rest_route=%2Fwp%2Fv2%2Fmedia&parent=21224"}],"wp:term":[{"taxonomy":"category","embeddable":true,"href":"https:\/\/insideamateurfussball-ffm.de\/index.php?rest_route=%2Fwp%2Fv2%2Fcategories&post=21224"},{"taxonomy":"post_tag","embeddable":true,"href":"https:\/\/insideamateurfussball-ffm.de\/index.php?rest_route=%2Fwp%2Fv2%2Ftags&post=21224"}],"curies":[{"name":"wp","href":"https:\/\/api.w.org\/{rel}","templated":true}]}}