{"id":21204,"date":"2024-09-23T20:10:27","date_gmt":"2024-09-23T18:10:27","guid":{"rendered":"https:\/\/insideamateurfussball-ffm.de\/?p=21204"},"modified":"2024-09-23T20:10:27","modified_gmt":"2024-09-23T18:10:27","slug":"gudesding-rettet-33-bei-cohn-bendits-einstand","status":"publish","type":"post","link":"https:\/\/insideamateurfussball-ffm.de\/?p=21204","title":{"rendered":"Gudesding rettet 3:3 bei Cohn-Bendits Einstand"},"content":{"rendered":"<h3>Aufsteiger BSC Schwarz-Wei\u00df 19 trennte sich vom FC Gudesding in einem abwechslungsreichen Spiel mit 3:3 und bleibt in der oberen Tabellenh\u00e4lfte. Die G\u00e4ste konnten sich nach dem Trainerwechsel unter der Woche unter der Regie von Bela Cohn-Bendit den f\u00fcnften Punkt sichern und gaben die Rote Laterne an den SV Viktoria Preu\u00dfen weiter.<\/h3>\n<figure id=\"attachment_21206\" aria-describedby=\"caption-attachment-21206\" style=\"width: 997px\" class=\"wp-caption alignnone\"><img loading=\"lazy\" decoding=\"async\" class=\"wp-image-21206 size-full\" src=\"http:\/\/insideamateurfussball-ffm.de\/wp-content\/uploads\/2024\/09\/DSC_0984-1.jpg\" alt=\"\" width=\"997\" height=\"748\" srcset=\"https:\/\/insideamateurfussball-ffm.de\/wp-content\/uploads\/2024\/09\/DSC_0984-1.jpg 997w, https:\/\/insideamateurfussball-ffm.de\/wp-content\/uploads\/2024\/09\/DSC_0984-1-300x225.jpg 300w, https:\/\/insideamateurfussball-ffm.de\/wp-content\/uploads\/2024\/09\/DSC_0984-1-768x576.jpg 768w\" sizes=\"auto, (max-width: 997px) 100vw, 997px\" \/><figcaption id=\"caption-attachment-21206\" class=\"wp-caption-text\">Der FC Gudesding holte Punkt Nummer f\u00fcnf in dieser Saison. Foto: Archiv J\u00f6rg Schulz.\u00a0<\/figcaption><\/figure>\n<h3>BSC Schwarz-Wei\u00df 19 &#8211; FC Gudesding 3:3 (2:2)<\/h3>\n<p><img loading=\"lazy\" decoding=\"async\" class=\"alignnone size-full wp-image-285\" src=\"http:\/\/insideamateurfussball-ffm.de\/wp-content\/uploads\/2022\/05\/BSC-19.jpg\" alt=\"\" width=\"80\" height=\"61\" \/><img loading=\"lazy\" decoding=\"async\" class=\"alignnone size-full wp-image-10\" src=\"http:\/\/insideamateurfussball-ffm.de\/wp-content\/uploads\/2021\/11\/Gudesding.jpg\" alt=\"\" width=\"64\" height=\"80\" \/><\/p>\n<p>BSC-Abteilungsleiter Christian Reinmold hatte einen &#8222;schlechten Start in das Spiel gesehen.&#8220; Folgerichtig gingen die G\u00e4ste aus dem Ostpark mit mutigem Spiel durch einen Doppelschlag von Daniel Peter (14.) und Fabian Lifka (16.) mit 2:0 in F\u00fchrung. Nach einigen Umstellungen wurde das BSC-Spiel besser. Yilmaz Kilic verk\u00fcrzte (28.) und kurz vor der Pause konnte Elias Jennaoui ausgleichen (44.).<\/p>\n<p>Nach dem Seitenwechsel war es laut Reinmold ein &#8222;Kopf an Kopf-Spiel.&#8220; Jennaoui brachte den Neuling auf die Siegerstra\u00dfe (78.), aber nach einem langen Ball gelang Hamza El Mezouar noch das 3:3 f\u00fcr Gudesding (89.).<\/p>\n<blockquote>\n<h3><span style=\"text-decoration: underline;\">&#8222;BSC hat ein starkes Team, aber wir haben dagegen gehalten&#8220; (Gudesding-Vorsitzender Rainer Weiss)<\/span><\/h3>\n<\/blockquote>\n<p>Der unter der Woche abgel\u00f6ste Trainer Alexander Root wurde in der 80. Minute von seinem Nachfolger Cohn-Bendit eingewechselt. &#8222;Leider konnten wir das Ergebnis nicht \u00fcber die Ziellinie bringen und haben kurz vor dem Ende den Gegentreffer bekommen&#8220;, f\u00fcgte Reinmold hinzu. Gudesding-Vorsitzender Rainer Weiss meinte: &#8222;BSC hat ein starkes Team, aber wir haben dagegen gehalten. Leider haben wir die 2:0-F\u00fchrung nicht gut verteidigt, es w\u00e4re eine \u00dcberraschung m\u00f6glich gewesen.&#8220;<\/p>\n<p>Im Kreispokal sind beide Vereine in der 2. Runde im Einsatz. Gudesding tritt am Dienstag (19.30 Uhr) beim A-Ligisten DJK Schwarz-Wei\u00df Griesheim an. Am Mittwoch (20 Uhr) trifft der BSC auf den KOL-Rivalen SV 07 Heddernheim.<\/p>\n<h3><span style=\"text-decoration: underline;\">Schiedsrichter: Oliver Krause (SKG Ober-Beerbach). Zuschauer: 85. <\/span><\/h3>\n<h3><span style=\"text-decoration: underline;\">Tore: 0:1 Daniel Peter (14.), 0:2 Fabian Lifka (16.), 1:2 Yilmaz Kilic (28.), 2:2, 3:2 Elias Jennaoui (44.\/78.), 3:3 Hamza El Mezouar (89.).<\/span><\/h3>\n","protected":false},"excerpt":{"rendered":"<p>Aufsteiger BSC Schwarz-Wei\u00df 19 trennte sich vom FC Gudesding in einem abwechslungsreichen Spiel mit 3:3 und bleibt in der oberen Tabellenh\u00e4lfte. Die G\u00e4ste konnten sich nach dem Trainerwechsel unter der Woche unter der Regie von Bela Cohn-Bendit den f\u00fcnften Punkt sichern und gaben die Rote Laterne an den SV Viktoria Preu\u00dfen weiter. BSC Schwarz-Wei\u00df 19 [&hellip;]<\/p>\n","protected":false},"author":1,"featured_media":21206,"comment_status":"closed","ping_status":"closed","sticky":true,"template":"","format":"standard","meta":{"footnotes":""},"categories":[2],"tags":[],"class_list":["post-21204","post","type-post","status-publish","format-standard","has-post-thumbnail","hentry","category-kreisoberliga-frankfurt"],"_links":{"self":[{"href":"https:\/\/insideamateurfussball-ffm.de\/index.php?rest_route=\/wp\/v2\/posts\/21204","targetHints":{"allow":["GET"]}}],"collection":[{"href":"https:\/\/insideamateurfussball-ffm.de\/index.php?rest_route=\/wp\/v2\/posts"}],"about":[{"href":"https:\/\/insideamateurfussball-ffm.de\/index.php?rest_route=\/wp\/v2\/types\/post"}],"author":[{"embeddable":true,"href":"https:\/\/insideamateurfussball-ffm.de\/index.php?rest_route=\/wp\/v2\/users\/1"}],"replies":[{"embeddable":true,"href":"https:\/\/insideamateurfussball-ffm.de\/index.php?rest_route=%2Fwp%2Fv2%2Fcomments&post=21204"}],"version-history":[{"count":1,"href":"https:\/\/insideamateurfussball-ffm.de\/index.php?rest_route=\/wp\/v2\/posts\/21204\/revisions"}],"predecessor-version":[{"id":21207,"href":"https:\/\/insideamateurfussball-ffm.de\/index.php?rest_route=\/wp\/v2\/posts\/21204\/revisions\/21207"}],"wp:featuredmedia":[{"embeddable":true,"href":"https:\/\/insideamateurfussball-ffm.de\/index.php?rest_route=\/wp\/v2\/media\/21206"}],"wp:attachment":[{"href":"https:\/\/insideamateurfussball-ffm.de\/index.php?rest_route=%2Fwp%2Fv2%2Fmedia&parent=21204"}],"wp:term":[{"taxonomy":"category","embeddable":true,"href":"https:\/\/insideamateurfussball-ffm.de\/index.php?rest_route=%2Fwp%2Fv2%2Fcategories&post=21204"},{"taxonomy":"post_tag","embeddable":true,"href":"https:\/\/insideamateurfussball-ffm.de\/index.php?rest_route=%2Fwp%2Fv2%2Ftags&post=21204"}],"curies":[{"name":"wp","href":"https:\/\/api.w.org\/{rel}","templated":true}]}}