{"id":21157,"date":"2024-09-23T17:02:26","date_gmt":"2024-09-23T15:02:26","guid":{"rendered":"https:\/\/insideamateurfussball-ffm.de\/?p=21157"},"modified":"2024-09-23T17:02:26","modified_gmt":"2024-09-23T15:02:26","slug":"kalbach-weiter-tabellenfuehrer","status":"publish","type":"post","link":"https:\/\/insideamateurfussball-ffm.de\/?p=21157","title":{"rendered":"Kalbach weiter Tabellenf\u00fchrer"},"content":{"rendered":"<h4>Der FC Kalbach verteidigte seine Spitzenposition durch ein schwer erk\u00e4mpftes 3:1 beim heimstarken FC Kaichen, wieder einmal war die bessere 2.Halbzeit entscheidend, wo die Kalbacher immer noch etwas zuzusetzen haben.<\/h4>\n<figure id=\"attachment_20148\" aria-describedby=\"caption-attachment-20148\" style=\"width: 2016px\" class=\"wp-caption alignnone\"><img loading=\"lazy\" decoding=\"async\" class=\"wp-image-20148 size-full\" src=\"http:\/\/insideamateurfussball-ffm.de\/wp-content\/uploads\/2024\/08\/kalbachAlzenau01.jpg\" alt=\"\" width=\"2016\" height=\"1512\" srcset=\"https:\/\/insideamateurfussball-ffm.de\/wp-content\/uploads\/2024\/08\/kalbachAlzenau01.jpg 2016w, https:\/\/insideamateurfussball-ffm.de\/wp-content\/uploads\/2024\/08\/kalbachAlzenau01-300x225.jpg 300w, https:\/\/insideamateurfussball-ffm.de\/wp-content\/uploads\/2024\/08\/kalbachAlzenau01-1024x768.jpg 1024w, https:\/\/insideamateurfussball-ffm.de\/wp-content\/uploads\/2024\/08\/kalbachAlzenau01-768x576.jpg 768w, https:\/\/insideamateurfussball-ffm.de\/wp-content\/uploads\/2024\/08\/kalbachAlzenau01-1536x1152.jpg 1536w\" sizes=\"auto, (max-width: 2016px) 100vw, 2016px\" \/><figcaption id=\"caption-attachment-20148\" class=\"wp-caption-text\">Die Kalbacher genie\u00dfen weiterhin die Tabellenf\u00fchrung. Foto: Archiv<\/figcaption><\/figure>\n<h4>FC Kaichen &#8211; FC Kalbach 1:3 (0:0)<\/h4>\n<p><img loading=\"lazy\" decoding=\"async\" class=\"alignnone size-full wp-image-20254\" src=\"http:\/\/insideamateurfussball-ffm.de\/wp-content\/uploads\/2024\/08\/o-kaichen.jpeg\" alt=\"\" width=\"88\" height=\"99\" \/><img loading=\"lazy\" decoding=\"async\" class=\"alignnone size-full wp-image-16\" src=\"http:\/\/insideamateurfussball-ffm.de\/wp-content\/uploads\/2021\/11\/kalbach-wappen.jpg\" alt=\"\" width=\"80\" height=\"80\" \/><\/p>\n<p>Der FC Kalbach reiste zu dem heimstarken FC Kaichen, der schon sein sechstes Heimspiel austragen durfte. Aber die Kalbacher hatten schlie\u00dflich alle 4 bisherigen Ausw\u00e4rtsspiele gewonnen und sowieso erst bei einem Unentschieden Punkte liegenlassen, am Ende konnte der Gast seine Tabellenf\u00fchrung vor dem FC Karben verteidigen, w\u00e4hrend der FC Kaichen nach gutem Saisonstart seine f\u00fcnfte Niederlage in Folge einstecken musste. Auf schwer bespielbarem Boden entwickelte sich in der ersten Halbzeit ein ausgeglichenes Spiel, Vorstandsmitglied Manni Meyer: \u201eder Gegner hat uns mit langen B\u00e4llen oft in Verlegenheit gebracht, aber am Ende hat sich doch die Klasse durchgesetzt\u201c. Um am Ende aber Erfolg zu haben, musste der FC Kalbach nach dem 0:0 zur Pause eine gute zweite Halbzeit spielen, aber das ist eine Lieblingsbesch\u00e4ftigung der Kalbacher, die man zur Halbzeit nie abschreiben darf.<\/p>\n<p>Und die Kalbacher steigerten sich in der zweiten H\u00e4lfte und kamen in der 53.Minute zum 1:0, nach einem Eckball von Oliver Pails war Moritz Uppenkamp mit dem Kopf zur Stelle. Und die G\u00e4ste legten sofort nach und machten den Doppelpack komplett, in der 56.Minute zielte Huimang Park genau, von der Unterkante der Latte sprang der Ball zum 2:0 in die Maschen des Kaichener Tores. Die Gastgeber gaben sich nicht auf und in der 60.Minute landete ein Kopfball von Tim Kraft im Tor zum 1:2-Anschlusstreffer. Doch wieder einmal war es Torj\u00e4ger Achraf Gara Ali, der die Entscheidung herbeif\u00fchrte, einen an ihn selbst verschuldeten Elfmeter verwandelte er eiskalt zum 3:1-Endstand.<\/p>\n<p>Manni Meyer: \u201ewir mussten viel Aufwand treiben, um hier die Punkte zu holen. Aber die Mannschaft hat das Klasse gemacht und den Sieg mit viel Leidenschaft errungen. Am Mittwoch im Pokal wird es wieder kein leichtes Spiel, wir haben derzeit sehr viele Spiele.\u201c Im Pokal muss der FC Kalbach zum Kreisoberligisten FC Croatia, um dann am n\u00e4chsten Sonntag in der Gruppenliga den SV Bosnien\/Herzegowina zu empfangen.<\/p>\n<h4>Schiedsrichter: Samir Yousufzai. Zuschauer: 150.<\/h4>\n<h4>Tore: 0:1 Moritz Uppenkamp (53.), 0:2 Huimang Park (56.), 1:2 Tim Kraft (60.), 1:3 Achraf Gara Ali (75., Elfmeter)<\/h4>\n","protected":false},"excerpt":{"rendered":"<p>Der FC Kalbach verteidigte seine Spitzenposition durch ein schwer erk\u00e4mpftes 3:1 beim heimstarken FC Kaichen, wieder einmal war die bessere 2.Halbzeit entscheidend, wo die Kalbacher immer noch etwas zuzusetzen haben. FC Kaichen &#8211; FC Kalbach 1:3 (0:0) Der FC Kalbach reiste zu dem heimstarken FC Kaichen, der schon sein sechstes Heimspiel austragen durfte. Aber die [&hellip;]<\/p>\n","protected":false},"author":3,"featured_media":20148,"comment_status":"closed","ping_status":"open","sticky":true,"template":"","format":"standard","meta":{"footnotes":""},"categories":[13],"tags":[],"class_list":["post-21157","post","type-post","status-publish","format-standard","has-post-thumbnail","hentry","category-gruppenliga-frankfurt-west"],"_links":{"self":[{"href":"https:\/\/insideamateurfussball-ffm.de\/index.php?rest_route=\/wp\/v2\/posts\/21157","targetHints":{"allow":["GET"]}}],"collection":[{"href":"https:\/\/insideamateurfussball-ffm.de\/index.php?rest_route=\/wp\/v2\/posts"}],"about":[{"href":"https:\/\/insideamateurfussball-ffm.de\/index.php?rest_route=\/wp\/v2\/types\/post"}],"author":[{"embeddable":true,"href":"https:\/\/insideamateurfussball-ffm.de\/index.php?rest_route=\/wp\/v2\/users\/3"}],"replies":[{"embeddable":true,"href":"https:\/\/insideamateurfussball-ffm.de\/index.php?rest_route=%2Fwp%2Fv2%2Fcomments&post=21157"}],"version-history":[{"count":1,"href":"https:\/\/insideamateurfussball-ffm.de\/index.php?rest_route=\/wp\/v2\/posts\/21157\/revisions"}],"predecessor-version":[{"id":21158,"href":"https:\/\/insideamateurfussball-ffm.de\/index.php?rest_route=\/wp\/v2\/posts\/21157\/revisions\/21158"}],"wp:featuredmedia":[{"embeddable":true,"href":"https:\/\/insideamateurfussball-ffm.de\/index.php?rest_route=\/wp\/v2\/media\/20148"}],"wp:attachment":[{"href":"https:\/\/insideamateurfussball-ffm.de\/index.php?rest_route=%2Fwp%2Fv2%2Fmedia&parent=21157"}],"wp:term":[{"taxonomy":"category","embeddable":true,"href":"https:\/\/insideamateurfussball-ffm.de\/index.php?rest_route=%2Fwp%2Fv2%2Fcategories&post=21157"},{"taxonomy":"post_tag","embeddable":true,"href":"https:\/\/insideamateurfussball-ffm.de\/index.php?rest_route=%2Fwp%2Fv2%2Ftags&post=21157"}],"curies":[{"name":"wp","href":"https:\/\/api.w.org\/{rel}","templated":true}]}}