{"id":21140,"date":"2024-09-23T16:25:58","date_gmt":"2024-09-23T14:25:58","guid":{"rendered":"https:\/\/insideamateurfussball-ffm.de\/?p=21140"},"modified":"2024-09-23T16:25:58","modified_gmt":"2024-09-23T14:25:58","slug":"fechenheim-siegt-klar-bei-den-bosniern","status":"publish","type":"post","link":"https:\/\/insideamateurfussball-ffm.de\/?p=21140","title":{"rendered":"Fechenheim siegt klar bei den Bosniern"},"content":{"rendered":"<h4>Die Fechenheimer konnten mit einem 4:1 beim SV Bosnien\/Herzegowina ihren dritten Sieg in Folge feiern, w\u00e4hrend die Bosnier ihre dritte Niederlage in Folge einstecken mussten und auf Platz 11 abrutschten.<\/h4>\n<figure id=\"attachment_21153\" aria-describedby=\"caption-attachment-21153\" style=\"width: 945px\" class=\"wp-caption alignnone\"><img loading=\"lazy\" decoding=\"async\" class=\"wp-image-21153 size-full\" src=\"http:\/\/insideamateurfussball-ffm.de\/wp-content\/uploads\/2024\/09\/bosn12.jpg\" alt=\"\" width=\"945\" height=\"664\" srcset=\"https:\/\/insideamateurfussball-ffm.de\/wp-content\/uploads\/2024\/09\/bosn12.jpg 945w, https:\/\/insideamateurfussball-ffm.de\/wp-content\/uploads\/2024\/09\/bosn12-300x211.jpg 300w, https:\/\/insideamateurfussball-ffm.de\/wp-content\/uploads\/2024\/09\/bosn12-768x540.jpg 768w\" sizes=\"auto, (max-width: 945px) 100vw, 945px\" \/><figcaption id=\"caption-attachment-21153\" class=\"wp-caption-text\">Die Fechenheimer Mannschaft konnte ihren dritten Sieg in Folge feiern. Foto: Mithat G\u00fcrser<\/figcaption><\/figure>\n<h4>SV Bosnien\/Herzegowina &#8211; Spvgg. 03 Fechenheim 1:4 (1:1)<\/h4>\n<p><img loading=\"lazy\" decoding=\"async\" class=\"alignnone size-full wp-image-139\" src=\"http:\/\/insideamateurfussball-ffm.de\/wp-content\/uploads\/2022\/05\/Bosnien.jpg\" alt=\"\" width=\"79\" height=\"80\" \/><img loading=\"lazy\" decoding=\"async\" class=\"alignnone size-full wp-image-603\" src=\"http:\/\/insideamateurfussball-ffm.de\/wp-content\/uploads\/2022\/06\/Fech03.jpg\" alt=\"\" width=\"52\" height=\"80\" \/><\/p>\n<p>Auch das Spiel gegen die Spvgg. 03 Fechenheim konnte der SV Bosnien\/Herzegowina nicht zum Umschwung nutzen. Dabei lief viel gegen die Bosnier, die nach Aussage ihres Pressesprechers Admir Malohodzic von vornherein auf drei wichtige Spieler verzichten mussten. Nichtsdestotrotz war der Beginn f\u00fcr die Gastgeber ansprechend, gegen die mit Selbstbewusstsein angereisten Fechenheimer kam man gut ins Spiel und ging auch in der 13.Minute mit 1:0 in F\u00fchrung. Nach einem Abwehrfehler in der Fechenheimer Abwehr kam der Ball von au\u00dfen erneut in die Mitte, wo Secouba Diattas erster Schuss noch abgeblockt wurde, der zweite Schuss landete aber im Tor der G\u00e4ste. Dann brach das Verletzungspech \u00fcber die Bosnier herein, mit Vadislav Rusev in der 20.Minute und Secouba Diatta in der 23.Minute mussten zwei Offensivspieler verletzt ausgewechselt werden.<\/p>\n<p>Das Spiel blieb weiter offen und in der 33.Minute dann der Ausgleich, nach einem robusten Einsatz des Fechenheimers St\u00fcrmers konnte dieser eine Flanke in die Mitte schlagen, die Felix Casalino mit einer Direktabnahme im Tor der Bosnier versenken konnte. Felix Casalino war es auch, der Fechenheim noch in der ersten Halbzeit mit zwei Chancen in der 38. und der 45. Minute in F\u00fchrung h\u00e4tte bringen k\u00f6nnen, doch beide Male zielte er knapp am Tor vorbei.<\/p>\n<p>In der zweiten Halbzeit war es weiter ein Duell auf Augenh\u00f6he, auch wenn man in der Offensive den Bosniern den Ausfall der zwei Offensivkr\u00e4fte anmerkte. In der 58.Minute entschied der Schiedsrichter auf Freisto\u00df f\u00fcr Fechenheim, zentral einen Meter vor der Strafraumlinie. Ouassim Ouass schnappte sich den Ball und zirkelte ihn an der Mauer vorbei ins Torwarteck, wo Bosniens Torwart Amel Dizdarevic nicht gut aussah und den Ball zur Fechenheimer F\u00fchrung passieren lie\u00df. Der Schiedsrichter, der insgesamt viel laufen lie\u00df, aber rigoros auf Beschwerden reagierte, zeigte dann dem Trainer der Bosnier Amir Mustafic die gelb-tote Karte, weil er sich angeblich zu laut beschwert habe. Vielleicht lag es auch daran, dass ein Schiedsrichter-Beobachter vor Ort war und die Schiedsrichter keine Emotionen mehr zulassen, es fiel keine beleidigende \u00c4u\u00dferung.<\/p>\n<p>In der 69.Minute dann die Vorentscheidung, nach einem langen Diagonalpass von Ouassim Ouass legte ein Fechenheimer den Ball am Torwart vorbei, am langen Pfosten schob dann der eingewechselte Yassin Chaouki den Ball zum 3:1 ein. Die Bosnier versuchten noch alles, doch scheiterten sie mit den meisten Angriffen an der aufmerksamen Fechenheimer Abwehr. Den Schlusspunkt im Spiel setzte erneut Yassin Chaouki mit seinem 9.Saisontor zum 4:1, die Vorlage kam vom ebenfalls eingewechselten Roberto Martins Pereira.<\/p>\n<p>Fechenheims Interimstrainer Asghar Al-Jaali: \u201ees war in meinen Augen das erwartet schwere Spiel, wir haben uns in den ersten 25 Minuten schwergetan, wir wollten den Spielaufbau der Bosnier unterbinden, was uns nur teilweise gelungen ist. Aber je l\u00e4nger das Spiel gedauert hat, haben wir den Gegner im Griff gehabt und unser Plan ging in der zweiten Halbzeit auch auf, dass wir die Bosnier dann auch in dieser H\u00f6he verdient geschlagen haben, und ich muss einfach ein Kompliment der ganzen Mannschaft machen, die durch die Bank wirklich an ihre Grenzen gegangen ist, das war heute auch notwendig.\u201c<\/p>\n<p>Bosniens Pressesprecher Malohodzic: \u201edas haben wir uns anders vorgestellt, sind gut gestartet und auch verdient mit 1:0 in F\u00fchrung gegangen. Dann zwei Verletzte gehabt, zwei St\u00fcrmer, das hat man schon im Laufe des Spiels gesehen, dass wir dann vorne nicht so effizient waren. Dann kriegst du das 1:1, meiner Meinung nach war das ein klares Foul, das erste Mal kommen die vors Tor und machen das 1:1. Das zweite Tor war ein klarer Torwartfehler, mit dem dritten war es dann zu Ende. Wir machen einige Fehler, die zu Toren f\u00fchren, und vorne sind wir nicht konsequent genug. Es gibt aber eine gute Nachricht, Hamza Reko, unser langj\u00e4hriger Spieler, hat nach fast eineinhalb Jahren Abstinenz sein erstes Spiel gemacht. Ich w\u00fcnsche den beiden Verletzten gute Besserung, in jeder Richtung l\u00e4uft es im Augenblick gegen uns und wir m\u00fcssen versuchen, da gemeinsam rauszukommen. Und nochmal Gl\u00fcckwunsch an die Fechenheimer.\u201c<\/p>\n<p>Da die Bosnier f\u00fcr den Kreispokal nicht gemeldet hatten, geht es f\u00fcr sie am n\u00e4chsten Wochenende weiter mit dem schweren Ausw\u00e4rtsspiel beim FC Kalbach. Die Fechenheimer haben in der zweiten Runde des Kreispokals ein Freilos, deshalb spielen sie auch erst wieder am n\u00e4chsten Wochenende, dann kommt der Tabellenzweite vom FC Karben an die Birsteiner Stra\u00dfe.<\/p>\n<h4>Schiedsrichter: Fabian Mink (TSV 05 Reichenbach). Zuschauer: 80.<\/h4>\n<h4>Tore: 1:0 Secouba Diatta (13.), 1:1 Felix Casalino (33.), 1:2 Ouassim Ouass (58.), 1:3 Yassin Chaouki (69.), 1:4 Yassin Chaouki (90.)<\/h4>\n<blockquote>\n<h4>Mithat G\u00fcrser hat bei seiner Rundreise auch Bilder vom Spiel gemacht, vielen Dank.<\/h4>\n<\/blockquote>\n<p>\u00a0<\/p>\n\n\n<figure class=\"wp-block-image size-full\"><img loading=\"lazy\" decoding=\"async\" width=\"945\" height=\"666\" src=\"http:\/\/insideamateurfussball-ffm.de\/wp-content\/uploads\/2024\/09\/bos2.jpg\" alt=\"\" class=\"wp-image-21141\" srcset=\"https:\/\/insideamateurfussball-ffm.de\/wp-content\/uploads\/2024\/09\/bos2.jpg 945w, https:\/\/insideamateurfussball-ffm.de\/wp-content\/uploads\/2024\/09\/bos2-300x211.jpg 300w, https:\/\/insideamateurfussball-ffm.de\/wp-content\/uploads\/2024\/09\/bos2-768x541.jpg 768w\" sizes=\"auto, (max-width: 945px) 100vw, 945px\" \/><\/figure>\n\n\n\n<figure class=\"wp-block-image size-full\"><img loading=\"lazy\" decoding=\"async\" width=\"945\" height=\"628\" src=\"http:\/\/insideamateurfussball-ffm.de\/wp-content\/uploads\/2024\/09\/bos3.jpg\" alt=\"\" class=\"wp-image-21142\" srcset=\"https:\/\/insideamateurfussball-ffm.de\/wp-content\/uploads\/2024\/09\/bos3.jpg 945w, https:\/\/insideamateurfussball-ffm.de\/wp-content\/uploads\/2024\/09\/bos3-300x199.jpg 300w, https:\/\/insideamateurfussball-ffm.de\/wp-content\/uploads\/2024\/09\/bos3-768x510.jpg 768w\" sizes=\"auto, (max-width: 945px) 100vw, 945px\" \/><\/figure>\n\n\n\n<figure class=\"wp-block-image size-full\"><img loading=\"lazy\" decoding=\"async\" width=\"945\" height=\"628\" src=\"http:\/\/insideamateurfussball-ffm.de\/wp-content\/uploads\/2024\/09\/bosn1.jpg\" alt=\"\" class=\"wp-image-21143\" srcset=\"https:\/\/insideamateurfussball-ffm.de\/wp-content\/uploads\/2024\/09\/bosn1.jpg 945w, https:\/\/insideamateurfussball-ffm.de\/wp-content\/uploads\/2024\/09\/bosn1-300x199.jpg 300w, https:\/\/insideamateurfussball-ffm.de\/wp-content\/uploads\/2024\/09\/bosn1-768x510.jpg 768w\" sizes=\"auto, (max-width: 945px) 100vw, 945px\" \/><\/figure>\n\n\n\n<figure class=\"wp-block-image size-full\"><img loading=\"lazy\" decoding=\"async\" width=\"945\" height=\"651\" src=\"http:\/\/insideamateurfussball-ffm.de\/wp-content\/uploads\/2024\/09\/bosn4.jpg\" alt=\"\" class=\"wp-image-21145\" srcset=\"https:\/\/insideamateurfussball-ffm.de\/wp-content\/uploads\/2024\/09\/bosn4.jpg 945w, https:\/\/insideamateurfussball-ffm.de\/wp-content\/uploads\/2024\/09\/bosn4-300x207.jpg 300w, https:\/\/insideamateurfussball-ffm.de\/wp-content\/uploads\/2024\/09\/bosn4-768x529.jpg 768w\" sizes=\"auto, (max-width: 945px) 100vw, 945px\" \/><\/figure>\n\n\n\n<figure class=\"wp-block-image size-full\"><img loading=\"lazy\" decoding=\"async\" width=\"945\" height=\"646\" src=\"http:\/\/insideamateurfussball-ffm.de\/wp-content\/uploads\/2024\/09\/bosn5.jpg\" alt=\"\" class=\"wp-image-21146\" srcset=\"https:\/\/insideamateurfussball-ffm.de\/wp-content\/uploads\/2024\/09\/bosn5.jpg 945w, https:\/\/insideamateurfussball-ffm.de\/wp-content\/uploads\/2024\/09\/bosn5-300x205.jpg 300w, https:\/\/insideamateurfussball-ffm.de\/wp-content\/uploads\/2024\/09\/bosn5-768x525.jpg 768w\" sizes=\"auto, (max-width: 945px) 100vw, 945px\" \/><\/figure>\n\n\n\n<figure class=\"wp-block-image size-full\"><img loading=\"lazy\" decoding=\"async\" width=\"945\" height=\"675\" src=\"http:\/\/insideamateurfussball-ffm.de\/wp-content\/uploads\/2024\/09\/bosn6.jpg\" alt=\"\" class=\"wp-image-21147\" srcset=\"https:\/\/insideamateurfussball-ffm.de\/wp-content\/uploads\/2024\/09\/bosn6.jpg 945w, https:\/\/insideamateurfussball-ffm.de\/wp-content\/uploads\/2024\/09\/bosn6-300x214.jpg 300w, https:\/\/insideamateurfussball-ffm.de\/wp-content\/uploads\/2024\/09\/bosn6-768x549.jpg 768w\" sizes=\"auto, (max-width: 945px) 100vw, 945px\" \/><\/figure>\n\n\n\n<figure class=\"wp-block-image size-full\"><img loading=\"lazy\" decoding=\"async\" width=\"945\" height=\"635\" src=\"http:\/\/insideamateurfussball-ffm.de\/wp-content\/uploads\/2024\/09\/bosn8.jpg\" alt=\"\" class=\"wp-image-21149\" srcset=\"https:\/\/insideamateurfussball-ffm.de\/wp-content\/uploads\/2024\/09\/bosn8.jpg 945w, https:\/\/insideamateurfussball-ffm.de\/wp-content\/uploads\/2024\/09\/bosn8-300x202.jpg 300w, https:\/\/insideamateurfussball-ffm.de\/wp-content\/uploads\/2024\/09\/bosn8-768x516.jpg 768w\" sizes=\"auto, (max-width: 945px) 100vw, 945px\" \/><\/figure>\n\n\n\n<figure class=\"wp-block-image size-full\"><img loading=\"lazy\" decoding=\"async\" width=\"945\" height=\"666\" src=\"http:\/\/insideamateurfussball-ffm.de\/wp-content\/uploads\/2024\/09\/bosn9.jpg\" alt=\"\" class=\"wp-image-21150\" srcset=\"https:\/\/insideamateurfussball-ffm.de\/wp-content\/uploads\/2024\/09\/bosn9.jpg 945w, https:\/\/insideamateurfussball-ffm.de\/wp-content\/uploads\/2024\/09\/bosn9-300x211.jpg 300w, https:\/\/insideamateurfussball-ffm.de\/wp-content\/uploads\/2024\/09\/bosn9-768x541.jpg 768w\" sizes=\"auto, (max-width: 945px) 100vw, 945px\" \/><\/figure>\n\n\n\n<figure class=\"wp-block-image size-full\"><img loading=\"lazy\" decoding=\"async\" width=\"945\" height=\"663\" src=\"http:\/\/insideamateurfussball-ffm.de\/wp-content\/uploads\/2024\/09\/bosn10.jpg\" alt=\"\" class=\"wp-image-21151\" srcset=\"https:\/\/insideamateurfussball-ffm.de\/wp-content\/uploads\/2024\/09\/bosn10.jpg 945w, https:\/\/insideamateurfussball-ffm.de\/wp-content\/uploads\/2024\/09\/bosn10-300x210.jpg 300w, https:\/\/insideamateurfussball-ffm.de\/wp-content\/uploads\/2024\/09\/bosn10-768x539.jpg 768w\" sizes=\"auto, (max-width: 945px) 100vw, 945px\" \/><\/figure>\n\n\n\n<figure class=\"wp-block-image size-full\"><img loading=\"lazy\" decoding=\"async\" width=\"945\" height=\"669\" src=\"http:\/\/insideamateurfussball-ffm.de\/wp-content\/uploads\/2024\/09\/bosn11.jpg\" alt=\"\" class=\"wp-image-21152\" srcset=\"https:\/\/insideamateurfussball-ffm.de\/wp-content\/uploads\/2024\/09\/bosn11.jpg 945w, https:\/\/insideamateurfussball-ffm.de\/wp-content\/uploads\/2024\/09\/bosn11-300x212.jpg 300w, https:\/\/insideamateurfussball-ffm.de\/wp-content\/uploads\/2024\/09\/bosn11-768x544.jpg 768w\" sizes=\"auto, (max-width: 945px) 100vw, 945px\" \/><\/figure>\n","protected":false},"excerpt":{"rendered":"<p>Die Fechenheimer konnten mit einem 4:1 beim SV Bosnien\/Herzegowina ihren dritten Sieg in Folge feiern, w\u00e4hrend die Bosnier ihre dritte Niederlage in Folge einstecken mussten und auf Platz 11 abrutschten. SV Bosnien\/Herzegowina &#8211; Spvgg. 03 Fechenheim 1:4 (1:1) Auch das Spiel gegen die Spvgg. 03 Fechenheim konnte der SV Bosnien\/Herzegowina nicht zum Umschwung nutzen. Dabei [&hellip;]<\/p>\n","protected":false},"author":3,"featured_media":21153,"comment_status":"closed","ping_status":"open","sticky":true,"template":"","format":"standard","meta":{"footnotes":""},"categories":[13],"tags":[],"class_list":["post-21140","post","type-post","status-publish","format-standard","has-post-thumbnail","hentry","category-gruppenliga-frankfurt-west"],"_links":{"self":[{"href":"https:\/\/insideamateurfussball-ffm.de\/index.php?rest_route=\/wp\/v2\/posts\/21140","targetHints":{"allow":["GET"]}}],"collection":[{"href":"https:\/\/insideamateurfussball-ffm.de\/index.php?rest_route=\/wp\/v2\/posts"}],"about":[{"href":"https:\/\/insideamateurfussball-ffm.de\/index.php?rest_route=\/wp\/v2\/types\/post"}],"author":[{"embeddable":true,"href":"https:\/\/insideamateurfussball-ffm.de\/index.php?rest_route=\/wp\/v2\/users\/3"}],"replies":[{"embeddable":true,"href":"https:\/\/insideamateurfussball-ffm.de\/index.php?rest_route=%2Fwp%2Fv2%2Fcomments&post=21140"}],"version-history":[{"count":3,"href":"https:\/\/insideamateurfussball-ffm.de\/index.php?rest_route=\/wp\/v2\/posts\/21140\/revisions"}],"predecessor-version":[{"id":21156,"href":"https:\/\/insideamateurfussball-ffm.de\/index.php?rest_route=\/wp\/v2\/posts\/21140\/revisions\/21156"}],"wp:featuredmedia":[{"embeddable":true,"href":"https:\/\/insideamateurfussball-ffm.de\/index.php?rest_route=\/wp\/v2\/media\/21153"}],"wp:attachment":[{"href":"https:\/\/insideamateurfussball-ffm.de\/index.php?rest_route=%2Fwp%2Fv2%2Fmedia&parent=21140"}],"wp:term":[{"taxonomy":"category","embeddable":true,"href":"https:\/\/insideamateurfussball-ffm.de\/index.php?rest_route=%2Fwp%2Fv2%2Fcategories&post=21140"},{"taxonomy":"post_tag","embeddable":true,"href":"https:\/\/insideamateurfussball-ffm.de\/index.php?rest_route=%2Fwp%2Fv2%2Ftags&post=21140"}],"curies":[{"name":"wp","href":"https:\/\/api.w.org\/{rel}","templated":true}]}}