{"id":21135,"date":"2024-09-23T10:25:00","date_gmt":"2024-09-23T08:25:00","guid":{"rendered":"https:\/\/insideamateurfussball-ffm.de\/?p=21135"},"modified":"2024-09-23T15:44:41","modified_gmt":"2024-09-23T13:44:41","slug":"zeilsheim-mit-zweitem-kantersieg-in-folge","status":"publish","type":"post","link":"https:\/\/insideamateurfussball-ffm.de\/?p=21135","title":{"rendered":"Zeilsheim mit zweitem Kantersieg in Folge"},"content":{"rendered":"<h3>Mit dem zweiten Kantersieg in Folge baute der SV Zeilsheim in der Verbandsliga Mitte die Tabellenf\u00fchrung aus. Dem 8:2 vor einer Woche gegen den FC Burgsolms folgte ein fulminanter 6:0-Ausw\u00e4rtssieg beim Tabellen-14. FV Breidenbach.<\/h3>\n<figure id=\"attachment_21136\" aria-describedby=\"caption-attachment-21136\" style=\"width: 843px\" class=\"wp-caption alignnone\"><img loading=\"lazy\" decoding=\"async\" class=\"wp-image-21136 size-full\" src=\"http:\/\/insideamateurfussball-ffm.de\/wp-content\/uploads\/2024\/09\/8-Dorian-Miric-koepft-das-2-0-fuer-seinen-SV.jpg\" alt=\"\" width=\"843\" height=\"696\" srcset=\"https:\/\/insideamateurfussball-ffm.de\/wp-content\/uploads\/2024\/09\/8-Dorian-Miric-koepft-das-2-0-fuer-seinen-SV.jpg 843w, https:\/\/insideamateurfussball-ffm.de\/wp-content\/uploads\/2024\/09\/8-Dorian-Miric-koepft-das-2-0-fuer-seinen-SV-300x248.jpg 300w, https:\/\/insideamateurfussball-ffm.de\/wp-content\/uploads\/2024\/09\/8-Dorian-Miric-koepft-das-2-0-fuer-seinen-SV-768x634.jpg 768w\" sizes=\"auto, (max-width: 843px) 100vw, 843px\" \/><figcaption id=\"caption-attachment-21136\" class=\"wp-caption-text\">Zeilsheims Dorian Miric k\u00f6pfte das 2:0. Foto: Peter Strauch.\u00a0\u00a0<\/figcaption><\/figure>\n<h3>FV Breidenbach &#8211; SV Zeilsheim 0:6 (0:3)<\/h3>\n<p><img loading=\"lazy\" decoding=\"async\" class=\"alignnone size-full wp-image-2308\" src=\"http:\/\/insideamateurfussball-ffm.de\/wp-content\/uploads\/2022\/08\/Breid.jpg\" alt=\"\" width=\"80\" height=\"80\" \/><img loading=\"lazy\" decoding=\"async\" class=\"alignnone size-full wp-image-1153\" src=\"http:\/\/insideamateurfussball-ffm.de\/wp-content\/uploads\/2022\/07\/SVZe.jpg\" alt=\"\" width=\"68\" height=\"80\" \/><\/p>\n<p>Am Freitag wartet das Heimspiel gegen den \u00fcberraschend stark gestarteten FV Biebrich, doch zuvor war beim FV Breidenbach eine Ausw\u00e4rtsh\u00fcrde zu nehmen. Das hat der SV Zeilsheim mit \u00fcberraschender Leichtigkeit geschafft. Am Ende stand bei \u00fcberforderten Gastgebern ein 6:0-Ausw\u00e4rtssieg. Bereits nach knapp 20 Minuten schien der Sieg perfekt &#8211; da hatten die Zeilsheimer bereits auf 3:0 gestellt. Zun\u00e4chst setzte sich Dorian Miric im Strafraum durch und vollstreckte aus Nahdistanz (8.), dann k\u00f6pfte er nach Flanke von Luftrim Kodraliu freistehend am langen Pfosten ein (14.), ehe Samed G\u00fcrsoy Jonatan Tesfaldet am Sechzehner bediente und dieser \u00fcberlegt ins Eck abschloss (18.).<\/p>\n<p>&#8222;Da war schon absehbar, dass wir gewinnen. Breidenbach war heute nicht Verbandsligatauglich&#8220;, befand Zeilsheims Vorsitzender Peter Strauch.<\/p>\n<h3><span style=\"text-decoration: underline;\">Gegner hilft bei G\u00fcrsoys 4:0 nach<\/span><\/h3>\n<p>Wermutstropfen war die verletzungsbedingte Auswechslung von Silas Gerstberger, der mit einer blutenden Wunde am Kopf nach einem Luftduell raus musste. In der Folgezeit stellten die \u201eGr\u00fcnen\u201c allerdings das Fu\u00dfballspielen ein und SV-Keeper Ben K\u00e4uper, musste bei einem Kopfball von FV-St\u00fcrmer Felix Baum alles reinhauen, um den Anschlu\u00dftreffer zu verhindern (45+2).\u00a0 Als kurz nach der Pause der Gegner noch bei der Entstehung von G\u00fcrsoys 4:0 mithalf, war alles klar.<\/p>\n<p>Kodraliu nach Vorlage von Dominik Ortega Tapia und der eingewechselte Patryk Kuras eine Viertelstunde vor dem Ende machten den hohen Ausw\u00e4rtssieg klar. 36 Tore hat Zeilsheim in dieser Saison bereits erzielt &#8211; vor allem die Offensive der &#8222;Gr\u00fcnen&#8220; l\u00e4uft in dieser Runde wie ein gut ge\u00f6lter Motor. Nun wartet am Freitagabend das Flutlichtspiel gegen den FV Biebrich. \u201eTabellenf\u00fchrer gegen den Dritten, dazu die \u00f6rtliche N\u00e4he, was schon auf einige Zuschauer hoffen l\u00e4sst&#8220;, sagt Strauch.<\/p>\n<h3><span style=\"text-decoration: underline;\">Schiedsrichter: Wissam Awada (CSC 03 Kassel). Tore: 0:1, 0:2 Dorian Miric (8.\/14.), 0:3 Jonatan Tesfaldet (18.), 0:4 Abdusammed G\u00fcrsoy (49.), 0:5 Luftim Kodraliu (58.), 0:6 Patryk Kuras (74.).<\/span><\/h3>\n","protected":false},"excerpt":{"rendered":"<p>Mit dem zweiten Kantersieg in Folge baute der SV Zeilsheim in der Verbandsliga Mitte die Tabellenf\u00fchrung aus. Dem 8:2 vor einer Woche gegen den FC Burgsolms folgte ein fulminanter 6:0-Ausw\u00e4rtssieg beim Tabellen-14. FV Breidenbach. FV Breidenbach &#8211; SV Zeilsheim 0:6 (0:3) Am Freitag wartet das Heimspiel gegen den \u00fcberraschend stark gestarteten FV Biebrich, doch zuvor [&hellip;]<\/p>\n","protected":false},"author":1,"featured_media":21136,"comment_status":"closed","ping_status":"closed","sticky":true,"template":"","format":"standard","meta":{"footnotes":""},"categories":[32],"tags":[],"class_list":["post-21135","post","type-post","status-publish","format-standard","has-post-thumbnail","hentry","category-verbandsliga-mitte"],"_links":{"self":[{"href":"https:\/\/insideamateurfussball-ffm.de\/index.php?rest_route=\/wp\/v2\/posts\/21135","targetHints":{"allow":["GET"]}}],"collection":[{"href":"https:\/\/insideamateurfussball-ffm.de\/index.php?rest_route=\/wp\/v2\/posts"}],"about":[{"href":"https:\/\/insideamateurfussball-ffm.de\/index.php?rest_route=\/wp\/v2\/types\/post"}],"author":[{"embeddable":true,"href":"https:\/\/insideamateurfussball-ffm.de\/index.php?rest_route=\/wp\/v2\/users\/1"}],"replies":[{"embeddable":true,"href":"https:\/\/insideamateurfussball-ffm.de\/index.php?rest_route=%2Fwp%2Fv2%2Fcomments&post=21135"}],"version-history":[{"count":1,"href":"https:\/\/insideamateurfussball-ffm.de\/index.php?rest_route=\/wp\/v2\/posts\/21135\/revisions"}],"predecessor-version":[{"id":21137,"href":"https:\/\/insideamateurfussball-ffm.de\/index.php?rest_route=\/wp\/v2\/posts\/21135\/revisions\/21137"}],"wp:featuredmedia":[{"embeddable":true,"href":"https:\/\/insideamateurfussball-ffm.de\/index.php?rest_route=\/wp\/v2\/media\/21136"}],"wp:attachment":[{"href":"https:\/\/insideamateurfussball-ffm.de\/index.php?rest_route=%2Fwp%2Fv2%2Fmedia&parent=21135"}],"wp:term":[{"taxonomy":"category","embeddable":true,"href":"https:\/\/insideamateurfussball-ffm.de\/index.php?rest_route=%2Fwp%2Fv2%2Fcategories&post=21135"},{"taxonomy":"post_tag","embeddable":true,"href":"https:\/\/insideamateurfussball-ffm.de\/index.php?rest_route=%2Fwp%2Fv2%2Ftags&post=21135"}],"curies":[{"name":"wp","href":"https:\/\/api.w.org\/{rel}","templated":true}]}}