{"id":21129,"date":"2024-09-23T14:52:03","date_gmt":"2024-09-23T12:52:03","guid":{"rendered":"https:\/\/insideamateurfussball-ffm.de\/?p=21129"},"modified":"2024-09-23T15:10:46","modified_gmt":"2024-09-23T13:10:46","slug":"oberrad-musste-sich-zum-ersten-mal-geschlagen-geben","status":"publish","type":"post","link":"https:\/\/insideamateurfussball-ffm.de\/?p=21129","title":{"rendered":"Oberrad musste sich zum ersten Mal geschlagen geben"},"content":{"rendered":"<h4>Im Spitzenspiel beim FC Karben erlitt die Spvgg. 05 Oberrad beim 1:2 zum ersten Mal in dieser Saison eine Niederlage, mit spielentscheidend war auch eine Rote Karte gegen Timo Becker in der 18.Minute.<\/h4>\n<figure id=\"attachment_20449\" aria-describedby=\"caption-attachment-20449\" style=\"width: 1008px\" class=\"wp-caption alignnone\"><img loading=\"lazy\" decoding=\"async\" class=\"wp-image-20449 size-full\" src=\"http:\/\/insideamateurfussball-ffm.de\/wp-content\/uploads\/2024\/08\/sp5-3.jpg\" alt=\"\" width=\"1008\" height=\"692\" srcset=\"https:\/\/insideamateurfussball-ffm.de\/wp-content\/uploads\/2024\/08\/sp5-3.jpg 1008w, https:\/\/insideamateurfussball-ffm.de\/wp-content\/uploads\/2024\/08\/sp5-3-300x206.jpg 300w, https:\/\/insideamateurfussball-ffm.de\/wp-content\/uploads\/2024\/08\/sp5-3-768x527.jpg 768w\" sizes=\"auto, (max-width: 1008px) 100vw, 1008px\" \/><figcaption id=\"caption-attachment-20449\" class=\"wp-caption-text\">Die Spvgg. 05 Oberrad erlitt seine ihre Niederlage im Top-Spiel. Foto: Archiv Mithat G\u00fcrser<\/figcaption><\/figure>\n<h4>FC Karben &#8211; Spvgg. 05 Oberrad 2:1 (2:1)<\/h4>\n<p><img loading=\"lazy\" decoding=\"async\" class=\"alignnone size-full wp-image-2525\" src=\"http:\/\/insideamateurfussball-ffm.de\/wp-content\/uploads\/2022\/09\/karben.jpg\" alt=\"\" width=\"65\" height=\"80\" \/><img loading=\"lazy\" decoding=\"async\" class=\"alignnone size-full wp-image-137\" src=\"http:\/\/insideamateurfussball-ffm.de\/wp-content\/uploads\/2022\/05\/Oberrad05.jpg\" alt=\"\" width=\"79\" height=\"80\" \/><\/p>\n<p>Im Top-Duell des Spieltags empfing der FC Karben die neben dem FC Kalbach noch einzige ungeschlagene Mannschaft, die Spvgg. 05 Oberrad. Und die Oberr\u00e4der gingen bereits nach 16 Minuten in F\u00fchrung durch einen Distanzschuss von Milan Matijevic. Nur zwei Minuten sp\u00e4ter dann die Szene, die das Spiel nachhaltig beeinflusste, die Szene aus Sicht von Trainer Gabriel Bernstein: \u201ewir schlagen hinten einen langen Ball raus, Timo Becker kommt an den Ball und verl\u00e4ngert ihn in den Lauf von Stanislav Druga, der alleine Richtung Tor l\u00e4uft. Ein Karbener Spieler l\u00e4uft in Timo Becker rein, nachdem dieser den Ball gespielt hat, und wird von Becker getroffen, keiner beschwert sich und der Schiedsrichter pfeift ab und gibt Becker die rote Karte.\u201c<\/p>\n<p>In \u00dcberzahl erzielt Karben dann in der 25.Minute den Ausgleich, Veljko Vlajic verl\u00e4ngerte den Ball mit der Hacke zum 1:1, ehe Florian Kurtz die Gastgeber dann in der 39.Minute in F\u00fchrung brachte, als Adrian Chao Alvarez angeschlagen auf dem Boden lag. Nach Aussagen von Trainer Gabriel Bernstein wird es vom Schiedsrichter auch einen Sonderbericht zum Spiel geben, da ein Zuschauer in der ersten Halbzeit auf das Spielfeld gelaufen ist und \u201eeinen Oberr\u00e4der Spieler angegriffen\u201c haben soll, der bei einem Disput schlichten wollte.<\/p>\n<p>In der zweiten Halbzeit hielt Oberrad in unterzahl dagegen, Karben hatte zwar mehr Ballbesitz, kam durch einen Pfostenschuss und einen Distanzschuss, den Torwart Paul Harbrecht abwehren konnte, aber nur noch zu zwei Chancen. Auch die G\u00e4ste aus Oberrad hatten noch Chancen zum Ausgleich, aber es blieb beim 2:1 f\u00fcr Karben und damit der ersten Niederlage f\u00fcr Oberrad in dieser Saison.<\/p>\n<p>F\u00fcr Oberrad geht es in der Woche mit dem Kreispokal weiter, man muss zur SG Westend, die in der Kreisliga A die Tabelle nach 9 Spielen souver\u00e4n mit 27 Punkten und einem Torverh\u00e4ltnis von 53:5 anf\u00fchrt. Danach geht es in der Liga am Sonntag zum FV Stierstadt.<\/p>\n<h4>Schiedsrichter: Luca Perna (FC Dietzenbach). Zuschauer: 150.<\/h4>\n<h4>Tore: 0:1 Milan Matijevic (16.), 1:1 Veljko Vlajic (25.), 2:1 Florian Kurtz (39.)<\/h4>\n","protected":false},"excerpt":{"rendered":"<p>Im Spitzenspiel beim FC Karben erlitt die Spvgg. 05 Oberrad beim 1:2 zum ersten Mal in dieser Saison eine Niederlage, mit spielentscheidend war auch eine Rote Karte gegen Timo Becker in der 18.Minute. FC Karben &#8211; Spvgg. 05 Oberrad 2:1 (2:1) Im Top-Duell des Spieltags empfing der FC Karben die neben dem FC Kalbach noch [&hellip;]<\/p>\n","protected":false},"author":3,"featured_media":20449,"comment_status":"closed","ping_status":"open","sticky":true,"template":"","format":"standard","meta":{"footnotes":""},"categories":[13],"tags":[],"class_list":["post-21129","post","type-post","status-publish","format-standard","has-post-thumbnail","hentry","category-gruppenliga-frankfurt-west"],"_links":{"self":[{"href":"https:\/\/insideamateurfussball-ffm.de\/index.php?rest_route=\/wp\/v2\/posts\/21129","targetHints":{"allow":["GET"]}}],"collection":[{"href":"https:\/\/insideamateurfussball-ffm.de\/index.php?rest_route=\/wp\/v2\/posts"}],"about":[{"href":"https:\/\/insideamateurfussball-ffm.de\/index.php?rest_route=\/wp\/v2\/types\/post"}],"author":[{"embeddable":true,"href":"https:\/\/insideamateurfussball-ffm.de\/index.php?rest_route=\/wp\/v2\/users\/3"}],"replies":[{"embeddable":true,"href":"https:\/\/insideamateurfussball-ffm.de\/index.php?rest_route=%2Fwp%2Fv2%2Fcomments&post=21129"}],"version-history":[{"count":4,"href":"https:\/\/insideamateurfussball-ffm.de\/index.php?rest_route=\/wp\/v2\/posts\/21129\/revisions"}],"predecessor-version":[{"id":21134,"href":"https:\/\/insideamateurfussball-ffm.de\/index.php?rest_route=\/wp\/v2\/posts\/21129\/revisions\/21134"}],"wp:featuredmedia":[{"embeddable":true,"href":"https:\/\/insideamateurfussball-ffm.de\/index.php?rest_route=\/wp\/v2\/media\/20449"}],"wp:attachment":[{"href":"https:\/\/insideamateurfussball-ffm.de\/index.php?rest_route=%2Fwp%2Fv2%2Fmedia&parent=21129"}],"wp:term":[{"taxonomy":"category","embeddable":true,"href":"https:\/\/insideamateurfussball-ffm.de\/index.php?rest_route=%2Fwp%2Fv2%2Fcategories&post=21129"},{"taxonomy":"post_tag","embeddable":true,"href":"https:\/\/insideamateurfussball-ffm.de\/index.php?rest_route=%2Fwp%2Fv2%2Ftags&post=21129"}],"curies":[{"name":"wp","href":"https:\/\/api.w.org\/{rel}","templated":true}]}}