{"id":21113,"date":"2024-09-23T11:53:04","date_gmt":"2024-09-23T09:53:04","guid":{"rendered":"https:\/\/insideamateurfussball-ffm.de\/?p=21113"},"modified":"2024-09-23T11:53:04","modified_gmt":"2024-09-23T09:53:04","slug":"tuerkguecue-mit-wichtigem-auswaertssieg","status":"publish","type":"post","link":"https:\/\/insideamateurfussball-ffm.de\/?p=21113","title":{"rendered":"T\u00fcrkg\u00fcc\u00fc mit wichtigem Ausw\u00e4rtssieg"},"content":{"rendered":"<h4>Im Aufsteigerduell bei der Spvgg. 05\/99 Bomber Bad Homburg konnte sich T\u00fcrkg\u00fcc\u00fc Frankfurt mit 3:1 durchsetzen und sich mit dem dritten Saisonsieg vom Tabellenende l\u00f6sen, Aleksandar Sasa Matovic schoss die beiden entscheidenden Tore.<\/h4>\n<figure id=\"attachment_21114\" aria-describedby=\"caption-attachment-21114\" style=\"width: 1500px\" class=\"wp-caption alignnone\"><img loading=\"lazy\" decoding=\"async\" class=\"wp-image-21114 size-full\" src=\"http:\/\/insideamateurfussball-ffm.de\/wp-content\/uploads\/2024\/09\/bomber-tuerkguecue01.jpg\" alt=\"\" width=\"1500\" height=\"2000\" srcset=\"https:\/\/insideamateurfussball-ffm.de\/wp-content\/uploads\/2024\/09\/bomber-tuerkguecue01.jpg 1500w, https:\/\/insideamateurfussball-ffm.de\/wp-content\/uploads\/2024\/09\/bomber-tuerkguecue01-225x300.jpg 225w, https:\/\/insideamateurfussball-ffm.de\/wp-content\/uploads\/2024\/09\/bomber-tuerkguecue01-768x1024.jpg 768w, https:\/\/insideamateurfussball-ffm.de\/wp-content\/uploads\/2024\/09\/bomber-tuerkguecue01-1152x1536.jpg 1152w\" sizes=\"auto, (max-width: 1500px) 100vw, 1500px\" \/><figcaption id=\"caption-attachment-21114\" class=\"wp-caption-text\">Aleksandar Sasa Matovic schoss mit seinen beiden Toren T\u00fcrkg\u00fcc\u00fc zum Ausw\u00e4rtssieg. Foto: T\u00fcrkg\u00fcc\u00fc<\/figcaption><\/figure>\n<h4>Spvgg. 05\/99 Bomber Bad Homburg &#8211; T\u00fcrkg\u00fcc\u00fc Frankfurt 1:3 (1:1)<\/h4>\n<p><img loading=\"lazy\" decoding=\"async\" class=\"alignnone size-full wp-image-1287\" src=\"http:\/\/insideamateurfussball-ffm.de\/wp-content\/uploads\/2022\/07\/HeaderLogoSpvgg1-80x80-1.png\" alt=\"\" width=\"80\" height=\"80\" \/><img loading=\"lazy\" decoding=\"async\" class=\"alignnone size-full wp-image-17\" src=\"http:\/\/insideamateurfussball-ffm.de\/wp-content\/uploads\/2021\/11\/Tuerkguecue.jpg\" alt=\"\" width=\"72\" height=\"80\" \/><\/p>\n<p>T\u00fcrkg\u00fcc\u00fc Frankfurt ist ausw\u00e4rts derzeit st\u00e4rker als zu Hause, im dritten Ausw\u00e4rtsspiel konnte bereits der zweite Sieg eingefahren werden, diesmal behaupteten sich die Frankfurter auf dem kleinen Platz beim anderen Aufsteiger, der Spvgg. 05\/99 Bad Homburg, sp\u00e4t mit 3:1. In den ersten 10 Minuten hatten die Gastgeber aus Bad Homburg leichte Feldvorteile, ehe T\u00fcrkg\u00fcc\u00fc besser ins Spiel kam. Die Dominanz auf dem Spielfeld machte sich dann in der 28.Minute bezahlt, als Tayfun G\u00fcrsoy f\u00fcr die G\u00e4ste das 1:0 erzielen konnte. Doch Bad Homburg schlug in der 35.Minute zur\u00fcck, als sie die G\u00e4ste ausspielten und durch El Mard Zouhir in der 35.Minute zum Ausgleich kamen. Bis zur Pause lie\u00df T\u00fcrkg\u00fcc\u00fc noch klare Chancen ungenutzt und vergab die M\u00f6glichkeit zu erneuter F\u00fchrung.<\/p>\n<p>In der zweiten Halbzeit geh\u00f6rten die ersten 10 Minuten wiederum dem Gastgeber, die zwei gute Chancen vergaben, danach kontrollierte T\u00fcrkg\u00fcc\u00fc wieder das Spiel und erarbeitete sich reihenweise Torchancen, es dauerte allerdings bis zur 72.Minute, ehe Aleksandar Sasa Matovic das 2:1 erzielen konnte. Erneut Matovic setzte dann in der 4.Minute der Nachspielzeit den Schlusspunkt zum 3:1-Sieg. T\u00fcrkg\u00fcc\u00fcs Vorstandsmitglied Duran G\u00fcng\u00f6r meinte: \u201ees war ein verdienter Sieg, wir sind froh, dieses wichtige Spiel gewonnen zu haben.\u201c<\/p>\n<p>Weiter geht es am Mittwoch mit dem Kreispokalspiel beim VfL Germania 94, der derzeit in der Kreisoberliga den dritten Platz belegt. Am kommenden Wochenende besteht dann in der Gruppenliga die Chance, die Heimbilanz aufzubessern, der alte Trainer Mehmet Tunay Somun, der kurz vor Transferschluss noch drei Spieler von T\u00fcrkg\u00fcc\u00fc abgeworben hatte, kommt mit dem T\u00fcrkischen SV Bad Nauheim nach Frankfurt.<\/p>\n<h4>Schiedsrichter: Maximilian Martin (VfB Ginsheim). Zuschauer: 80.<\/h4>\n<h4>Tore: 0:1 Tayfun G\u00fcrsoy (28.), 1:1 El Mard Zouhir (35.), 1:2 Aleksandar Sasa Matovic (72.), 1:3 Aleksandar Sasa Matovic (90.+4)<\/h4>\n<blockquote>\n<h4>Die Bilder stellte uns T\u00fcrkg\u00fcc\u00fc zur Verf\u00fcgung.<\/h4>\n<\/blockquote>\n\n\n<figure class=\"wp-block-image size-large\"><img loading=\"lazy\" decoding=\"async\" width=\"1024\" height=\"577\" src=\"http:\/\/insideamateurfussball-ffm.de\/wp-content\/uploads\/2024\/09\/bomber-tuerkguecue02-1024x577.jpg\" alt=\"\" class=\"wp-image-21115\" srcset=\"https:\/\/insideamateurfussball-ffm.de\/wp-content\/uploads\/2024\/09\/bomber-tuerkguecue02-1024x577.jpg 1024w, https:\/\/insideamateurfussball-ffm.de\/wp-content\/uploads\/2024\/09\/bomber-tuerkguecue02-300x169.jpg 300w, https:\/\/insideamateurfussball-ffm.de\/wp-content\/uploads\/2024\/09\/bomber-tuerkguecue02-768x432.jpg 768w, https:\/\/insideamateurfussball-ffm.de\/wp-content\/uploads\/2024\/09\/bomber-tuerkguecue02-1536x865.jpg 1536w, https:\/\/insideamateurfussball-ffm.de\/wp-content\/uploads\/2024\/09\/bomber-tuerkguecue02.jpg 2000w\" sizes=\"auto, (max-width: 1024px) 100vw, 1024px\" \/><\/figure>\n\n\n\n<figure class=\"wp-block-image size-large\"><img loading=\"lazy\" decoding=\"async\" width=\"768\" height=\"1024\" src=\"http:\/\/insideamateurfussball-ffm.de\/wp-content\/uploads\/2024\/09\/bomber-tuerkguecue05-768x1024.jpg\" alt=\"\" class=\"wp-image-21116\" srcset=\"https:\/\/insideamateurfussball-ffm.de\/wp-content\/uploads\/2024\/09\/bomber-tuerkguecue05-768x1024.jpg 768w, https:\/\/insideamateurfussball-ffm.de\/wp-content\/uploads\/2024\/09\/bomber-tuerkguecue05-225x300.jpg 225w, https:\/\/insideamateurfussball-ffm.de\/wp-content\/uploads\/2024\/09\/bomber-tuerkguecue05-1152x1536.jpg 1152w, https:\/\/insideamateurfussball-ffm.de\/wp-content\/uploads\/2024\/09\/bomber-tuerkguecue05.jpg 1500w\" sizes=\"auto, (max-width: 768px) 100vw, 768px\" \/><\/figure>\n\n\n\n<figure class=\"wp-block-image size-large\"><img loading=\"lazy\" decoding=\"async\" width=\"1024\" height=\"768\" src=\"http:\/\/insideamateurfussball-ffm.de\/wp-content\/uploads\/2024\/09\/bomber-tuerkguecue06-1024x768.jpg\" alt=\"\" class=\"wp-image-21117\" srcset=\"https:\/\/insideamateurfussball-ffm.de\/wp-content\/uploads\/2024\/09\/bomber-tuerkguecue06-1024x768.jpg 1024w, https:\/\/insideamateurfussball-ffm.de\/wp-content\/uploads\/2024\/09\/bomber-tuerkguecue06-300x225.jpg 300w, https:\/\/insideamateurfussball-ffm.de\/wp-content\/uploads\/2024\/09\/bomber-tuerkguecue06-768x576.jpg 768w, https:\/\/insideamateurfussball-ffm.de\/wp-content\/uploads\/2024\/09\/bomber-tuerkguecue06-1536x1152.jpg 1536w, https:\/\/insideamateurfussball-ffm.de\/wp-content\/uploads\/2024\/09\/bomber-tuerkguecue06.jpg 2000w\" sizes=\"auto, (max-width: 1024px) 100vw, 1024px\" \/><\/figure>\n\n\n\n<figure class=\"wp-block-image size-large\"><img loading=\"lazy\" decoding=\"async\" width=\"1024\" height=\"768\" src=\"http:\/\/insideamateurfussball-ffm.de\/wp-content\/uploads\/2024\/09\/bomber-tuerkguecue08-1024x768.jpg\" alt=\"\" class=\"wp-image-21118\" srcset=\"https:\/\/insideamateurfussball-ffm.de\/wp-content\/uploads\/2024\/09\/bomber-tuerkguecue08-1024x768.jpg 1024w, https:\/\/insideamateurfussball-ffm.de\/wp-content\/uploads\/2024\/09\/bomber-tuerkguecue08-300x225.jpg 300w, https:\/\/insideamateurfussball-ffm.de\/wp-content\/uploads\/2024\/09\/bomber-tuerkguecue08-768x576.jpg 768w, https:\/\/insideamateurfussball-ffm.de\/wp-content\/uploads\/2024\/09\/bomber-tuerkguecue08-1536x1152.jpg 1536w, https:\/\/insideamateurfussball-ffm.de\/wp-content\/uploads\/2024\/09\/bomber-tuerkguecue08.jpg 2000w\" sizes=\"auto, (max-width: 1024px) 100vw, 1024px\" \/><\/figure>\n\n\n\n<figure class=\"wp-block-image size-large\"><img loading=\"lazy\" decoding=\"async\" width=\"1024\" height=\"768\" src=\"http:\/\/insideamateurfussball-ffm.de\/wp-content\/uploads\/2024\/09\/bomber-tuerkguecue09-1024x768.jpg\" alt=\"\" class=\"wp-image-21119\" srcset=\"https:\/\/insideamateurfussball-ffm.de\/wp-content\/uploads\/2024\/09\/bomber-tuerkguecue09-1024x768.jpg 1024w, https:\/\/insideamateurfussball-ffm.de\/wp-content\/uploads\/2024\/09\/bomber-tuerkguecue09-300x225.jpg 300w, https:\/\/insideamateurfussball-ffm.de\/wp-content\/uploads\/2024\/09\/bomber-tuerkguecue09-768x576.jpg 768w, https:\/\/insideamateurfussball-ffm.de\/wp-content\/uploads\/2024\/09\/bomber-tuerkguecue09-1536x1152.jpg 1536w, https:\/\/insideamateurfussball-ffm.de\/wp-content\/uploads\/2024\/09\/bomber-tuerkguecue09.jpg 2000w\" sizes=\"auto, (max-width: 1024px) 100vw, 1024px\" \/><\/figure>\n\n\n\n<figure class=\"wp-block-image size-large\"><img loading=\"lazy\" decoding=\"async\" width=\"1024\" height=\"768\" src=\"http:\/\/insideamateurfussball-ffm.de\/wp-content\/uploads\/2024\/09\/bomber-tuerkguecue10-1024x768.jpg\" alt=\"\" class=\"wp-image-21120\" srcset=\"https:\/\/insideamateurfussball-ffm.de\/wp-content\/uploads\/2024\/09\/bomber-tuerkguecue10-1024x768.jpg 1024w, https:\/\/insideamateurfussball-ffm.de\/wp-content\/uploads\/2024\/09\/bomber-tuerkguecue10-300x225.jpg 300w, https:\/\/insideamateurfussball-ffm.de\/wp-content\/uploads\/2024\/09\/bomber-tuerkguecue10-768x576.jpg 768w, https:\/\/insideamateurfussball-ffm.de\/wp-content\/uploads\/2024\/09\/bomber-tuerkguecue10-1536x1152.jpg 1536w, https:\/\/insideamateurfussball-ffm.de\/wp-content\/uploads\/2024\/09\/bomber-tuerkguecue10.jpg 2000w\" sizes=\"auto, (max-width: 1024px) 100vw, 1024px\" \/><\/figure>\n\n\n\n<figure class=\"wp-block-image size-large\"><img loading=\"lazy\" decoding=\"async\" width=\"1024\" height=\"768\" src=\"http:\/\/insideamateurfussball-ffm.de\/wp-content\/uploads\/2024\/09\/bomber-tuerkguecue13-1024x768.jpg\" alt=\"\" class=\"wp-image-21121\" srcset=\"https:\/\/insideamateurfussball-ffm.de\/wp-content\/uploads\/2024\/09\/bomber-tuerkguecue13-1024x768.jpg 1024w, https:\/\/insideamateurfussball-ffm.de\/wp-content\/uploads\/2024\/09\/bomber-tuerkguecue13-300x225.jpg 300w, https:\/\/insideamateurfussball-ffm.de\/wp-content\/uploads\/2024\/09\/bomber-tuerkguecue13-768x576.jpg 768w, https:\/\/insideamateurfussball-ffm.de\/wp-content\/uploads\/2024\/09\/bomber-tuerkguecue13-1536x1152.jpg 1536w, https:\/\/insideamateurfussball-ffm.de\/wp-content\/uploads\/2024\/09\/bomber-tuerkguecue13.jpg 2000w\" sizes=\"auto, (max-width: 1024px) 100vw, 1024px\" \/><\/figure>\n","protected":false},"excerpt":{"rendered":"<p>Im Aufsteigerduell bei der Spvgg. 05\/99 Bomber Bad Homburg konnte sich T\u00fcrkg\u00fcc\u00fc Frankfurt mit 3:1 durchsetzen und sich mit dem dritten Saisonsieg vom Tabellenende l\u00f6sen, Aleksandar Sasa Matovic schoss die beiden entscheidenden Tore. Spvgg. 05\/99 Bomber Bad Homburg &#8211; T\u00fcrkg\u00fcc\u00fc Frankfurt 1:3 (1:1) T\u00fcrkg\u00fcc\u00fc Frankfurt ist ausw\u00e4rts derzeit st\u00e4rker als zu Hause, im dritten Ausw\u00e4rtsspiel [&hellip;]<\/p>\n","protected":false},"author":3,"featured_media":21114,"comment_status":"closed","ping_status":"open","sticky":true,"template":"","format":"standard","meta":{"footnotes":""},"categories":[13],"tags":[],"class_list":["post-21113","post","type-post","status-publish","format-standard","has-post-thumbnail","hentry","category-gruppenliga-frankfurt-west"],"_links":{"self":[{"href":"https:\/\/insideamateurfussball-ffm.de\/index.php?rest_route=\/wp\/v2\/posts\/21113","targetHints":{"allow":["GET"]}}],"collection":[{"href":"https:\/\/insideamateurfussball-ffm.de\/index.php?rest_route=\/wp\/v2\/posts"}],"about":[{"href":"https:\/\/insideamateurfussball-ffm.de\/index.php?rest_route=\/wp\/v2\/types\/post"}],"author":[{"embeddable":true,"href":"https:\/\/insideamateurfussball-ffm.de\/index.php?rest_route=\/wp\/v2\/users\/3"}],"replies":[{"embeddable":true,"href":"https:\/\/insideamateurfussball-ffm.de\/index.php?rest_route=%2Fwp%2Fv2%2Fcomments&post=21113"}],"version-history":[{"count":4,"href":"https:\/\/insideamateurfussball-ffm.de\/index.php?rest_route=\/wp\/v2\/posts\/21113\/revisions"}],"predecessor-version":[{"id":21125,"href":"https:\/\/insideamateurfussball-ffm.de\/index.php?rest_route=\/wp\/v2\/posts\/21113\/revisions\/21125"}],"wp:featuredmedia":[{"embeddable":true,"href":"https:\/\/insideamateurfussball-ffm.de\/index.php?rest_route=\/wp\/v2\/media\/21114"}],"wp:attachment":[{"href":"https:\/\/insideamateurfussball-ffm.de\/index.php?rest_route=%2Fwp%2Fv2%2Fmedia&parent=21113"}],"wp:term":[{"taxonomy":"category","embeddable":true,"href":"https:\/\/insideamateurfussball-ffm.de\/index.php?rest_route=%2Fwp%2Fv2%2Fcategories&post=21113"},{"taxonomy":"post_tag","embeddable":true,"href":"https:\/\/insideamateurfussball-ffm.de\/index.php?rest_route=%2Fwp%2Fv2%2Ftags&post=21113"}],"curies":[{"name":"wp","href":"https:\/\/api.w.org\/{rel}","templated":true}]}}