{"id":21062,"date":"2024-09-19T16:32:15","date_gmt":"2024-09-19T14:32:15","guid":{"rendered":"https:\/\/insideamateurfussball-ffm.de\/?p=21062"},"modified":"2024-09-19T16:36:19","modified_gmt":"2024-09-19T14:36:19","slug":"cohn-bendit-uebernimmt-bei-gudesding-root-nur-noch-spieler","status":"publish","type":"post","link":"https:\/\/insideamateurfussball-ffm.de\/?p=21062","title":{"rendered":"Cohn-Bendit \u00fcbernimmt bei Gudesding &#8211; Root nur noch Spieler"},"content":{"rendered":"<h3>Nach einem Fehlstart mit nur vier Punkten aus acht Spielen und dem Absturz auf den vorletzten Tabellenrang informiert uns der FC Gudesding in einer Pressemitteilung \u00fcber einen vollzogenen Trainerwechsel beziehungsweise Rollentausch.<\/h3>\n<figure id=\"attachment_21063\" aria-describedby=\"caption-attachment-21063\" style=\"width: 997px\" class=\"wp-caption alignnone\"><img loading=\"lazy\" decoding=\"async\" class=\"wp-image-21063 size-full\" src=\"http:\/\/insideamateurfussball-ffm.de\/wp-content\/uploads\/2024\/09\/DSC_1165-1.jpg\" alt=\"\" width=\"997\" height=\"748\" srcset=\"https:\/\/insideamateurfussball-ffm.de\/wp-content\/uploads\/2024\/09\/DSC_1165-1.jpg 997w, https:\/\/insideamateurfussball-ffm.de\/wp-content\/uploads\/2024\/09\/DSC_1165-1-300x225.jpg 300w, https:\/\/insideamateurfussball-ffm.de\/wp-content\/uploads\/2024\/09\/DSC_1165-1-768x576.jpg 768w\" sizes=\"auto, (max-width: 997px) 100vw, 997px\" \/><figcaption id=\"caption-attachment-21063\" class=\"wp-caption-text\">Alexander Root (rechts) ist nicht mehr Cheftrainer beim FC Gudesding, bleibt dem Club aber als Spieler und Berater des Vorstandes erhalten. Foto: J\u00f6rg Schulz.<\/figcaption><\/figure>\n<p><img loading=\"lazy\" decoding=\"async\" class=\"alignnone size-full wp-image-10\" src=\"http:\/\/insideamateurfussball-ffm.de\/wp-content\/uploads\/2021\/11\/Gudesding.jpg\" alt=\"\" width=\"64\" height=\"80\" \/><\/p>\n<p>Gudesding-Vorsitzender Rainer Weiss informierte in einer Pressemitteilung \u00fcber die sofort greifenden \u00c4nderungen auf der Trainerposition beim Club aus dem Ostpark. Bela Cohn-Bendit ist ab sofort neuer Cheftrainer des FC Gudesding Frankfurt.<\/p>\n<p>Gemeinsam mit Paul Weiss und Fabian Beltz, den bisherigen Co-Trainern, werde Cohn-Bendit alles versuchen, die aktuelle Talfahrt der Ersten Mannschaft des Vereins zu stoppen und Gudesding in der Kreisoberliga Frankfurt zu halten.<\/p>\n<h3><span style=\"text-decoration: underline;\">Einstand am Sonntag ausw\u00e4rts beim BSC SW 19<\/span><\/h3>\n<p>Der bisherige Trainer, Alexander Root, legt sein Amt in erster Linie aus beruflichen Gr\u00fcnden nieder, wird aber dem Verein als Spieler sowie als Beirat des Vorstands erhalten bleiben. &#8222;Der FC Gudesding bedankt sich bei Root f\u00fcr die au\u00dfergew\u00f6hnlich gute und loyale Zusammenarbeit und freut sich, Bela Cohn-Bendit wieder an der Seitenlinie zu sehen&#8220;, hei\u00dft es in der Pressemitteilung.<\/p>\n<p>Seinen Einstand gibt Cohn-Bendit, auch Gr\u00fcndungsmitglied des 2012 gegr\u00fcndeten Vereins, am Sonntag im Ausw\u00e4rtsspiel beim Aufsteiger BSC Schwarz-Wei\u00df 19 (15 Uhr).<\/p>\n","protected":false},"excerpt":{"rendered":"<p>Nach einem Fehlstart mit nur vier Punkten aus acht Spielen und dem Absturz auf den vorletzten Tabellenrang informiert uns der FC Gudesding in einer Pressemitteilung \u00fcber einen vollzogenen Trainerwechsel beziehungsweise Rollentausch. Gudesding-Vorsitzender Rainer Weiss informierte in einer Pressemitteilung \u00fcber die sofort greifenden \u00c4nderungen auf der Trainerposition beim Club aus dem Ostpark. Bela Cohn-Bendit ist ab [&hellip;]<\/p>\n","protected":false},"author":1,"featured_media":21063,"comment_status":"closed","ping_status":"closed","sticky":true,"template":"","format":"standard","meta":{"footnotes":""},"categories":[2],"tags":[],"class_list":["post-21062","post","type-post","status-publish","format-standard","has-post-thumbnail","hentry","category-kreisoberliga-frankfurt"],"_links":{"self":[{"href":"https:\/\/insideamateurfussball-ffm.de\/index.php?rest_route=\/wp\/v2\/posts\/21062","targetHints":{"allow":["GET"]}}],"collection":[{"href":"https:\/\/insideamateurfussball-ffm.de\/index.php?rest_route=\/wp\/v2\/posts"}],"about":[{"href":"https:\/\/insideamateurfussball-ffm.de\/index.php?rest_route=\/wp\/v2\/types\/post"}],"author":[{"embeddable":true,"href":"https:\/\/insideamateurfussball-ffm.de\/index.php?rest_route=\/wp\/v2\/users\/1"}],"replies":[{"embeddable":true,"href":"https:\/\/insideamateurfussball-ffm.de\/index.php?rest_route=%2Fwp%2Fv2%2Fcomments&post=21062"}],"version-history":[{"count":2,"href":"https:\/\/insideamateurfussball-ffm.de\/index.php?rest_route=\/wp\/v2\/posts\/21062\/revisions"}],"predecessor-version":[{"id":21065,"href":"https:\/\/insideamateurfussball-ffm.de\/index.php?rest_route=\/wp\/v2\/posts\/21062\/revisions\/21065"}],"wp:featuredmedia":[{"embeddable":true,"href":"https:\/\/insideamateurfussball-ffm.de\/index.php?rest_route=\/wp\/v2\/media\/21063"}],"wp:attachment":[{"href":"https:\/\/insideamateurfussball-ffm.de\/index.php?rest_route=%2Fwp%2Fv2%2Fmedia&parent=21062"}],"wp:term":[{"taxonomy":"category","embeddable":true,"href":"https:\/\/insideamateurfussball-ffm.de\/index.php?rest_route=%2Fwp%2Fv2%2Fcategories&post=21062"},{"taxonomy":"post_tag","embeddable":true,"href":"https:\/\/insideamateurfussball-ffm.de\/index.php?rest_route=%2Fwp%2Fv2%2Ftags&post=21062"}],"curies":[{"name":"wp","href":"https:\/\/api.w.org\/{rel}","templated":true}]}}