{"id":21029,"date":"2024-09-16T23:18:21","date_gmt":"2024-09-16T21:18:21","guid":{"rendered":"https:\/\/insideamateurfussball-ffm.de\/?p=21029"},"modified":"2024-09-16T23:18:21","modified_gmt":"2024-09-16T21:18:21","slug":"kosovas-sieg-von-internen-querelen-getruebt","status":"publish","type":"post","link":"https:\/\/insideamateurfussball-ffm.de\/?p=21029","title":{"rendered":"Kosovas Sieg von internen Querelen getr\u00fcbt"},"content":{"rendered":"<h4>Der FC Kosova gewann gegen Aufsteiger BSC Schwarz-Wei\u00df 19 mit 3:2 und verbesserte sich mit dem vierten Saisonsieg auf Rang f\u00fcnf. Der R\u00fcckstand zu Tabellenf\u00fchrer TuS Makkabi betr\u00e4gt acht Punkte, aber die Kosovaren sind mit zwei Spielen im R\u00fcckstand. Getr\u00fcbt wurde die Freude \u00fcber den sportlichen Erfolg von bedauerlichen internen Streitigkeiten.<\/h4>\n<figure id=\"attachment_21030\" aria-describedby=\"caption-attachment-21030\" style=\"width: 1600px\" class=\"wp-caption alignnone\"><img loading=\"lazy\" decoding=\"async\" class=\"wp-image-21030 size-full\" src=\"http:\/\/insideamateurfussball-ffm.de\/wp-content\/uploads\/2024\/09\/kosova4.jpg\" alt=\"\" width=\"1600\" height=\"1200\" srcset=\"https:\/\/insideamateurfussball-ffm.de\/wp-content\/uploads\/2024\/09\/kosova4.jpg 1600w, https:\/\/insideamateurfussball-ffm.de\/wp-content\/uploads\/2024\/09\/kosova4-300x225.jpg 300w, https:\/\/insideamateurfussball-ffm.de\/wp-content\/uploads\/2024\/09\/kosova4-1024x768.jpg 1024w, https:\/\/insideamateurfussball-ffm.de\/wp-content\/uploads\/2024\/09\/kosova4-768x576.jpg 768w, https:\/\/insideamateurfussball-ffm.de\/wp-content\/uploads\/2024\/09\/kosova4-1536x1152.jpg 1536w\" sizes=\"auto, (max-width: 1600px) 100vw, 1600px\" \/><figcaption id=\"caption-attachment-21030\" class=\"wp-caption-text\">Trotz interner Probleme sportlich erfolgreich bleibt der FC Kosova. Foto: Einsendung Verein.<\/figcaption><\/figure>\n<h4><strong>FC Kosova &#8211; BSC Schwarz-Wei\u00df 19 3:2 (1:2)<\/strong><\/h4>\n<p><img loading=\"lazy\" decoding=\"async\" class=\"alignnone size-full wp-image-9\" src=\"http:\/\/insideamateurfussball-ffm.de\/wp-content\/uploads\/2021\/11\/Kosova.jpg\" alt=\"\" width=\"65\" height=\"80\" \/><img loading=\"lazy\" decoding=\"async\" class=\"alignnone size-full wp-image-285\" src=\"http:\/\/insideamateurfussball-ffm.de\/wp-content\/uploads\/2022\/05\/BSC-19.jpg\" alt=\"\" width=\"80\" height=\"61\" \/><\/p>\n<p>Vor 150 Zuschauern musste St\u00fcrmer Ibrahim Abbouz wegen einer Zerrung nach sieben Minuten ausgewechselt werden. Es kam Joker Michael Junior Lamptey, der gleich stach und die Hausherren in F\u00fchrung brachte (12.). Nach einem Schuss von Flakron Thaci konnte BSC-Torh\u00fcter Arman Ghorbani nur abklatschen und Lamptey versenkte den Abpraller. In der Folge vers\u00e4umte es Kosova mit Thaci und Rejhan Dervisholli die F\u00fchrung auszubauen. Der BSC wurde st\u00e4rker und nach einem Stellungsfehler im defensiven Mittelfeld gab es Freisto\u00df f\u00fcr die G\u00e4ste, den Sebhat Kahsay zum Ausgleich verwandelte (43.). Nach einem Abwehrfehler im eigenen Ballbesitz ging Kahsay durch und brachte die G\u00e4ste in F\u00fchrung (45.). &#8222;Ein Unentschieden zur Pause w\u00e4re verdient gewesen, aber wenn man das so her gibt. Der BSC ist ein sehr spielstarker Gegner in einem sehr fairen Spiel gewesen&#8220;, kl\u00e4rte Kosovas Trainer Jorge Huberman auf. Nach dem Seitenwechsel liefen die Kosovaren mit Leidenschaft, Kampf und Einsatzbereitschaft auf ihr Tor zu. Mit Spielst\u00e4rke zwang man den BSC in die Defensive. Folglich wurde ein Foulelfmeter an Lamptey verursacht, den Thaci zum 2:2 verwandelte (56.).<\/p>\n<p>&#8222;Der Ausgleich war psychologisch wichtig zu diesem Zeitpunkt&#8220;, so Huberman. Kosova war weiter am Dr\u00fccker und vergab weitere M\u00f6glichkeiten. Thaci zog dann nach einem Steilpass unnachahmlich auf und davon, der Kapit\u00e4n markierte den Siegtreffer (76.). &#8222;Wir haben in der Halbzeit umgestellt, da wir ein Loch im Mittelfeld hatten. Das haben wir durch taktische Umstellungen ge\u00e4ndert und so ein \u00dcbergewicht geschaffen&#8220;, erkl\u00e4rte Huberman. Dervisholli stellte sich trotz Schmerzen der Mannschaft zur Verf\u00fcgung. Zu den negativen Begleiterscheinungen teilte Huberman mit: &#8222;Aus disziplinarischen Gr\u00fcnden wurde ein Spieler drau\u00dfen gelassen, der sehr namhaft ist. Das f\u00fchrte dann irgendwie nach dem Spiel zu l\u00e4ngeren Diskussionen, warum der eine oder andere nicht eingewechselt wird. Nicht innerhalb der Mannschaft, sondern von Seiten von frustrierter Spieler, die nicht spielen. Es f\u00fchrte zu lautstarkem Jahrmarkt-Gejohle, an dem sich auch Leute beteiligt haben, die sich von der Funktion her nicht h\u00e4tten beteiligen d\u00fcrfen. Der Sieg ist getr\u00fcbt durch interne Auseinandersetzungen im Umfeld. Dazu wird es m\u00f6glicherweise noch weitere Informationen in dieser Woche geben.&#8220;<\/p>\n<blockquote>\n<h4>&#8222;<span style=\"color: initial;\">Trotz des fr\u00fchen R\u00fcckschlags lie\u00dfen wir uns jedoch nicht entmutigen und k\u00e4mpften uns zunehmend ins Spiel zur\u00fcck.&#8220; (BSC-Abteilungsleiter Christian Reinmold)<\/span><\/h4>\n<\/blockquote>\n<p>BSC-Abteilungsleiter Christian Reinmold hatte das Spiel so zusammengefasst: &#8222;<span style=\"color: initial;\">Das heutige Spiel begann in der ersten Halbzeit sehr ausgeglichen, mit Chancen auf beiden Seiten. Beide Teams zeigten sich offensiv stark, und das Spiel war von Beginn an hart umk\u00e4mpft. Kosova ging nach einer druckvollen Phase fr\u00fch in F\u00fchrung. Trotz des fr\u00fchen R\u00fcckschlags lie\u00dfen wir uns jedoch nicht entmutigen und k\u00e4mpften uns zunehmend ins Spiel zur\u00fcck. <\/span><span style=\"color: initial;\">Kurz vor Ende der ersten Halbzeit konnten wir das Blatt wenden: Zun\u00e4chst gelang uns der verdiente Ausgleich zum 1:1, bevor wir mit einem weiteren Treffer in F\u00fchrung gingen. Mit einer 2:1 F\u00fchrung gingen wir in die Halbzeitpause und hofften, diesen Schwung mit in die zweite H\u00e4lfte zu nehmen. <\/span><span style=\"color: initial;\">Leider konnten wir in der zweiten Halbzeit nicht an unsere Leistung aus den ersten 45 Minuten ankn\u00fcpfen. Obwohl wir weiterhin zu einigen guten Torchancen kamen, fehlte uns die n\u00f6tige Konsequenz im Abschluss. Kosova hingegen nutzte unsere Schw\u00e4chen aus, fand zur\u00fcck ins Spiel und erh\u00f6hte den Druck. Am Ende mussten wir uns geschlagen geben, da Kosova verdient das Spiel drehte und die Begegnung f\u00fcr sich entschied. <\/span><span style=\"color: initial;\">Trotz der Niederlage war es ein spannendes und faires Spiel, das auf beiden Seiten f\u00fcr viel Einsatz und Kampfgeist stand.&#8220; <\/span><\/p>\n<p><span style=\"color: initial;\">Am kommenden Sonntag tritt Kosova bei der Spvgg. 02 Griesheim an (15 Uhr). Der BSC erwartet zeitgleich zu Hause den FC Gudesding.<\/span><\/p>\n<blockquote>\n<h4><strong>Schiedsrichter: Tim Tucholke (1. FC Naurod). Zuschauer: 150. <\/strong><\/h4>\n<h4><strong>Tore: 1:0 Michael Junior Lamptey (12.), 1:1, 1:2 Sebhat Kahsay (43.\/45.), 2:2, 3:2 Flakron Thaci (56.\/Foulelfmeter, 76.).\u00a0<\/strong><\/h4>\n<\/blockquote>\n","protected":false},"excerpt":{"rendered":"<p>Der FC Kosova gewann gegen Aufsteiger BSC Schwarz-Wei\u00df 19 mit 3:2 und verbesserte sich mit dem vierten Saisonsieg auf Rang f\u00fcnf. Der R\u00fcckstand zu Tabellenf\u00fchrer TuS Makkabi betr\u00e4gt acht Punkte, aber die Kosovaren sind mit zwei Spielen im R\u00fcckstand. Getr\u00fcbt wurde die Freude \u00fcber den sportlichen Erfolg von bedauerlichen internen Streitigkeiten. FC Kosova &#8211; BSC [&hellip;]<\/p>\n","protected":false},"author":1,"featured_media":21030,"comment_status":"closed","ping_status":"closed","sticky":true,"template":"","format":"standard","meta":{"footnotes":""},"categories":[2],"tags":[],"class_list":["post-21029","post","type-post","status-publish","format-standard","has-post-thumbnail","hentry","category-kreisoberliga-frankfurt"],"_links":{"self":[{"href":"https:\/\/insideamateurfussball-ffm.de\/index.php?rest_route=\/wp\/v2\/posts\/21029","targetHints":{"allow":["GET"]}}],"collection":[{"href":"https:\/\/insideamateurfussball-ffm.de\/index.php?rest_route=\/wp\/v2\/posts"}],"about":[{"href":"https:\/\/insideamateurfussball-ffm.de\/index.php?rest_route=\/wp\/v2\/types\/post"}],"author":[{"embeddable":true,"href":"https:\/\/insideamateurfussball-ffm.de\/index.php?rest_route=\/wp\/v2\/users\/1"}],"replies":[{"embeddable":true,"href":"https:\/\/insideamateurfussball-ffm.de\/index.php?rest_route=%2Fwp%2Fv2%2Fcomments&post=21029"}],"version-history":[{"count":1,"href":"https:\/\/insideamateurfussball-ffm.de\/index.php?rest_route=\/wp\/v2\/posts\/21029\/revisions"}],"predecessor-version":[{"id":21031,"href":"https:\/\/insideamateurfussball-ffm.de\/index.php?rest_route=\/wp\/v2\/posts\/21029\/revisions\/21031"}],"wp:featuredmedia":[{"embeddable":true,"href":"https:\/\/insideamateurfussball-ffm.de\/index.php?rest_route=\/wp\/v2\/media\/21030"}],"wp:attachment":[{"href":"https:\/\/insideamateurfussball-ffm.de\/index.php?rest_route=%2Fwp%2Fv2%2Fmedia&parent=21029"}],"wp:term":[{"taxonomy":"category","embeddable":true,"href":"https:\/\/insideamateurfussball-ffm.de\/index.php?rest_route=%2Fwp%2Fv2%2Fcategories&post=21029"},{"taxonomy":"post_tag","embeddable":true,"href":"https:\/\/insideamateurfussball-ffm.de\/index.php?rest_route=%2Fwp%2Fv2%2Ftags&post=21029"}],"curies":[{"name":"wp","href":"https:\/\/api.w.org\/{rel}","templated":true}]}}