{"id":21000,"date":"2024-09-16T17:45:20","date_gmt":"2024-09-16T15:45:20","guid":{"rendered":"https:\/\/insideamateurfussball-ffm.de\/?p=21000"},"modified":"2024-09-16T17:45:20","modified_gmt":"2024-09-16T15:45:20","slug":"seckbach-gewinnt-auch-bei-tuerkguecue","status":"publish","type":"post","link":"https:\/\/insideamateurfussball-ffm.de\/?p=21000","title":{"rendered":"Seckbach gewinnt auch bei T\u00fcrkg\u00fcc\u00fc"},"content":{"rendered":"<h4>Die FG Seckbach konnte bereits ihren dritten Ausw\u00e4rtssieg feiern, in einem schwachen Spiel siegten sie beim Aufsteiger T\u00fcrkg\u00fcc\u00fc Frankfurt mit 2:1 und sind vorerst Sechster in der Tabelle.<\/h4>\n<figure id=\"attachment_21013\" aria-describedby=\"caption-attachment-21013\" style=\"width: 2016px\" class=\"wp-caption alignnone\"><img loading=\"lazy\" decoding=\"async\" class=\"wp-image-21013 size-full\" src=\"http:\/\/insideamateurfussball-ffm.de\/wp-content\/uploads\/2024\/09\/tuerkguecueseckbach03.jpg\" alt=\"\" width=\"2016\" height=\"1512\" srcset=\"https:\/\/insideamateurfussball-ffm.de\/wp-content\/uploads\/2024\/09\/tuerkguecueseckbach03.jpg 2016w, https:\/\/insideamateurfussball-ffm.de\/wp-content\/uploads\/2024\/09\/tuerkguecueseckbach03-300x225.jpg 300w, https:\/\/insideamateurfussball-ffm.de\/wp-content\/uploads\/2024\/09\/tuerkguecueseckbach03-1024x768.jpg 1024w, https:\/\/insideamateurfussball-ffm.de\/wp-content\/uploads\/2024\/09\/tuerkguecueseckbach03-768x576.jpg 768w, https:\/\/insideamateurfussball-ffm.de\/wp-content\/uploads\/2024\/09\/tuerkguecueseckbach03-1536x1152.jpg 1536w\" sizes=\"auto, (max-width: 2016px) 100vw, 2016px\" \/><figcaption id=\"caption-attachment-21013\" class=\"wp-caption-text\">Im Spielerkreis nach dem Spiel gratulierte Spielertrainer seiner Mannschaft zum Sieg. Foto: MZ<\/figcaption><\/figure>\n<h4>T\u00fcrkg\u00fcc\u00fc Frankfurt &#8211; FG Seckbach 1:2 (0:0)<\/h4>\n<p><img loading=\"lazy\" decoding=\"async\" class=\"alignnone size-full wp-image-17\" src=\"http:\/\/insideamateurfussball-ffm.de\/wp-content\/uploads\/2021\/11\/Tuerkguecue.jpg\" alt=\"\" width=\"72\" height=\"80\" \/><img loading=\"lazy\" decoding=\"async\" class=\"alignnone size-full wp-image-544\" src=\"http:\/\/insideamateurfussball-ffm.de\/wp-content\/uploads\/2022\/06\/Seckbach.jpg\" alt=\"\" width=\"80\" height=\"80\" \/><\/p>\n<p>\u00dcberraschend bei Sonne empfing T\u00fcrkg\u00fcc\u00fc Frankfurt die FG Seckbach, die in bisher 4 Ausw\u00e4rtsspielen bereits zweimal siegreich war, zu Hause aber noch auf einen Sieg wartet. Aufsteiger T\u00fcrkg\u00fcc\u00fc Frankfurt wollte seinen dritten Saisonsieg feiern. Auf einem schwer bespielbaren, weil nicht gem\u00e4hten Rasen, entwickelte sich in der ersten Halbzeit ein Spiel, bei dem der Notizblock des Berichteschreibers bis zur 44.Minute leer blieb. Alle Angriffe blieben im Ansatz stecken, viele Abspielfehler und wenig Chancen pr\u00e4gten das Geschehen. In der 44.Minute kamen die G\u00e4ste aus Seckbach zu ihrer ersten gro\u00dfen Chance, doch nach einer Hereingabe von Adrian Speck scheiterte Bo Lockl an Torwart und Pfosten, und im Gegenzug dann auch eine gro\u00dfe Chance f\u00fcr T\u00fcrkg\u00fcc\u00fc, doch freistehend vor dem Torh\u00fcter schob der T\u00fcrkg\u00fcc\u00fc-St\u00fcrmer den Ball noch zu einem Nebenmann, der neben das Tor schoss.<\/p>\n<p>Die zweite Halbzeit begann mit spielerischem Geschehen, Seckbach kam \u00fcber einen langen Ball auf der rechten Seite, die Hereingabe verwertete Florian Brenner zum 1:0 f\u00fcr die G\u00e4ste. In der 54.Minute schoss Florian Schuberth einen schnell ausgef\u00fchrten Freisto\u00df knapp am langen Pfosten vorbei und im Gegenzug fiel dann der Ausgleich, als die Seckbacher Abwehr nicht aufpasste und Aleksandar Sasa Matovic das 1:1 erzielen konnte. In der 69.Minute dann schon die Entscheidung des Spiels, ein Schuss aus 16 Metern auf das Tor der Gastgeber konnte von Torwart Vasile Crivoveazii noch zur Seite abgelenkt werden, wo ein Seckbacher an den Ball kam und an den 16-Meter-Raum zur\u00fcckspielte. Dort nahm Sven Schreiber den Ball direkt und erzielte mit einem Flachschuss durch alle Abwehrbeine hindurch den Siegtreffer.<\/p>\n<p>T\u00fcrkg\u00fcc\u00fc warf zwar alles nach vorne, aber Seckbach lie\u00df nichts mehr zu und gewann aufgrund der h\u00f6heren Effektivit\u00e4t vor dem Tor. T\u00fcrkg\u00fcc\u00fcs Vorstandsmitglied Duran G\u00fcng\u00f6r: \u201eerste Halbzeit haben beide Mannschaften kontrolliert gespielt, das Spiel lief meistens im Mittelfeld. In der ersten Halbzeit hatten wir eine Hundertprozentige, aber auch Seckbach hatte eine, deshalb war das 0:0 zur Halbzeit gerecht. Zweite Halbzeit waren beide Mannschaften etwas offener, im Endeffekt hat die Mannschaft, die weniger Fehler gemacht hat, das Spiel gewonnen, aber nach meiner Meinung w\u00e4re ein Unentschieden gerecht gewesen.\u201c<\/p>\n<p>Spielertrainer Manuel May nach dem Spiel: \u201eich bin gl\u00fccklich \u00fcber den Sieg, haben wir uns vorgenommen, dass wir hier gewinnen wollen. Wir wussten, dass es schwer wird, und ich glaube, f\u00fcr die Zuschauer war es kein sch\u00f6nes Spiel gewesen, war eher Kampf und Krampf. Aber interessiert morgen keinen mehr, wie das Spiel war, wichtig war, dass wir die drei Punkte geholt haben und in der Tabelle wohl ein bisschen vorr\u00fccken konnten. Ich freu mich, dass wir gewonnen haben.\u201c<\/p>\n<p>F\u00fcr beide Mannschaften geht es am n\u00e4chsten Wochenende weiter, T\u00fcrkg\u00fcc\u00fc Frankfurt muss zum Aufsteiger Spvgg. 05\/99 Bomber Bad Homburg, w\u00e4hrend die FG Seckbach den FV Bad Vilbel empf\u00e4ngt.<\/p>\n<h4>Schiedsrichter: Simon Henninger (TuS Hornau). Zuschauer: 110 \u00a0\u00a0\u00a0\u00a0\u00a0\u00a0\u00a0\u00a0\u00a0\u00a0\u00a0\u00a0\u00a0 .<\/h4>\n<h4>Tore: 0:1 Florian Brenner (48.), 1:1 Aleksandar Sasa Matovic (55.), 1:2 Sven Schreiber (69.)<\/h4>\n<blockquote>\n<h4>Fotograf Mithat G\u00fcrser war auch beim Spiel und machte ein paar Bilder.<\/h4>\n<\/blockquote>\n\n\n<figure class=\"wp-block-image size-large\"><img loading=\"lazy\" decoding=\"async\" width=\"1024\" height=\"715\" src=\"http:\/\/insideamateurfussball-ffm.de\/wp-content\/uploads\/2024\/09\/trainer-secbach2-1024x715.jpg\" alt=\"\" class=\"wp-image-21003\" srcset=\"https:\/\/insideamateurfussball-ffm.de\/wp-content\/uploads\/2024\/09\/trainer-secbach2-1024x715.jpg 1024w, https:\/\/insideamateurfussball-ffm.de\/wp-content\/uploads\/2024\/09\/trainer-secbach2-300x209.jpg 300w, https:\/\/insideamateurfussball-ffm.de\/wp-content\/uploads\/2024\/09\/trainer-secbach2-768x536.jpg 768w, https:\/\/insideamateurfussball-ffm.de\/wp-content\/uploads\/2024\/09\/trainer-secbach2.jpg 1339w\" sizes=\"auto, (max-width: 1024px) 100vw, 1024px\" \/><\/figure>\n\n\n\n<figure class=\"wp-block-image size-large\"><img loading=\"lazy\" decoding=\"async\" width=\"1024\" height=\"673\" src=\"http:\/\/insideamateurfussball-ffm.de\/wp-content\/uploads\/2024\/09\/turk1-1024x673.jpg\" alt=\"\" class=\"wp-image-21004\" srcset=\"https:\/\/insideamateurfussball-ffm.de\/wp-content\/uploads\/2024\/09\/turk1-1024x673.jpg 1024w, https:\/\/insideamateurfussball-ffm.de\/wp-content\/uploads\/2024\/09\/turk1-300x197.jpg 300w, https:\/\/insideamateurfussball-ffm.de\/wp-content\/uploads\/2024\/09\/turk1-768x505.jpg 768w, https:\/\/insideamateurfussball-ffm.de\/wp-content\/uploads\/2024\/09\/turk1.jpg 1339w\" sizes=\"auto, (max-width: 1024px) 100vw, 1024px\" \/><\/figure>\n\n\n\n<figure class=\"wp-block-image size-large\"><img loading=\"lazy\" decoding=\"async\" width=\"1024\" height=\"775\" src=\"http:\/\/insideamateurfussball-ffm.de\/wp-content\/uploads\/2024\/09\/turk2-1024x775.jpg\" alt=\"\" class=\"wp-image-21005\" srcset=\"https:\/\/insideamateurfussball-ffm.de\/wp-content\/uploads\/2024\/09\/turk2-1024x775.jpg 1024w, https:\/\/insideamateurfussball-ffm.de\/wp-content\/uploads\/2024\/09\/turk2-300x227.jpg 300w, https:\/\/insideamateurfussball-ffm.de\/wp-content\/uploads\/2024\/09\/turk2-768x581.jpg 768w, https:\/\/insideamateurfussball-ffm.de\/wp-content\/uploads\/2024\/09\/turk2.jpg 1339w\" sizes=\"auto, (max-width: 1024px) 100vw, 1024px\" \/><\/figure>\n\n\n\n<figure class=\"wp-block-image size-large\"><img loading=\"lazy\" decoding=\"async\" width=\"1024\" height=\"766\" src=\"http:\/\/insideamateurfussball-ffm.de\/wp-content\/uploads\/2024\/09\/turk3-1024x766.jpg\" alt=\"\" class=\"wp-image-21006\" srcset=\"https:\/\/insideamateurfussball-ffm.de\/wp-content\/uploads\/2024\/09\/turk3-1024x766.jpg 1024w, https:\/\/insideamateurfussball-ffm.de\/wp-content\/uploads\/2024\/09\/turk3-300x224.jpg 300w, https:\/\/insideamateurfussball-ffm.de\/wp-content\/uploads\/2024\/09\/turk3-768x574.jpg 768w, https:\/\/insideamateurfussball-ffm.de\/wp-content\/uploads\/2024\/09\/turk3-1536x1149.jpg 1536w, https:\/\/insideamateurfussball-ffm.de\/wp-content\/uploads\/2024\/09\/turk3-2048x1531.jpg 2048w\" sizes=\"auto, (max-width: 1024px) 100vw, 1024px\" \/><\/figure>\n\n\n\n<figure class=\"wp-block-image size-large\"><img loading=\"lazy\" decoding=\"async\" width=\"1024\" height=\"778\" src=\"http:\/\/insideamateurfussball-ffm.de\/wp-content\/uploads\/2024\/09\/turk4-1024x778.jpg\" alt=\"\" class=\"wp-image-21007\" srcset=\"https:\/\/insideamateurfussball-ffm.de\/wp-content\/uploads\/2024\/09\/turk4-1024x778.jpg 1024w, https:\/\/insideamateurfussball-ffm.de\/wp-content\/uploads\/2024\/09\/turk4-300x228.jpg 300w, https:\/\/insideamateurfussball-ffm.de\/wp-content\/uploads\/2024\/09\/turk4-768x583.jpg 768w, https:\/\/insideamateurfussball-ffm.de\/wp-content\/uploads\/2024\/09\/turk4.jpg 1339w\" sizes=\"auto, (max-width: 1024px) 100vw, 1024px\" \/><\/figure>\n\n\n\n<figure class=\"wp-block-image size-large\"><img loading=\"lazy\" decoding=\"async\" width=\"1024\" height=\"729\" src=\"http:\/\/insideamateurfussball-ffm.de\/wp-content\/uploads\/2024\/09\/turk5-1024x729.jpg\" alt=\"\" class=\"wp-image-21008\" srcset=\"https:\/\/insideamateurfussball-ffm.de\/wp-content\/uploads\/2024\/09\/turk5-1024x729.jpg 1024w, https:\/\/insideamateurfussball-ffm.de\/wp-content\/uploads\/2024\/09\/turk5-300x214.jpg 300w, https:\/\/insideamateurfussball-ffm.de\/wp-content\/uploads\/2024\/09\/turk5-768x547.jpg 768w, https:\/\/insideamateurfussball-ffm.de\/wp-content\/uploads\/2024\/09\/turk5.jpg 1339w\" sizes=\"auto, (max-width: 1024px) 100vw, 1024px\" \/><\/figure>\n\n\n\n<figure class=\"wp-block-image size-large\"><img loading=\"lazy\" decoding=\"async\" width=\"1024\" height=\"748\" src=\"http:\/\/insideamateurfussball-ffm.de\/wp-content\/uploads\/2024\/09\/turk6-1024x748.jpg\" alt=\"\" class=\"wp-image-21009\" srcset=\"https:\/\/insideamateurfussball-ffm.de\/wp-content\/uploads\/2024\/09\/turk6-1024x748.jpg 1024w, https:\/\/insideamateurfussball-ffm.de\/wp-content\/uploads\/2024\/09\/turk6-300x219.jpg 300w, https:\/\/insideamateurfussball-ffm.de\/wp-content\/uploads\/2024\/09\/turk6-768x561.jpg 768w, https:\/\/insideamateurfussball-ffm.de\/wp-content\/uploads\/2024\/09\/turk6.jpg 1339w\" sizes=\"auto, (max-width: 1024px) 100vw, 1024px\" \/><\/figure>\n\n\n\n<figure class=\"wp-block-image size-large\"><img loading=\"lazy\" decoding=\"async\" width=\"1024\" height=\"727\" src=\"http:\/\/insideamateurfussball-ffm.de\/wp-content\/uploads\/2024\/09\/turk9-1024x727.jpg\" alt=\"\" class=\"wp-image-21010\" srcset=\"https:\/\/insideamateurfussball-ffm.de\/wp-content\/uploads\/2024\/09\/turk9-1024x727.jpg 1024w, https:\/\/insideamateurfussball-ffm.de\/wp-content\/uploads\/2024\/09\/turk9-300x213.jpg 300w, https:\/\/insideamateurfussball-ffm.de\/wp-content\/uploads\/2024\/09\/turk9-768x545.jpg 768w, https:\/\/insideamateurfussball-ffm.de\/wp-content\/uploads\/2024\/09\/turk9.jpg 1339w\" sizes=\"auto, (max-width: 1024px) 100vw, 1024px\" \/><\/figure>\n\n\n\n<figure class=\"wp-block-image size-large\"><img loading=\"lazy\" decoding=\"async\" width=\"1024\" height=\"724\" src=\"http:\/\/insideamateurfussball-ffm.de\/wp-content\/uploads\/2024\/09\/turk11-1024x724.jpg\" alt=\"\" class=\"wp-image-21011\" srcset=\"https:\/\/insideamateurfussball-ffm.de\/wp-content\/uploads\/2024\/09\/turk11-1024x724.jpg 1024w, https:\/\/insideamateurfussball-ffm.de\/wp-content\/uploads\/2024\/09\/turk11-300x212.jpg 300w, https:\/\/insideamateurfussball-ffm.de\/wp-content\/uploads\/2024\/09\/turk11-768x543.jpg 768w, https:\/\/insideamateurfussball-ffm.de\/wp-content\/uploads\/2024\/09\/turk11.jpg 1339w\" sizes=\"auto, (max-width: 1024px) 100vw, 1024px\" \/><\/figure>\n","protected":false},"excerpt":{"rendered":"<p>Die FG Seckbach konnte bereits ihren dritten Ausw\u00e4rtssieg feiern, in einem schwachen Spiel siegten sie beim Aufsteiger T\u00fcrkg\u00fcc\u00fc Frankfurt mit 2:1 und sind vorerst Sechster in der Tabelle. T\u00fcrkg\u00fcc\u00fc Frankfurt &#8211; FG Seckbach 1:2 (0:0) \u00dcberraschend bei Sonne empfing T\u00fcrkg\u00fcc\u00fc Frankfurt die FG Seckbach, die in bisher 4 Ausw\u00e4rtsspielen bereits zweimal siegreich war, zu Hause [&hellip;]<\/p>\n","protected":false},"author":3,"featured_media":21013,"comment_status":"closed","ping_status":"open","sticky":true,"template":"","format":"standard","meta":{"footnotes":""},"categories":[13],"tags":[],"class_list":["post-21000","post","type-post","status-publish","format-standard","has-post-thumbnail","hentry","category-gruppenliga-frankfurt-west"],"_links":{"self":[{"href":"https:\/\/insideamateurfussball-ffm.de\/index.php?rest_route=\/wp\/v2\/posts\/21000","targetHints":{"allow":["GET"]}}],"collection":[{"href":"https:\/\/insideamateurfussball-ffm.de\/index.php?rest_route=\/wp\/v2\/posts"}],"about":[{"href":"https:\/\/insideamateurfussball-ffm.de\/index.php?rest_route=\/wp\/v2\/types\/post"}],"author":[{"embeddable":true,"href":"https:\/\/insideamateurfussball-ffm.de\/index.php?rest_route=\/wp\/v2\/users\/3"}],"replies":[{"embeddable":true,"href":"https:\/\/insideamateurfussball-ffm.de\/index.php?rest_route=%2Fwp%2Fv2%2Fcomments&post=21000"}],"version-history":[{"count":2,"href":"https:\/\/insideamateurfussball-ffm.de\/index.php?rest_route=\/wp\/v2\/posts\/21000\/revisions"}],"predecessor-version":[{"id":21028,"href":"https:\/\/insideamateurfussball-ffm.de\/index.php?rest_route=\/wp\/v2\/posts\/21000\/revisions\/21028"}],"wp:featuredmedia":[{"embeddable":true,"href":"https:\/\/insideamateurfussball-ffm.de\/index.php?rest_route=\/wp\/v2\/media\/21013"}],"wp:attachment":[{"href":"https:\/\/insideamateurfussball-ffm.de\/index.php?rest_route=%2Fwp%2Fv2%2Fmedia&parent=21000"}],"wp:term":[{"taxonomy":"category","embeddable":true,"href":"https:\/\/insideamateurfussball-ffm.de\/index.php?rest_route=%2Fwp%2Fv2%2Fcategories&post=21000"},{"taxonomy":"post_tag","embeddable":true,"href":"https:\/\/insideamateurfussball-ffm.de\/index.php?rest_route=%2Fwp%2Fv2%2Ftags&post=21000"}],"curies":[{"name":"wp","href":"https:\/\/api.w.org\/{rel}","templated":true}]}}