{"id":2100,"date":"2022-08-19T17:48:06","date_gmt":"2022-08-19T15:48:06","guid":{"rendered":"http:\/\/insideamateurfussball-ffm.de\/?p=2100"},"modified":"2025-01-07T15:34:05","modified_gmt":"2025-01-07T14:34:05","slug":"knell-rettet-bornheim-remis","status":"publish","type":"post","link":"https:\/\/insideamateurfussball-ffm.de\/?p=2100","title":{"rendered":"Knell rettet Bornheim Remis"},"content":{"rendered":"<h4><span style=\"font-family: 'book antiqua', palatino, serif; font-size: 14px;\">Nach dem 3:3 bei Aufsteiger Sportfreunde Seligenstadt erwartet die SG Bornheim Gr\u00fcn-Weiss am Sonntag (15.30 Uhr) Schlusslicht Dersim R\u00fcsselsheim. <\/span><\/h4>\n<figure id=\"attachment_2101\" aria-describedby=\"caption-attachment-2101\" style=\"width: 1440px\" class=\"wp-caption alignnone\"><img loading=\"lazy\" decoding=\"async\" class=\"wp-image-2101 size-full\" src=\"http:\/\/insideamateurfussball-ffm.de\/wp-content\/uploads\/2022\/08\/SFS-SGB.jpg\" alt=\"\" width=\"1440\" height=\"1440\" \/><figcaption id=\"caption-attachment-2101\" class=\"wp-caption-text\">Szene aus Sportfreunde Seligenstadt &#8211; SG Bornheim Gr\u00fcn-Weiss (3:3). Foto: Andre Sturmeit.<\/figcaption><\/figure>\n<p><span style=\"font-family: 'book antiqua', palatino, serif; font-size: 14px; color: #003300;\">Die SG Bornheim\/Gr\u00fcn-Wei\u00df kam auch im vergangenen Jahr schwer aus den Startl\u00f6chern, ehe das Team von Trainer Sascha Volk durchstartete und mit der Vizemeisterschaft die beste Platzierung der Vereinsgeschichte gekr\u00f6nt vom Kreispokal-Sieg schaffte. Auch der Chefcoach befindet sich bis Dienstag noch im Urlaubsmodus, weswegen sein neuer Co-Trainer Alexander J\u00f6rg derzeit die Verantwortung tr\u00e4gt. <\/span><\/p>\n<p><span style=\"font-family: 'book antiqua', palatino, serif; font-size: 14px; color: #003300;\">Nach dem 3:3 bei Aufsteiger Sportfreunde Seligenstadt stehen diesmal immerhin schon vier Z\u00e4hler auf der Habenseite und am Sonntag kreuzt mit dem Tabellenletzten Dersim R\u00fcsselsheim, der nach zwei Spielen schon zw\u00f6lf Gegentore hat einstecken m\u00fcssen, ein schlagbarer Gegner an der Seckbacher Landstra\u00dfe auf.<\/span><\/p>\n<blockquote><p><span style=\"font-family: 'book antiqua', palatino, serif; font-size: 14px; color: #003300;\">&#8222;R\u00fcsselsheim kennen wir nicht, insofern m\u00fcssen wir uns auf unsere St\u00e4rken besinnen&#8220; (Bornheims Co-Trainer Alexander J\u00f6rg)<\/span><\/p><\/blockquote>\n<p><span style=\"font-family: 'book antiqua', palatino, serif; font-size: 14px; color: #003300;\">Der dreifache Torsch\u00fctze Lukas Knell hatte Bornheim in Seligenstadt das Remis gerettet und soll auch gegen die von Ex-OFC-Spieler Suat T\u00fcrker trainierten R\u00fcsselsheimer treffen. Vom Tabellenstand des Kontrahenten will sich J\u00f6rg nicht blenden lassen, der nach Ablauf seiner Rotsperre wieder auf Stammkeeper Gianluca Colombo zur\u00fcckgreifen kann. <\/span><\/p>\n<p><span style=\"font-family: 'book antiqua', palatino, serif; font-size: 14px; color: #003300;\">&#8222;Mit den vier Punkten sind wir nicht unzufrieden, obwohl wir in Seligenstadt nur eine gute Halbzeit gespielt haben. R\u00fcsselsheim kennen wir nicht, insofern m\u00fcssen wir uns auf unsere St\u00e4rken besinnen&#8220;, fordert der Co-Trainer.<\/span><\/p>\n","protected":false},"excerpt":{"rendered":"<p>Nach dem 3:3 bei Aufsteiger Sportfreunde Seligenstadt erwartet die SG Bornheim Gr\u00fcn-Weiss am Sonntag (15.30 Uhr) Schlusslicht Dersim R\u00fcsselsheim. Die SG Bornheim\/Gr\u00fcn-Wei\u00df kam auch im vergangenen Jahr schwer aus den Startl\u00f6chern, ehe das Team von Trainer Sascha Volk durchstartete und mit der Vizemeisterschaft die beste Platzierung der Vereinsgeschichte gekr\u00f6nt vom Kreispokal-Sieg schaffte. Auch der Chefcoach [&hellip;]<\/p>\n","protected":false},"author":1,"featured_media":0,"comment_status":"open","ping_status":"open","sticky":false,"template":"","format":"standard","meta":{"footnotes":""},"categories":[10],"tags":[],"class_list":["post-2100","post","type-post","status-publish","format-standard","hentry","category-verbandsliga-sued"],"_links":{"self":[{"href":"https:\/\/insideamateurfussball-ffm.de\/index.php?rest_route=\/wp\/v2\/posts\/2100","targetHints":{"allow":["GET"]}}],"collection":[{"href":"https:\/\/insideamateurfussball-ffm.de\/index.php?rest_route=\/wp\/v2\/posts"}],"about":[{"href":"https:\/\/insideamateurfussball-ffm.de\/index.php?rest_route=\/wp\/v2\/types\/post"}],"author":[{"embeddable":true,"href":"https:\/\/insideamateurfussball-ffm.de\/index.php?rest_route=\/wp\/v2\/users\/1"}],"replies":[{"embeddable":true,"href":"https:\/\/insideamateurfussball-ffm.de\/index.php?rest_route=%2Fwp%2Fv2%2Fcomments&post=2100"}],"version-history":[{"count":1,"href":"https:\/\/insideamateurfussball-ffm.de\/index.php?rest_route=\/wp\/v2\/posts\/2100\/revisions"}],"predecessor-version":[{"id":2102,"href":"https:\/\/insideamateurfussball-ffm.de\/index.php?rest_route=\/wp\/v2\/posts\/2100\/revisions\/2102"}],"wp:attachment":[{"href":"https:\/\/insideamateurfussball-ffm.de\/index.php?rest_route=%2Fwp%2Fv2%2Fmedia&parent=2100"}],"wp:term":[{"taxonomy":"category","embeddable":true,"href":"https:\/\/insideamateurfussball-ffm.de\/index.php?rest_route=%2Fwp%2Fv2%2Fcategories&post=2100"},{"taxonomy":"post_tag","embeddable":true,"href":"https:\/\/insideamateurfussball-ffm.de\/index.php?rest_route=%2Fwp%2Fv2%2Ftags&post=2100"}],"curies":[{"name":"wp","href":"https:\/\/api.w.org\/{rel}","templated":true}]}}