{"id":20992,"date":"2024-09-16T17:22:31","date_gmt":"2024-09-16T15:22:31","guid":{"rendered":"https:\/\/insideamateurfussball-ffm.de\/?p=20992"},"modified":"2024-09-16T17:22:31","modified_gmt":"2024-09-16T15:22:31","slug":"fechenheim-mit-61-kantersieg","status":"publish","type":"post","link":"https:\/\/insideamateurfussball-ffm.de\/?p=20992","title":{"rendered":"Fechenheim mit 6:1-Kantersieg"},"content":{"rendered":"<h4>Die Spvgg. 03 Fechenheim kommt in dieser Saison so langsam in Schwung und schickte den Aufsteiger FC Kaichen mit 6:1 nach Hause. Mit dem vierten Saisonsieg sprangen die Frankfurter auf den 5.Tabellenplatz.<\/h4>\n<figure id=\"attachment_20225\" aria-describedby=\"caption-attachment-20225\" style=\"width: 2000px\" class=\"wp-caption alignnone\"><img loading=\"lazy\" decoding=\"async\" class=\"wp-image-20225 size-full\" src=\"http:\/\/insideamateurfussball-ffm.de\/wp-content\/uploads\/2024\/08\/fechenheimTempo03.jpg\" alt=\"\" width=\"2000\" height=\"1500\" srcset=\"https:\/\/insideamateurfussball-ffm.de\/wp-content\/uploads\/2024\/08\/fechenheimTempo03.jpg 2000w, https:\/\/insideamateurfussball-ffm.de\/wp-content\/uploads\/2024\/08\/fechenheimTempo03-300x225.jpg 300w, https:\/\/insideamateurfussball-ffm.de\/wp-content\/uploads\/2024\/08\/fechenheimTempo03-1024x768.jpg 1024w, https:\/\/insideamateurfussball-ffm.de\/wp-content\/uploads\/2024\/08\/fechenheimTempo03-768x576.jpg 768w, https:\/\/insideamateurfussball-ffm.de\/wp-content\/uploads\/2024\/08\/fechenheimTempo03-1536x1152.jpg 1536w\" sizes=\"auto, (max-width: 2000px) 100vw, 2000px\" \/><figcaption id=\"caption-attachment-20225\" class=\"wp-caption-text\">Fechenheim konnte einen weiteren Heimsieg einfahren. Foto: Archiv<\/figcaption><\/figure>\n<h4>Spvgg. 03 Fechenheim &#8211; FC Kaichen 6:1 (1:0)<\/h4>\n<p><img loading=\"lazy\" decoding=\"async\" class=\"alignnone size-full wp-image-603\" src=\"http:\/\/insideamateurfussball-ffm.de\/wp-content\/uploads\/2022\/06\/Fech03.jpg\" alt=\"\" width=\"52\" height=\"80\" \/><img loading=\"lazy\" decoding=\"async\" class=\"alignnone size-full wp-image-20254\" src=\"http:\/\/insideamateurfussball-ffm.de\/wp-content\/uploads\/2024\/08\/o-kaichen.jpeg\" alt=\"\" width=\"88\" height=\"99\" \/><\/p>\n<p>Die Spvgg. 03 Fechenheim findet zur alten Heimst\u00e4rke zur\u00fcck, im f\u00fcnften Heimspiel gab es den vierten Heimsieg in Folge, nachdem man den Saisonauftakt zu Hause gegen den FC Tempo verloren hatte. In einem einseitigen Spiel gegen den Aufsteiger FC Kaichen konnten sich beim 6:1-Sieg sechs verschiedene Spieler in die Torsch\u00fctzenliste eintragen lassen, auch ein Zeichen f\u00fcr die gewachsene Flexibilit\u00e4t in der Offensive. Ab der 1.Minute hatten die Gastgeber nach Aussagen ihres Interimstrainers Asghar Ali-Jaali \u201edas Spiel voll im Griff\u201c, erspielten sich viele Torchancen, kamen aber nur zu einem Tor. Und es dauerte dabei bis zur 44.Minute, ehe Ouassim Ouass mit einer Direktabnahme nach einem Eckball von Felix Casalino die Halbzeitf\u00fchrung erzielen konnte.<\/p>\n<p>Nach der Pause waren die Fechenheimer dann offensiv sehr viel effizienter und die Tore fielen dann wie die reifen Fr\u00fcchte, Felix Casalino in der 51.Minute und Anas El Allaoui in der 59.Minute erh\u00f6hten auf 3:0, ehe Yassin Chaouki in der 67.Minute und der eingewechselte Roberto Martins Pereira in der 72.Minute das Ergebnis auf 5:0 schraubten. In der Schlussphase erh\u00f6hte dann Kaleab Eyassu in der 85.Miunte auf 6:0, ehe die G\u00e4ste aus Kaichen nach einer Unaufmerksamkeit der Gastgeber im Gegenzug durch Tim Kraft den Ehrentreffer erzielen konnten.<\/p>\n<p>Fechenheims Trainer Al-Jaali war zufrieden: \u201ees hat vieles geklappt, wir haben diesmal wenig Fehler gemacht und die Konzentration \u00fcber das gesamte Spiel hochgehalten. Der Matchplan ging zu 100% auf und wir h\u00e4tten auch h\u00f6her gewinnen k\u00f6nnen. Es war eine geschlossene Mannschaftsleistung aller eingesetzten Spieler.\u201c Am n\u00e4chsten Wochenende d\u00fcrfen die Fechenheimer dann in Frankfurt bleiben, sie m\u00fcssen ausw\u00e4rts beim SV Bosnien\/Herzegowina ran.<\/p>\n<h4>Schiedsrichter: Christian Grieninger (FC Waldems). Zuschauer: 150.<\/h4>\n<h4>Tore: 1:0 Ouassim Ouass (44.), 2:0 Felix Casalino (51.), 3:0 Anas El Allaoui (59.), 4:0 Yassin Chaouki (67.), 5:0 Roberto Martins Pereira (72.), 6:0 Kaleab Eyassu (85.), 6:1 Tim Kraft (86.)<\/h4>\n","protected":false},"excerpt":{"rendered":"<p>Die Spvgg. 03 Fechenheim kommt in dieser Saison so langsam in Schwung und schickte den Aufsteiger FC Kaichen mit 6:1 nach Hause. Mit dem vierten Saisonsieg sprangen die Frankfurter auf den 5.Tabellenplatz. Spvgg. 03 Fechenheim &#8211; FC Kaichen 6:1 (1:0) Die Spvgg. 03 Fechenheim findet zur alten Heimst\u00e4rke zur\u00fcck, im f\u00fcnften Heimspiel gab es den [&hellip;]<\/p>\n","protected":false},"author":3,"featured_media":20225,"comment_status":"closed","ping_status":"open","sticky":true,"template":"","format":"standard","meta":{"footnotes":""},"categories":[13],"tags":[],"class_list":["post-20992","post","type-post","status-publish","format-standard","has-post-thumbnail","hentry","category-gruppenliga-frankfurt-west"],"_links":{"self":[{"href":"https:\/\/insideamateurfussball-ffm.de\/index.php?rest_route=\/wp\/v2\/posts\/20992","targetHints":{"allow":["GET"]}}],"collection":[{"href":"https:\/\/insideamateurfussball-ffm.de\/index.php?rest_route=\/wp\/v2\/posts"}],"about":[{"href":"https:\/\/insideamateurfussball-ffm.de\/index.php?rest_route=\/wp\/v2\/types\/post"}],"author":[{"embeddable":true,"href":"https:\/\/insideamateurfussball-ffm.de\/index.php?rest_route=\/wp\/v2\/users\/3"}],"replies":[{"embeddable":true,"href":"https:\/\/insideamateurfussball-ffm.de\/index.php?rest_route=%2Fwp%2Fv2%2Fcomments&post=20992"}],"version-history":[{"count":2,"href":"https:\/\/insideamateurfussball-ffm.de\/index.php?rest_route=\/wp\/v2\/posts\/20992\/revisions"}],"predecessor-version":[{"id":20994,"href":"https:\/\/insideamateurfussball-ffm.de\/index.php?rest_route=\/wp\/v2\/posts\/20992\/revisions\/20994"}],"wp:featuredmedia":[{"embeddable":true,"href":"https:\/\/insideamateurfussball-ffm.de\/index.php?rest_route=\/wp\/v2\/media\/20225"}],"wp:attachment":[{"href":"https:\/\/insideamateurfussball-ffm.de\/index.php?rest_route=%2Fwp%2Fv2%2Fmedia&parent=20992"}],"wp:term":[{"taxonomy":"category","embeddable":true,"href":"https:\/\/insideamateurfussball-ffm.de\/index.php?rest_route=%2Fwp%2Fv2%2Fcategories&post=20992"},{"taxonomy":"post_tag","embeddable":true,"href":"https:\/\/insideamateurfussball-ffm.de\/index.php?rest_route=%2Fwp%2Fv2%2Ftags&post=20992"}],"curies":[{"name":"wp","href":"https:\/\/api.w.org\/{rel}","templated":true}]}}