{"id":20978,"date":"2024-09-16T10:45:00","date_gmt":"2024-09-16T08:45:00","guid":{"rendered":"https:\/\/insideamateurfussball-ffm.de\/?p=20978"},"modified":"2024-09-16T15:18:00","modified_gmt":"2024-09-16T13:18:00","slug":"zeilsheim-nach-82-sieg-tabellenfuehrer","status":"publish","type":"post","link":"https:\/\/insideamateurfussball-ffm.de\/?p=20978","title":{"rendered":"Zeilsheim nach 8:2-Sieg Tabellenf\u00fchrer"},"content":{"rendered":"<h4>Der SV Zeilsheim \u00fcbernahm in der Verbandsliga Mitte nach dem 8:2-Kantersieg gegen den FC Burgsolms die Tabellenspitze und l\u00f6ste die spielfreien Sportfreunde\/Blau-Gelb Marburg ab.<\/h4>\n<figure id=\"attachment_20979\" aria-describedby=\"caption-attachment-20979\" style=\"width: 1080px\" class=\"wp-caption alignnone\"><img loading=\"lazy\" decoding=\"async\" class=\"wp-image-20979 size-full\" src=\"http:\/\/insideamateurfussball-ffm.de\/wp-content\/uploads\/2024\/09\/Zeil-Burg.jpg\" alt=\"\" width=\"1080\" height=\"1350\" srcset=\"https:\/\/insideamateurfussball-ffm.de\/wp-content\/uploads\/2024\/09\/Zeil-Burg.jpg 1080w, https:\/\/insideamateurfussball-ffm.de\/wp-content\/uploads\/2024\/09\/Zeil-Burg-240x300.jpg 240w, https:\/\/insideamateurfussball-ffm.de\/wp-content\/uploads\/2024\/09\/Zeil-Burg-819x1024.jpg 819w, https:\/\/insideamateurfussball-ffm.de\/wp-content\/uploads\/2024\/09\/Zeil-Burg-768x960.jpg 768w\" sizes=\"auto, (max-width: 1080px) 100vw, 1080px\" \/><figcaption id=\"caption-attachment-20979\" class=\"wp-caption-text\">Jubel im Zeilsheimer Kreis. Foto: Facebook\/SV Zeilsheim.<\/figcaption><\/figure>\n<h4><strong>SV Zeilsheim &#8211; FC Burgsolms 8:2 (3:1)<\/strong><\/h4>\n<h4><strong><img loading=\"lazy\" decoding=\"async\" class=\"alignnone size-full wp-image-1153\" src=\"http:\/\/insideamateurfussball-ffm.de\/wp-content\/uploads\/2022\/07\/SVZe.jpg\" alt=\"\" width=\"68\" height=\"80\" \/> <img loading=\"lazy\" decoding=\"async\" class=\"alignnone size-full wp-image-13135\" src=\"http:\/\/insideamateurfussball-ffm.de\/wp-content\/uploads\/2023\/10\/burgsolms.jpg\" alt=\"\" width=\"66\" height=\"80\" \/><\/strong><\/h4>\n<p>Fulminanter Heimsieg f\u00fcr die Zeilsheimer, die trotz des Umbaus der kompletten Abwehr und vielen Rotationen auf dem heimischen Kunstrasenplatz an der Lenzenbergstra\u00dfe den h\u00f6chsten Saisonsieg feierte. Im Tor stand erstmals Neuzugang Ben K\u00e4uper aus der U19 des SV Werder Bremen versenkte Spielmacher Andre Flie\u00df in den ersten Aktionen einen Freisto\u00df zum 1:0 (2.).<\/p>\n<p>Die G\u00e4ste nutzten anf\u00e4ngliche Unsicherheiten in der Defensive der Hausherren durch Patrick Schmidt zum Ausgleich (8.). Dorian Miric (24.) und Flie\u00df (28.) waren dann in der Offensive nicht zu stoppen, sodass es 3:1 zur Halbzeit hie\u00df.<\/p>\n<blockquote>\n<h4><strong>N\u00e4chstes Ausw\u00e4rtsspiel in Breidenbach\u00a0<\/strong><\/h4>\n<\/blockquote>\n<p>Nach dem Seitenwechsel erh\u00f6hte Kapit\u00e4n und Torj\u00e4ger Samed G\u00fcrsoy auf 4:1 (52.). Arian Selmani (59.) markierte das 5:1 (64.). Zwar verk\u00fcrzten die G\u00e4ste aus Mittelhessen noch auf 5:2 durch Davon Ferdek (69.), doch in der Schlussphase trafen mit Dominik Ortega (73.), Levin Pekcan (79.) und Patryk Kuras (85.) noch drei Einwechselspieler.<\/p>\n<p>Unter der Woche war Zeilsheim im Kreispokal bei der SG Bremthal kampflos weiter gekommen. N\u00e4chsten Sonntag geht es dann ausw\u00e4rts zum FV Breidenbach (15 Uhr).<\/p>\n<blockquote>\n<h4><strong>Schiedsrichter: Mark Uffelmann (Germania Rothenbergen). Tore: 1:0 Andre Flie\u00df (2.), 1:1 Patrick Schmidt (8.), 2:1 Dorian Miric (24.), 3:1 Andre Flie\u00df (28.), 4:1 Abdussamed G\u00fcrsoy (52.), 5:1 Arian Selmani (59.), 5:2 Davon Angelo Ferdek (69.), 6:2 Dominik Ortega Tapia (73.), 7:2 Levin Pekcan (79.), 8:2 Patryk Kuras (85.).\u00a0\u00a0<\/strong><\/h4>\n<\/blockquote>\n","protected":false},"excerpt":{"rendered":"<p>Der SV Zeilsheim \u00fcbernahm in der Verbandsliga Mitte nach dem 8:2-Kantersieg gegen den FC Burgsolms die Tabellenspitze und l\u00f6ste die spielfreien Sportfreunde\/Blau-Gelb Marburg ab. SV Zeilsheim &#8211; FC Burgsolms 8:2 (3:1) Fulminanter Heimsieg f\u00fcr die Zeilsheimer, die trotz des Umbaus der kompletten Abwehr und vielen Rotationen auf dem heimischen Kunstrasenplatz an der Lenzenbergstra\u00dfe den h\u00f6chsten [&hellip;]<\/p>\n","protected":false},"author":1,"featured_media":20979,"comment_status":"closed","ping_status":"closed","sticky":true,"template":"","format":"standard","meta":{"footnotes":""},"categories":[32],"tags":[],"class_list":["post-20978","post","type-post","status-publish","format-standard","has-post-thumbnail","hentry","category-verbandsliga-mitte"],"_links":{"self":[{"href":"https:\/\/insideamateurfussball-ffm.de\/index.php?rest_route=\/wp\/v2\/posts\/20978","targetHints":{"allow":["GET"]}}],"collection":[{"href":"https:\/\/insideamateurfussball-ffm.de\/index.php?rest_route=\/wp\/v2\/posts"}],"about":[{"href":"https:\/\/insideamateurfussball-ffm.de\/index.php?rest_route=\/wp\/v2\/types\/post"}],"author":[{"embeddable":true,"href":"https:\/\/insideamateurfussball-ffm.de\/index.php?rest_route=\/wp\/v2\/users\/1"}],"replies":[{"embeddable":true,"href":"https:\/\/insideamateurfussball-ffm.de\/index.php?rest_route=%2Fwp%2Fv2%2Fcomments&post=20978"}],"version-history":[{"count":1,"href":"https:\/\/insideamateurfussball-ffm.de\/index.php?rest_route=\/wp\/v2\/posts\/20978\/revisions"}],"predecessor-version":[{"id":20980,"href":"https:\/\/insideamateurfussball-ffm.de\/index.php?rest_route=\/wp\/v2\/posts\/20978\/revisions\/20980"}],"wp:featuredmedia":[{"embeddable":true,"href":"https:\/\/insideamateurfussball-ffm.de\/index.php?rest_route=\/wp\/v2\/media\/20979"}],"wp:attachment":[{"href":"https:\/\/insideamateurfussball-ffm.de\/index.php?rest_route=%2Fwp%2Fv2%2Fmedia&parent=20978"}],"wp:term":[{"taxonomy":"category","embeddable":true,"href":"https:\/\/insideamateurfussball-ffm.de\/index.php?rest_route=%2Fwp%2Fv2%2Fcategories&post=20978"},{"taxonomy":"post_tag","embeddable":true,"href":"https:\/\/insideamateurfussball-ffm.de\/index.php?rest_route=%2Fwp%2Fv2%2Ftags&post=20978"}],"curies":[{"name":"wp","href":"https:\/\/api.w.org\/{rel}","templated":true}]}}