{"id":20950,"date":"2024-09-15T10:41:05","date_gmt":"2024-09-15T08:41:05","guid":{"rendered":"https:\/\/insideamateurfussball-ffm.de\/?p=20950"},"modified":"2024-09-16T15:29:27","modified_gmt":"2024-09-16T13:29:27","slug":"concordia-ewartet-straffes-nachholprogramm","status":"publish","type":"post","link":"https:\/\/insideamateurfussball-ffm.de\/?p=20950","title":{"rendered":"Concordia erwartet straffes Nachholprogramm"},"content":{"rendered":"<h4>Die Begegnung zwischen Concordia Eschersheim und der Spvgg. 02 Griesheim findet am heutigen Sonntag nicht statt. Nach wie vor ist die Renovierung des Kunstrasenplatzes nicht fertiggestellt und der kleine Rasenplatz ist nicht bespielbar.<\/h4>\n<figure id=\"attachment_20951\" aria-describedby=\"caption-attachment-20951\" style=\"width: 969px\" class=\"wp-caption alignnone\"><img loading=\"lazy\" decoding=\"async\" class=\"wp-image-20951\" src=\"http:\/\/insideamateurfussball-ffm.de\/wp-content\/uploads\/2024\/09\/Rosegger-II.jpg\" alt=\"\" width=\"969\" height=\"727\" srcset=\"https:\/\/insideamateurfussball-ffm.de\/wp-content\/uploads\/2024\/09\/Rosegger-II.jpg 960w, https:\/\/insideamateurfussball-ffm.de\/wp-content\/uploads\/2024\/09\/Rosegger-II-300x225.jpg 300w, https:\/\/insideamateurfussball-ffm.de\/wp-content\/uploads\/2024\/09\/Rosegger-II-768x576.jpg 768w\" sizes=\"auto, (max-width: 969px) 100vw, 969px\" \/><figcaption id=\"caption-attachment-20951\" class=\"wp-caption-text\">Am Rosegger kann auch heute nicht gespielt werden. Foto: Archiv PA.<\/figcaption><\/figure>\n<h4><strong>Concordia Eschersheim &#8211; Spvgg. 02 Griesheim abgesagt\u00a0<\/strong><\/h4>\n<p><img loading=\"lazy\" decoding=\"async\" class=\"alignnone size-full wp-image-37\" src=\"http:\/\/insideamateurfussball-ffm.de\/wp-content\/uploads\/2021\/11\/1sv07_news2_4178_01_01_02.jpg\" alt=\"\" width=\"80\" height=\"80\" \/><img loading=\"lazy\" decoding=\"async\" class=\"alignnone size-full wp-image-14\" src=\"http:\/\/insideamateurfussball-ffm.de\/wp-content\/uploads\/2021\/11\/SpVgg._02_Griesheim_02.jpg\" alt=\"\" width=\"100\" height=\"100\" \/><\/p>\n<p>Damit hinken die Concorden in der Tabelle weiter hinterher. Die Eschersheimer haben erst vier Spiele absolvieren k\u00f6nnen, dabei zwei Punkte geholt und kurioserweise mit dem Torverh\u00e4ltnis von 4:6 gemeinsam mit Aufsteiger Germania Enkheim die wenigsten Gegentore.<\/p>\n<p>In den kommenden Wochen erwartet die aktuell auf dem letzten Tabellenplatz stehende Concordia ein straffes Nachholprogramm. Sollte der Kunstrasen bis dahin freigegeben worden sein, wird am kommenden Donnerstag um 20 Uhr gegen die SG Bornheim\/Gr\u00fcn-Wei\u00df II gespielt.<\/p>\n<h4><strong>Kein Flutlicht auf dem Rasen\u00a0<\/strong><\/h4>\n<p>Die Partie gegen den FC Kosova ist f\u00fcr den 17. Oktober (20 Uhr) angesetzt, f\u00fcr das Griesheim-Spiel liegt noch kein Termin vor. Trainer Roland Stipp hatte uns schon vorletzte Woche auf die Gef\u00e4hrlichkeit der Austragung von Spielen beim derzeitigen Zustand des Rasenplatzes aufmerksam gemacht.<\/p>\n<p>Auch ein geregelter Trainingsbetrieb sei angesichts der immer fr\u00fcher einbrechenden Dunkelheit derzeit nicht m\u00f6glich. Der Rasenplatz verf\u00fcgt \u00fcber keine Flutlichtanlage.<\/p>\n","protected":false},"excerpt":{"rendered":"<p>Die Begegnung zwischen Concordia Eschersheim und der Spvgg. 02 Griesheim findet am heutigen Sonntag nicht statt. Nach wie vor ist die Renovierung des Kunstrasenplatzes nicht fertiggestellt und der kleine Rasenplatz ist nicht bespielbar. Concordia Eschersheim &#8211; Spvgg. 02 Griesheim abgesagt\u00a0 Damit hinken die Concorden in der Tabelle weiter hinterher. Die Eschersheimer haben erst vier Spiele [&hellip;]<\/p>\n","protected":false},"author":1,"featured_media":20951,"comment_status":"closed","ping_status":"closed","sticky":true,"template":"","format":"standard","meta":{"footnotes":""},"categories":[2],"tags":[],"class_list":["post-20950","post","type-post","status-publish","format-standard","has-post-thumbnail","hentry","category-kreisoberliga-frankfurt"],"_links":{"self":[{"href":"https:\/\/insideamateurfussball-ffm.de\/index.php?rest_route=\/wp\/v2\/posts\/20950","targetHints":{"allow":["GET"]}}],"collection":[{"href":"https:\/\/insideamateurfussball-ffm.de\/index.php?rest_route=\/wp\/v2\/posts"}],"about":[{"href":"https:\/\/insideamateurfussball-ffm.de\/index.php?rest_route=\/wp\/v2\/types\/post"}],"author":[{"embeddable":true,"href":"https:\/\/insideamateurfussball-ffm.de\/index.php?rest_route=\/wp\/v2\/users\/1"}],"replies":[{"embeddable":true,"href":"https:\/\/insideamateurfussball-ffm.de\/index.php?rest_route=%2Fwp%2Fv2%2Fcomments&post=20950"}],"version-history":[{"count":3,"href":"https:\/\/insideamateurfussball-ffm.de\/index.php?rest_route=\/wp\/v2\/posts\/20950\/revisions"}],"predecessor-version":[{"id":20981,"href":"https:\/\/insideamateurfussball-ffm.de\/index.php?rest_route=\/wp\/v2\/posts\/20950\/revisions\/20981"}],"wp:featuredmedia":[{"embeddable":true,"href":"https:\/\/insideamateurfussball-ffm.de\/index.php?rest_route=\/wp\/v2\/media\/20951"}],"wp:attachment":[{"href":"https:\/\/insideamateurfussball-ffm.de\/index.php?rest_route=%2Fwp%2Fv2%2Fmedia&parent=20950"}],"wp:term":[{"taxonomy":"category","embeddable":true,"href":"https:\/\/insideamateurfussball-ffm.de\/index.php?rest_route=%2Fwp%2Fv2%2Fcategories&post=20950"},{"taxonomy":"post_tag","embeddable":true,"href":"https:\/\/insideamateurfussball-ffm.de\/index.php?rest_route=%2Fwp%2Fv2%2Ftags&post=20950"}],"curies":[{"name":"wp","href":"https:\/\/api.w.org\/{rel}","templated":true}]}}