{"id":20939,"date":"2024-09-14T15:00:00","date_gmt":"2024-09-14T13:00:00","guid":{"rendered":"https:\/\/insideamateurfussball-ffm.de\/?p=20939"},"modified":"2024-09-15T09:45:44","modified_gmt":"2024-09-15T07:45:44","slug":"santonastaso-uebernimmt-traineramt-bei-den-speuzern","status":"publish","type":"post","link":"https:\/\/insideamateurfussball-ffm.de\/?p=20939","title":{"rendered":"Santonastaso \u00fcbernimmt Traineramt bei den Speuzern"},"content":{"rendered":"<h4>Der FFV Sportfreunde 04 vermeldet einen neuen Trainer, Marco Santonastaso leitete am Donnerstag erstmals das Training der Speuzer und \u00fcbernimmt das Amt von Ramzi Kallel, der am Donnerstag letzter Woche nach dem Spiel gegen den 1.FC-TSG K\u00f6nigstein zur\u00fcckgetreten war.<\/h4>\n<figure id=\"attachment_20940\" aria-describedby=\"caption-attachment-20940\" style=\"width: 2560px\" class=\"wp-caption alignnone\"><img loading=\"lazy\" decoding=\"async\" class=\"wp-image-20940 size-full\" src=\"http:\/\/insideamateurfussball-ffm.de\/wp-content\/uploads\/2024\/09\/TrainerMarco-scaled.jpg\" alt=\"\" width=\"2560\" height=\"1776\" srcset=\"https:\/\/insideamateurfussball-ffm.de\/wp-content\/uploads\/2024\/09\/TrainerMarco-scaled.jpg 2560w, https:\/\/insideamateurfussball-ffm.de\/wp-content\/uploads\/2024\/09\/TrainerMarco-300x208.jpg 300w, https:\/\/insideamateurfussball-ffm.de\/wp-content\/uploads\/2024\/09\/TrainerMarco-1024x710.jpg 1024w, https:\/\/insideamateurfussball-ffm.de\/wp-content\/uploads\/2024\/09\/TrainerMarco-768x533.jpg 768w, https:\/\/insideamateurfussball-ffm.de\/wp-content\/uploads\/2024\/09\/TrainerMarco-1536x1065.jpg 1536w, https:\/\/insideamateurfussball-ffm.de\/wp-content\/uploads\/2024\/09\/TrainerMarco-2048x1420.jpg 2048w\" sizes=\"auto, (max-width: 2560px) 100vw, 2560px\" \/><figcaption id=\"caption-attachment-20940\" class=\"wp-caption-text\">Marco Santonastaso, neuer Trainer bei den Speuzern. Grafik: Mithat G\u00fcrser<\/figcaption><\/figure>\n<p><img loading=\"lazy\" decoding=\"async\" class=\"alignnone size-full wp-image-141\" src=\"http:\/\/insideamateurfussball-ffm.de\/wp-content\/uploads\/2022\/05\/Speuzer.jpg\" alt=\"\" width=\"80\" height=\"80\" \/><\/p>\n<p>Nach der 0:2-Niederlage gegen den 1.FC-TSG K\u00f6nigstein trat Ramzi Kallel zur\u00fcck, beim Spiel gegen den FC Kalbach, das ebenfalls trotz guter Leistung mit 0:2 verloren wurde, \u00fcbernahm interimsweise Panagiotis Toumpas die Verantwortung an der Linie. Jetzt haben die FFV Sportfreunde 04 einen neuen Trainer gefunden: Marco Santonastaso.<\/p>\n<p>Santonastaso war bis Ende 2023 Trainer bei der Spvgg. 02 Griesheim und trat dort Anfang Dezember 2023 zur\u00fcck, um der im Tabellenkeller stehenden Griesheimer Mannschaft einen neuen Schub zu geben (inside berichtete). Zurzeit trainierte Santonastaso eine Jugendmannschaft bei der SG Bornheim, die er jetzt schweren Herzens verl\u00e4sst. Wie uns Santonastoso in einem Gespr\u00e4ch mitteilte, kam Vorstandsmitglied Wolfgang Kr\u00f6nung nach dem R\u00fccktritt von Kallel auf ihn zu und fragte, ob er das Amt \u00fcbernehmen w\u00fcrde. Nach kurzer Bedenkzeit sagte Santonastaso schlie\u00dflich zu und \u00fcbernimmt ein schweres Amt, denn nach dem Abstieg aus der Verbandsliga S\u00fcd mit 6 Punkten und nach einem erneuten Umbruch liegen die Speuzer auch in der Gruppenliga mit nur einem Punkt aus 7 Spielen am Tabellenende.<\/p>\n<p>Santonastaso: \u201eich bin fasziniert vom Herrenbereich und wollte dahin zur\u00fcck. Jetzt gilt es erst einmal, die K\u00f6pfe der Spieler freizubekommen, denn die Mannschaft hat seit knapp einem Jahr kein Pflichtspiel mehr gewonnen.\u201c Beim ersten Training am Donnerstag, an dem 17 Spieler teilnahmen, erkannte Santonastaso \u201eviel Qualit\u00e4t in der Mannschaft, es scheint eine Kopfsache zu sein. Die Spieler sollen wieder Spa\u00df haben und sich was trauen.\u201c Co-Trainer wird Vincenzo Mangiapane, der vor etwas l\u00e4ngerer Zeit Spieler bei der Spvgg. 02 Griesheim war und als Trainer einige Jugendmannschaften bei RW Frankfurt betreute.<\/p>\n<p>Santonastaso hofft, die vom vorherigen Trainer oft bem\u00e4ngelten Disziplinlosigkeiten in den Griff zu bekommen, man sucht auch derzeit noch nach neuen Spielern, die im Augenblick vereinslos sind. \u201eEs wird ein l\u00e4ngerer Prozess werden, aber die Saison ist noch am Anfang und es ist noch nicht aussichtslos.\u201c Da die Sportfreunde an diesem Woche spielfrei sind, hat der neue Trainer noch einige Trainingseinheiten, ehe es am n\u00e4chsten Wochenende zum schweren Spiel gegen den FC Neu-Anspach kommt.<\/p>\n","protected":false},"excerpt":{"rendered":"<p>Der FFV Sportfreunde 04 vermeldet einen neuen Trainer, Marco Santonastaso leitete am Donnerstag erstmals das Training der Speuzer und \u00fcbernimmt das Amt von Ramzi Kallel, der am Donnerstag letzter Woche nach dem Spiel gegen den 1.FC-TSG K\u00f6nigstein zur\u00fcckgetreten war. Nach der 0:2-Niederlage gegen den 1.FC-TSG K\u00f6nigstein trat Ramzi Kallel zur\u00fcck, beim Spiel gegen den FC [&hellip;]<\/p>\n","protected":false},"author":3,"featured_media":20940,"comment_status":"closed","ping_status":"open","sticky":true,"template":"","format":"standard","meta":{"footnotes":""},"categories":[13],"tags":[],"class_list":["post-20939","post","type-post","status-publish","format-standard","has-post-thumbnail","hentry","category-gruppenliga-frankfurt-west"],"_links":{"self":[{"href":"https:\/\/insideamateurfussball-ffm.de\/index.php?rest_route=\/wp\/v2\/posts\/20939","targetHints":{"allow":["GET"]}}],"collection":[{"href":"https:\/\/insideamateurfussball-ffm.de\/index.php?rest_route=\/wp\/v2\/posts"}],"about":[{"href":"https:\/\/insideamateurfussball-ffm.de\/index.php?rest_route=\/wp\/v2\/types\/post"}],"author":[{"embeddable":true,"href":"https:\/\/insideamateurfussball-ffm.de\/index.php?rest_route=\/wp\/v2\/users\/3"}],"replies":[{"embeddable":true,"href":"https:\/\/insideamateurfussball-ffm.de\/index.php?rest_route=%2Fwp%2Fv2%2Fcomments&post=20939"}],"version-history":[{"count":4,"href":"https:\/\/insideamateurfussball-ffm.de\/index.php?rest_route=\/wp\/v2\/posts\/20939\/revisions"}],"predecessor-version":[{"id":20946,"href":"https:\/\/insideamateurfussball-ffm.de\/index.php?rest_route=\/wp\/v2\/posts\/20939\/revisions\/20946"}],"wp:featuredmedia":[{"embeddable":true,"href":"https:\/\/insideamateurfussball-ffm.de\/index.php?rest_route=\/wp\/v2\/media\/20940"}],"wp:attachment":[{"href":"https:\/\/insideamateurfussball-ffm.de\/index.php?rest_route=%2Fwp%2Fv2%2Fmedia&parent=20939"}],"wp:term":[{"taxonomy":"category","embeddable":true,"href":"https:\/\/insideamateurfussball-ffm.de\/index.php?rest_route=%2Fwp%2Fv2%2Fcategories&post=20939"},{"taxonomy":"post_tag","embeddable":true,"href":"https:\/\/insideamateurfussball-ffm.de\/index.php?rest_route=%2Fwp%2Fv2%2Ftags&post=20939"}],"curies":[{"name":"wp","href":"https:\/\/api.w.org\/{rel}","templated":true}]}}