{"id":20936,"date":"2024-09-14T11:02:08","date_gmt":"2024-09-14T09:02:08","guid":{"rendered":"https:\/\/insideamateurfussball-ffm.de\/?p=20936"},"modified":"2024-09-15T09:45:07","modified_gmt":"2024-09-15T07:45:07","slug":"tempo-siegt-10-bei-bad-vilbel","status":"publish","type":"post","link":"https:\/\/insideamateurfussball-ffm.de\/?p=20936","title":{"rendered":"Tempo siegt 1:0 in Bad Vilbel"},"content":{"rendered":"<h4>Der erst zur Pause eingewechselte Nikola Dokovic erzielte in der 58.Minute das goldene Tor zum 1:0-Ausw\u00e4rtssieg des FC Tempo beim FV Bad Vilbel, wodurch sich die Frankfurter jetzt in der Tabelle an Bad Vilbel vorbeischoben.<\/h4>\n<figure id=\"attachment_20732\" aria-describedby=\"caption-attachment-20732\" style=\"width: 640px\" class=\"wp-caption alignnone\"><img loading=\"lazy\" decoding=\"async\" class=\"wp-image-20732 size-full\" src=\"http:\/\/insideamateurfussball-ffm.de\/wp-content\/uploads\/2024\/09\/tempooberrad08.jpg\" alt=\"\" width=\"640\" height=\"480\" srcset=\"https:\/\/insideamateurfussball-ffm.de\/wp-content\/uploads\/2024\/09\/tempooberrad08.jpg 640w, https:\/\/insideamateurfussball-ffm.de\/wp-content\/uploads\/2024\/09\/tempooberrad08-300x225.jpg 300w\" sizes=\"auto, (max-width: 640px) 100vw, 640px\" \/><figcaption id=\"caption-attachment-20732\" class=\"wp-caption-text\">Nach langer Durststrecke konnte der FC Tempo mal wieder gewinnen. Foto: Archiv MZ<\/figcaption><\/figure>\n<h4>FV Bad Vilbel &#8211; FC Tempo 0:1 (0:0)<\/h4>\n<p><img loading=\"lazy\" decoding=\"async\" class=\"alignnone size-full wp-image-146\" src=\"http:\/\/insideamateurfussball-ffm.de\/wp-content\/uploads\/2022\/05\/FV-Bad-Vilbel.jpg\" alt=\"\" width=\"80\" height=\"80\" \/><img loading=\"lazy\" decoding=\"async\" class=\"alignnone size-full wp-image-31\" src=\"http:\/\/insideamateurfussball-ffm.de\/wp-content\/uploads\/2021\/11\/Tempo.jpg\" alt=\"\" width=\"80\" height=\"80\" \/><\/p>\n<p>Beim FC Tempo war man vor dem Spiel angespannt, denn man konnte nur einen Punkt aus den letzten 5 Spielen holen, deshalb mussten Punkte her. Am Freitagabend unter Flutlicht beim FV Bad Vilbel sollte das in die Tat umgesetzt werden, was am Ende auch gelang. Auf dem \u201eschwer bespielbaren Rasenplatz\u201c, so Tempos Vorstandsmitglied Dajko Jaguzevic, entwickelte sich ein offenes Spiel mit wenigen Chancen, das Spiel bewegte sich in erster Linie zwischen den Strafr\u00e4umen. Tempos Torh\u00fcter Mihailo Kismanovic musste eine Freisto\u00dfchance der Gastgeber entsch\u00e4rfen, der FC Tempo konnte seine Konterchancen nicht gut zu Ende spielen.<\/p>\n<p>In der zweiten H\u00e4lfte kamen die G\u00e4ste aus Frankfurt dann zur 1:0-F\u00fchrung, der in der Halbzeit eingewechselte Nikola Dokovic konnte einen Eckball vom eine Minute vorher eingewechselten Nemanja Petos mit wuchtigem Kopfball zum 1:0 verwerten. Ein gl\u00fcckliches H\u00e4ndchen von Trainer Nenad Malbasa, dass zwei Joker am entscheidenden Tor beteiligt waren. Denn es blieb beim 1:0 f\u00fcr den FC Tempo, obwohl Tomislav Stekovic die gro\u00dfe Chance zum 2:0 vergab, als er freistehend an Bad Vilbels Torwart Max Schwuchow scheiterte. So mussten die G\u00e4ste noch bis zum Schluss um den Sieg zittern, der nach den Worten von Jaguzevic \u201eaus unserer Sicht verdient war\u201c.<\/p>\n<p>In der Tabelle konnte der FC Tempo den Tabellenkeller verlassen und steht jetzt mit 7 Punkten aus 7 Spielen auf Platz 12, durch das gewonnene Duell zog man auch an Bad Vilbel vorbei. Am n\u00e4chsten Samstag um 19:00 Uhr empf\u00e4ngt Tempo dann den FV Stierstadt.<\/p>\n<h4>Schiedsrichter: Jannis J\u00e4hnel (SG Hundstadt). Zuschauer: 140.<\/h4>\n<h4>Tore: 0:1 Nikola Dokovic (58.)<\/h4>\n","protected":false},"excerpt":{"rendered":"<p>Der erst zur Pause eingewechselte Nikola Dokovic erzielte in der 58.Minute das goldene Tor zum 1:0-Ausw\u00e4rtssieg des FC Tempo beim FV Bad Vilbel, wodurch sich die Frankfurter jetzt in der Tabelle an Bad Vilbel vorbeischoben. FV Bad Vilbel &#8211; FC Tempo 0:1 (0:0) Beim FC Tempo war man vor dem Spiel angespannt, denn man konnte [&hellip;]<\/p>\n","protected":false},"author":3,"featured_media":20732,"comment_status":"closed","ping_status":"open","sticky":true,"template":"","format":"standard","meta":{"footnotes":""},"categories":[13],"tags":[],"class_list":["post-20936","post","type-post","status-publish","format-standard","has-post-thumbnail","hentry","category-gruppenliga-frankfurt-west"],"_links":{"self":[{"href":"https:\/\/insideamateurfussball-ffm.de\/index.php?rest_route=\/wp\/v2\/posts\/20936","targetHints":{"allow":["GET"]}}],"collection":[{"href":"https:\/\/insideamateurfussball-ffm.de\/index.php?rest_route=\/wp\/v2\/posts"}],"about":[{"href":"https:\/\/insideamateurfussball-ffm.de\/index.php?rest_route=\/wp\/v2\/types\/post"}],"author":[{"embeddable":true,"href":"https:\/\/insideamateurfussball-ffm.de\/index.php?rest_route=\/wp\/v2\/users\/3"}],"replies":[{"embeddable":true,"href":"https:\/\/insideamateurfussball-ffm.de\/index.php?rest_route=%2Fwp%2Fv2%2Fcomments&post=20936"}],"version-history":[{"count":3,"href":"https:\/\/insideamateurfussball-ffm.de\/index.php?rest_route=\/wp\/v2\/posts\/20936\/revisions"}],"predecessor-version":[{"id":20945,"href":"https:\/\/insideamateurfussball-ffm.de\/index.php?rest_route=\/wp\/v2\/posts\/20936\/revisions\/20945"}],"wp:featuredmedia":[{"embeddable":true,"href":"https:\/\/insideamateurfussball-ffm.de\/index.php?rest_route=\/wp\/v2\/media\/20732"}],"wp:attachment":[{"href":"https:\/\/insideamateurfussball-ffm.de\/index.php?rest_route=%2Fwp%2Fv2%2Fmedia&parent=20936"}],"wp:term":[{"taxonomy":"category","embeddable":true,"href":"https:\/\/insideamateurfussball-ffm.de\/index.php?rest_route=%2Fwp%2Fv2%2Fcategories&post=20936"},{"taxonomy":"post_tag","embeddable":true,"href":"https:\/\/insideamateurfussball-ffm.de\/index.php?rest_route=%2Fwp%2Fv2%2Ftags&post=20936"}],"curies":[{"name":"wp","href":"https:\/\/api.w.org\/{rel}","templated":true}]}}